{"id":38743,"date":"2019-01-03T11:24:31","date_gmt":"2019-01-03T16:24:31","guid":{"rendered":"http:\/\/www.turistamagazine.com\/v2\/?p=38743"},"modified":"2019-01-03T11:24:31","modified_gmt":"2019-01-03T16:24:31","slug":"peru-inicia-preparacion-de-30-potenciales-especialistas-en-politica-comercial","status":"publish","type":"post","link":"https:\/\/www.turistamagazine.com\/v2\/?p=38743","title":{"rendered":"PER\u00da INICIA PREPARACI\u00d3N DE 30 POTENCIALES ESPECIALISTAS EN POL\u00cdTICA COMERCIAL"},"content":{"rendered":"<p style=\"text-align: justify;\">03\/01\/2019\/Lima.-\u00a0El Ministerio de Comercio Exterior y Turismo (Mincetur) inici\u00f3 hoy 03 de enero \u00a0la preparaci\u00f3n de 30 j\u00f3venes, estudiantes universitarios y egresados, con el objetivo de instruirlos en materia de pol\u00edtica comercial.<\/p>\n<p style=\"text-align: justify;\">El titular del Mincetur, Edgar V\u00e1squez, salud\u00f3 a los estudiantes que provienen de doce universidades y proceden de las carreras de Administraci\u00f3n (06), Derecho (02), Econom\u00eda (03) y Negociaciones Internacionales (19).<\/p>\n<p style=\"text-align: justify;\">Ellos forman parte de la sexta edici\u00f3n de <span style=\"color: #000080;\"><strong><em>\u201cCurso de Negociaciones Comerciales Internacionales\u201d<\/em><\/strong><\/span>, organizado por el Mincetur.<\/p>\n<p style=\"text-align: justify;\">Los j\u00f3venes pasaron un arduo proceso de evaluaci\u00f3n al superar a m\u00e1s de 300 postulantes a nivel nacional. Los ingresantes son 15 hombres y 15 mujeres.<\/p>\n<p style=\"text-align: justify;\">El ministro V\u00e1squez destac\u00f3 que, con la sexta edici\u00f3n de este curso, el Mincetur renueva su compromiso de contribuir a la formaci\u00f3n de profesionales con s\u00f3lidos conocimientos en comercio exterior y negociaciones comerciales internacionales, contando para el dictado de las materias con experimentados profesionales del sector.<\/p>\n<p style=\"text-align: justify;\">Asimismo, se desarrollar\u00e1n talleres de negociaci\u00f3n, estudio de casos y visitas especializadas.<\/p>\n<p style=\"text-align: justify;\"><span style=\"color: #000080;\"><strong><em>\u201cHoy estos j\u00f3venes inician un nuevo reto. Apostamos por ellos porque sabemos que son el futuro del pa\u00eds, y que solo fortaleciendo sus conocimientos lograremos tener profesionales especializados en el campo del comercio exterior y las negociaciones comerciales internacionales\u201d<\/em><\/strong><\/span>, sostuvo el ministro.<\/p>\n<p style=\"text-align: justify;\">Cabe indicar que estudiantes participantes en ediciones anteriores, por el excelente nivel mostrado, han postulado e ingresado a plazas para desarrollar pr\u00e1cticas pre-profesionales y tambi\u00e9n a plazas como funcionarios en el Mincetur y otros ministerios.<\/p>\n<p style=\"text-align: justify;\"><em><span style=\"color: #000080;\"><strong>SOBRE EL CURSO<\/strong><\/span><\/em><\/p>\n<p style=\"text-align: justify;\">La sexta edici\u00f3n del Curso de Negociaciones Comerciales Internacionales tiene una duraci\u00f3n de diez semanas. A trav\u00e9s de sesiones te\u00f3rico-pr\u00e1cticas, los j\u00f3venes podr\u00e1n potenciar sus conocimientos y comprender los procesos de negociaci\u00f3n e implementaci\u00f3n de acuerdos comerciales, as\u00ed como el desarrollo del comercio exterior.<\/p>\n<p style=\"text-align: justify;\"><span style=\"color: #000080;\"><strong><em>El curso se dicta en un horario extendido (de 9 am a 5 pm) y se lleva a cabo en las instalaciones del Cenfotur. Entre los temas que se desarrollar\u00e1n se encuentran las relacionadas al derecho econ\u00f3mico y del comercio internacional, econom\u00eda internacional, desarrollo y facilitaci\u00f3n de comercio, inteligencia comercial y materias de negociaci\u00f3n espec\u00edficas como acceso a mercados, reglas de origen, servicios, propiedad intelectual, entre otros.<\/em><\/strong><\/span><\/p>\n<p style=\"text-align: justify;\"><span style=\"color: #000080;\"><strong>DATOS<\/strong><\/span><\/p>\n<p style=\"text-align: justify;\">Los estudiantes son de la Universidad Nacional Mayor de San Marcos, Universidad de San Mart\u00edn de Porres, Universidad ESAN, Universidad Peruana de Ciencias Aplicadas , Universidad Ricardo Palma, Universidad Nacional de Educaci\u00f3n Enrique Guzm\u00e1n y Valle, Universidad Jos\u00e9 Faustino S\u00e1nchez Carri\u00f3n, Universidad Nacional del Callao, Universidad Nacional San Luis Gonzaga, y la Universidad San Ignacio de Loyola.<\/p>\n<p style=\"text-align: justify;\"><span style=\"color: #000080;\"><strong><em>El curso de Negociaciones Comerciales Internacionales es una iniciativa del Mincetur. Tuvo su primera edici\u00f3n en 2014.<\/em><\/strong><\/span><\/p>\n","protected":false},"excerpt":{"rendered":"<p>03\/01\/2019\/Lima.-\u00a0El Ministerio de Comercio Exterior y Turismo (Mincetur) inici\u00f3 hoy 03 de enero \u00a0la preparaci\u00f3n de 30 j\u00f3venes, estudiantes universitarios y egresados, con el objetivo de instruirlos en materia de pol\u00edtica comercial. El titular del Mincetur, Edgar V\u00e1squez, salud\u00f3 a los estudiantes que provienen de doce universidades y proceden de las carreras de Administraci\u00f3n (06), Derecho (02), Econom\u00eda (03) y Negociaciones Internacionales (19). Ellos forman parte de la sexta edici\u00f3n de \u201cCurso de Negociaciones Comerciales Internacionales\u201d, organizado por el Mincetur. Los j\u00f3venes pasaron un arduo proceso de evaluaci\u00f3n al superar a m\u00e1s de 300 postulantes a nivel nacional. Los ingresantes&#8230;<\/p>\n","protected":false},"author":1,"featured_media":38744,"comment_status":"open","ping_status":"open","sticky":false,"template":"","format":"standard","meta":{"footnotes":""},"categories":[4,82],"tags":[7635,7509,350,6132,749],"class_list":["post-38743","post","type-post","status-publish","format-standard","has-post-thumbnail","hentry","category-breaking-news","category-nacionales","tag-curso-de-negociaciones-comerciales-internacionales","tag-elenita-honores","tag-mincetur","tag-portal-de-noticias-turistamagazine","tag-turistamagazine"],"_links":{"self":[{"href":"https:\/\/www.turistamagazine.com\/v2\/index.php?rest_route=\/wp\/v2\/posts\/38743","targetHints":{"allow":["GET"]}}],"collection":[{"href":"https:\/\/www.turistamagazine.com\/v2\/index.php?rest_route=\/wp\/v2\/posts"}],"about":[{"href":"https:\/\/www.turistamagazine.com\/v2\/index.php?rest_route=\/wp\/v2\/types\/post"}],"author":[{"embeddable":true,"href":"https:\/\/www.turistamagazine.com\/v2\/index.php?rest_route=\/wp\/v2\/users\/1"}],"replies":[{"embeddable":true,"href":"https:\/\/www.turistamagazine.com\/v2\/index.php?rest_route=%2Fwp%2Fv2%2Fcomments&post=38743"}],"version-history":[{"count":1,"href":"https:\/\/www.turistamagazine.com\/v2\/index.php?rest_route=\/wp\/v2\/posts\/38743\/revisions"}],"predecessor-version":[{"id":38745,"href":"https:\/\/www.turistamagazine.com\/v2\/index.php?rest_route=\/wp\/v2\/posts\/38743\/revisions\/38745"}],"wp:featuredmedia":[{"embeddable":true,"href":"https:\/\/www.turistamagazine.com\/v2\/index.php?rest_route=\/wp\/v2\/media\/38744"}],"wp:attachment":[{"href":"https:\/\/www.turistamagazine.com\/v2\/index.php?rest_route=%2Fwp%2Fv2%2Fmedia&parent=38743"}],"wp:term":[{"taxonomy":"category","embeddable":true,"href":"https:\/\/www.turistamagazine.com\/v2\/index.php?rest_route=%2Fwp%2Fv2%2Fcategories&post=38743"},{"taxonomy":"post_tag","embeddable":true,"href":"https:\/\/www.turistamagazine.com\/v2\/index.php?rest_route=%2Fwp%2Fv2%2Ftags&post=38743"}],"curies":[{"name":"wp","href":"https:\/\/api.w.org\/{rel}","templated":true}]}}