{"id":38595,"date":"2018-12-26T19:12:19","date_gmt":"2018-12-27T00:12:19","guid":{"rendered":"http:\/\/www.turistamagazine.com\/v2\/?p=38595"},"modified":"2018-12-27T21:52:07","modified_gmt":"2018-12-28T02:52:07","slug":"fin-de-ano-en-viena-un-destino-de-lujo-ii","status":"publish","type":"post","link":"https:\/\/www.turistamagazine.com\/v2\/?p=38595","title":{"rendered":"FIN DE A\u00d1O EN VIENA, UN DESTINO DE LUJO (II)"},"content":{"rendered":"<p><span style=\"color: #000080;\"><strong><em>\u201cVolver al pasado para enmarcarlo en una simple lecci\u00f3n de c\u00f3mo hay que gestionar el desarrollo del turismo, es una verdadera satisfacci\u00f3n para quienes podemos hacerlo.\u201d\u00a0 <\/em><\/strong><\/span><\/p>\n<p style=\"text-align: center;\"><strong>\u00a0<\/strong><span style=\"color: #000080;\"><strong>HOFBURG SILVESTERBALL Y CONCIERTO DE A\u00d1O NUEVO, DOS PILARES HISTORICOS PARA EL TURISMO AUSTRIACO\u00a0 <\/strong><\/span><\/p>\n<p>&nbsp;<\/p>\n<p>Por. Antonio-Pedro Tejera Reyes*<\/p>\n<p><strong><em><span style=\"color: #000080;\">UNA VIEJA HISTORIA<\/span><\/em><\/strong><\/p>\n<p style=\"text-align: justify;\">Continuando con nuestra hist\u00f3rica relaci\u00f3n con la naci\u00f3n austriaca, la cual nos vali\u00f3, la <span style=\"color: #000080;\"><strong><em>Placa de Plata<\/em><\/strong><em> <strong>a t\u00edtulo individual<\/strong>,<\/em><\/span> del gobierno austriaco, y la <span style=\"color: #000080;\"><strong><em>Medalla Johan Strauss<\/em><\/strong> <\/span>de la ciudad de Viena, entre otros reconocimientos, vamos a ofrecer en esta nueva publicaci\u00f3n, otras experiencias vividas en el pasado a\u00f1o 2010, en este querido pa\u00eds, sin olvidar que <span style=\"color: #000080;\"><strong><em>\u201cvolver al pasado para enmarcarlo en una simple lecci\u00f3n de c\u00f3mo hay que gestionar el desarrollo del turismo,\u00a0 es para nosotros una satisfacci\u00f3n que no la cambiar\u00edamos por nada.\u201d<\/em><\/strong><\/span><\/p>\n<p style=\"text-align: justify;\"><span style=\"color: #000000;\">\u201cCorr\u00eda el a\u00f1o 1971, cuando en la ciudad de Caracas, capital de Venezuela, nos reun\u00edamos alrededor de la <span style=\"color: #000080;\"><em><strong>COTAL (Confederaci\u00f3n de Organizaciones Tur\u00edsticas de Am\u00e9rica Latina)<\/strong><\/em><\/span> algunos cientos de personas relacionadas con el movimiento del turismo mundial, en uno de los memorables encuentros que por aquellos a\u00f1os convocaba dicha asociaci\u00f3n, y donde comparec\u00edan todos los grandes empresarios del turismo mundial.\u201d\u2026<\/span><\/p>\n<p><a href=\"https:\/\/www.turistamagazine.com\/v2\/wp-content\/uploads\/2018\/12\/Viena.jpg\"><img decoding=\"async\" class=\"size-full wp-image-38597 aligncenter\" src=\"https:\/\/www.turistamagazine.com\/v2\/wp-content\/uploads\/2018\/12\/Viena.jpg\" alt=\"\" width=\"624\" height=\"130\" \/><\/a><\/p>\n<p style=\"text-align: justify;\">\u201cCon ese marco de referencias, en el moderno hotel, por aquel entonces, <span style=\"color: #000080;\"><strong><em>Caracas Hilton<\/em><\/strong><\/span>, en su <span style=\"color: #000080;\"><strong><em>Suite Candelaria <\/em><\/strong><\/span>\u2013 de tan evocador nombre para los canarios \u2013 conocimos el renacimiento del viejo <span style=\"color: #000080;\"><strong><em>KAISERBALL<\/em><\/strong> \u2013 <\/span><strong><em><span style=\"color: #000080;\">\u201cBaile del Emperador\u201d<\/span>,<\/em><\/strong> hoy adaptado a los tiempos, <strong><em><span style=\"color: #000080;\">HOFBURG SILVESTERBALL<\/span> <\/em><\/strong>\u2013 en la ciudad de Viena. El prestigioso y conocido hombre del turismo, tristemente fallecido, Oscar A. Dignose, que ostentaba el cargo de representante para Espa\u00f1a y Am\u00e9rica del departamento de turismo de la naci\u00f3n austriaca, nos dio a conocer en detalles el prestigioso acontecimiento, despertando en nosotros el inter\u00e9s de poder participar en tan se\u00f1alado lugar como un acto de promoci\u00f3n tur\u00edstica de Canarias en general, y de la isla de Tenerife en particular.<\/p>\n<p style=\"text-align: justify;\"><span style=\"color: #000080;\"><strong><em>Ah\u00ed naci\u00f3 la idea de enviar al Palacio Imperial de Hofburg \u2013 donde se celebraba el KAISERBALL \u2013 claveles canarios para decorar tan excelente e hist\u00f3rico marco.\u201d<\/em><\/strong><\/span><\/p>\n<p><strong>\u00a0<\/strong><\/p>\n<div id=\"attachment_38599\" style=\"width: 610px\" class=\"wp-caption aligncenter\"><a href=\"https:\/\/www.turistamagazine.com\/v2\/wp-content\/uploads\/2018\/12\/Salon.jpg\"><img decoding=\"async\" aria-describedby=\"caption-attachment-38599\" class=\"wp-image-38599\" src=\"https:\/\/www.turistamagazine.com\/v2\/wp-content\/uploads\/2018\/12\/Salon.jpg\" alt=\"\" width=\"600\" height=\"450\" \/><\/a><p id=\"caption-attachment-38599\" class=\"wp-caption-text\"><em><span style=\"color: #000080;\">Uno de los suntuosos salones del Palacio Imperial de Hofburg, Viena, durante la celebraci\u00f3n del SILVESTERBALL, el d\u00eda de Fin de A\u00f1o, acontecimiento mundial de muy especial relevancia para un turismo de una selecta categor\u00eda.<\/span><\/em><\/p><\/div>\n<p><em><span style=\"color: #000080;\"><strong>VIENA NUEVAMENTE<\/strong><\/span><\/em><\/p>\n<p style=\"text-align: justify;\"><strong>\u00a0<\/strong>Con una contenida emoci\u00f3n ba\u00f1ada de los recuerdos de las pasadas estancias en la naci\u00f3n austriaca, el recorrido a trav\u00e9s de la Avenida del Ring, que realizamos uno de los d\u00edas de nuestra estancia invernal en Viena, nos permiti\u00f3 fotografiar la majestuosidad del Danubio y sus cl\u00e1sicas construcciones, como la Iglesia de San Carlos, el Parlamento, el Ayuntamiento, el Palacio de Sch\u00f6nbrunn, la Universidad, etc.<\/p>\n<p style=\"text-align: justify;\">Como hemos comentado en nuestro anterior reportaje, acompa\u00f1ando una fotograf\u00eda tomada con nuestra c\u00e1mara, destacable fue el d\u00eda que visitamos y disfrutamos, el t\u00edpico almuerzo austriaco degustado en el hist\u00f3rico restaurante <span style=\"color: #000080;\"><strong><em>Griechenbeisl \u201cuna reliquia de la antigua Viena\u201d<\/em><\/strong> <\/span>cuya historia se remonta al Siglo XV, a\u00f1o 1447, que siempre ha conservado su car\u00e1cter de taberna, y donde <span style=\"color: #000080;\"><strong><em>sus viejas y bien conservadas paredes fueron testigos de la presencia de ilustres pol\u00edticos, eruditos y artistas de otros tiempos, como Beethoven, Schubert, Straus, Brahms,<\/em><\/strong> <strong><em>Mark Twain,<\/em><\/strong><\/span><\/p>\n<p style=\"text-align: justify;\"><span style=\"color: #000080;\"><strong><em>\u2026 algunos de los cuales dan nombre a sus recoletos peque\u00f1os salones donde \u201cvivieron inmersos\u2026 en un sue\u00f1o y sintieron el eterno esp\u00edritu de los siglos pasados\u2026\u201d<\/em><\/strong><\/span><\/p>\n<div id=\"attachment_38601\" style=\"width: 610px\" class=\"wp-caption aligncenter\"><a href=\"https:\/\/www.turistamagazine.com\/v2\/wp-content\/uploads\/2018\/12\/Krems.jpg\"><img decoding=\"async\" aria-describedby=\"caption-attachment-38601\" class=\"wp-image-38601\" src=\"https:\/\/www.turistamagazine.com\/v2\/wp-content\/uploads\/2018\/12\/Krems.jpg\" alt=\"Esta es la estampa que nos ofrec\u00eda Krems, a nuestra llegada, cargadas sus calles peatonales de los mas t\u00edpicos elementos para recordarnos nuestra condici\u00f3n de turista, donde alrededor de su cl\u00e1sico clima invernal de Diciembre, nos eran ofrecidas todas las variedad que pudiesen despertar nuestro instinto gastron\u00f3mico, el deseo del souvenir y la simple curiosidad de oir al m\u00fasico callejero abri- gado de arriba abajo. F\/Tejera Reyes.. \" width=\"600\" height=\"450\" \/><\/a><p id=\"caption-attachment-38601\" class=\"wp-caption-text\"><em><span style=\"color: #000080;\"><span style=\"color: #000080;\">Esta es la estampa que nos ofrec\u00eda Krems, a nuestra llegada, cargadas sus calles peatonales de los mas t\u00edpicos elementos para recordarnos nuestra condici\u00f3n de turista, donde alrededor de su cl\u00e1sico clima invernal de Diciembre, nos eran ofrecidas todas las variedades que pudiesen despertar nuestro instinto gastron\u00f3mico, el deseo de los souvenirs y la simple curiosidad de o\u00edr\u00a0al m\u00fasico callejero abrigado de arriba abajo. F\/Tejera Reyes.. \u00a0<\/span><\/span><\/em><\/p><\/div>\n<p style=\"text-align: justify;\"><strong><em>\u00a0<\/em><\/strong>Las llanuras de la comarca de Wachau, nos llevar\u00edan primero hasta la localidad de Krems, pasando por campos de vi\u00f1edos trepando por sus monta\u00f1as que nos recordaban los antiguos campos labrados por los canarios en las m\u00e1s dif\u00edciles condiciones, y hoy abandonados, pero que all\u00ed en Austria, son la base de su prestigioso vino, un deleite para paladares refinados y \u00a0exigentes.<\/p>\n<p style=\"text-align: justify;\"><em><strong><span style=\"color: #000080;\">Krems,<\/span><\/strong><\/em> es un ejemplo de c\u00f3mo tratar a un turismo de lujo. Sus fr\u00edas calles, en esta \u00e9poca del a\u00f1o, eran una constante corriente de personajes con costosas prendas de abrigo, y estampas originales en sus escaparates y expositores callejeros, tiendas de ropas, souvenirs, restaurantes, bares, supermercados, etc. todo en un armonioso conjunto debidamente ordenado y limpio, con un paseo peatonal preparado precisamente para acoger al visitante.<\/p>\n<div id=\"attachment_38603\" style=\"width: 610px\" class=\"wp-caption aligncenter\"><a href=\"https:\/\/www.turistamagazine.com\/v2\/wp-content\/uploads\/2018\/12\/Abad\u00eda-de-Melk.jpg\"><img decoding=\"async\" aria-describedby=\"caption-attachment-38603\" class=\"wp-image-38603\" src=\"https:\/\/www.turistamagazine.com\/v2\/wp-content\/uploads\/2018\/12\/Abad\u00eda-de-Melk.jpg\" alt=\"\" width=\"600\" height=\"450\" \/><\/a><p id=\"caption-attachment-38603\" class=\"wp-caption-text\"><em><span style=\"color: #000080;\">Ante la Abad\u00eda de Melk, <strong>\u201cla cuna de Austria\u201d<\/strong>, un hist\u00f3rico enclave donde el turismo austriaco ha encontrado un extraordinario recurso para su promoci\u00f3n tur\u00edstico-cultural, que actualmente va despegando en todo el mundo con los seguros pasos de su innegable valor como la f\u00f3rmula ideal de la consecuci\u00f3n de la paz.<\/span><\/em><\/p><\/div>\n<p style=\"text-align: justify;\"><em><strong><span style=\"color: #000080;\">La Abad\u00eda de Melk,<\/span><\/strong><\/em> fue el punto final de este paseo matinal ese d\u00eda, donde pudimos recorrer todas las dependencias de este monasterio benedictino, conocido como <span style=\"color: #000080;\"><strong><em>\u201cLa cuna de Austria\u201d<\/em><\/strong><\/span> una grandiosa construcci\u00f3n barroca, donde es justo destacar su impresionante biblioteca, y las vistas panor\u00e1micas que se pueden disfrutar desde todas sus instalaciones.<\/p>\n<p style=\"text-align: center;\"><span style=\"color: #000080;\"><strong><em>El Museo De Sisi, Los Apartamentos Imperiales, La Camara Del Tesoro, La Opera, Y El Hofburg Silvesterball<\/em><\/strong><\/span><\/p>\n<div id=\"attachment_38604\" style=\"width: 610px\" class=\"wp-caption aligncenter\"><a href=\"https:\/\/www.turistamagazine.com\/v2\/wp-content\/uploads\/2018\/12\/Salones-Imperiales.jpg\"><img decoding=\"async\" aria-describedby=\"caption-attachment-38604\" class=\"wp-image-38604\" src=\"https:\/\/www.turistamagazine.com\/v2\/wp-content\/uploads\/2018\/12\/Salones-Imperiales.jpg\" alt=\"Los Apartamentos Imperiales de Viena, est\u00e1n hoy convertidos en un extraordinario museo, donde podemos ver hasta estas estampas del gimnasio que utilizaba la princesa Sissi, en uno de sus m\u00faltiples departamentos convertidos en una atracci\u00f3n tur\u00edstica del mayor nivel internacional\" width=\"600\" height=\"400\" \/><\/a><p id=\"caption-attachment-38604\" class=\"wp-caption-text\"><span style=\"color: #000080;\"><em>Los Apartamentos Imperiales de Viena, est\u00e1n hoy convertidos en un extraordinario museo, donde podemos ver hasta estas estampas del gimnasio que utilizaba la princesa Sissi, en uno de sus m\u00faltiples departamentos convertidos en una atracci\u00f3n tur\u00edstica del mayor nivel internacional<\/em><\/span><\/p><\/div>\n<p style=\"text-align: justify;\">Una de las principales sorpresas que nos depar\u00f3 esta nueva visita a Viena,ha sido el recorrido a los museos representativos de la vida de <strong><em><span style=\"color: #000080;\">la Princesa Sisi, y de los Apartamentos Imperiales. Incre\u00edble escenificaci\u00f3n de la historia que los austriacos han inaugurado en el a\u00f1o 2004 con todo el lujo posible y un extraordinario derroche de buen gusto, y de los elementos modernos de conservaci\u00f3n y uso, en unos lugares asombrosamente recuperados y ambientados adecuadamente con modernas t\u00e9cnicas para disfrute de sus visitantes<\/span>.<\/em><\/strong> Decenas de fotograf\u00edas nuestras adornar\u00edan estas publicaciones, recogidos por motivos de espacio, a unas simples muestras que dan una idea del espectacular montaje de estos atractivos tur\u00edstico-culturales que han sabido organizar adecuadamente las autoridades de la hist\u00f3rica naci\u00f3n austriaca, como una muestra singular de su amplio y sesudo conocimiento. Impecable la presentaci\u00f3n y las r\u00e9plicas existentes de toda una vida mon\u00e1rquica, en la que no faltan los m\u00e1s incre\u00edbles detalles\u2026<\/p>\n<div id=\"attachment_38605\" style=\"width: 610px\" class=\"wp-caption aligncenter\"><a href=\"https:\/\/www.turistamagazine.com\/v2\/wp-content\/uploads\/2018\/12\/C\u00e1mara-imperial.jpg\"><img decoding=\"async\" aria-describedby=\"caption-attachment-38605\" class=\"wp-image-38605\" src=\"https:\/\/www.turistamagazine.com\/v2\/wp-content\/uploads\/2018\/12\/C\u00e1mara-imperial.jpg\" alt=\"\" width=\"600\" height=\"338\" \/><\/a><p id=\"caption-attachment-38605\" class=\"wp-caption-text\"><em><span style=\"color: #000080;\">La C\u00e1mara Imperial del Tesoro de Viena, es la mayor del mundo, en ellas se conservan joyas originales de la dinast\u00eda de los Habsburgo, entre ellas las de la reina Isabel de Austria. Esta c\u00e1mara est\u00e1 convertida hoy en un importante atractivo para el turismo internacional que visita Austria.<\/span><\/em><\/p><\/div>\n<p style=\"text-align: justify;\">Otra nueva agradable sorpresa fue la visita a la \u00ab<em><strong><span style=\"color: #000080;\">C\u00e1mara del Tesoro\u00bb<\/span><\/strong><\/em> considerada la mejor del mundo &#8211; tambi\u00e9n habilitada despu\u00e9s de nuestra anterior visita \u2013 donde se puede admirar los hist\u00f3ricos ropajes, joyas, coronas, armas, etc. de la vieja monarqu\u00eda austriaca, con elementos originales de un valor incalculable.<\/p>\n<div id=\"attachment_38611\" style=\"width: 610px\" class=\"wp-caption aligncenter\"><a href=\"https:\/\/www.turistamagazine.com\/v2\/wp-content\/uploads\/2018\/12\/Museo.jpg\"><img decoding=\"async\" aria-describedby=\"caption-attachment-38611\" class=\"wp-image-38611\" src=\"https:\/\/www.turistamagazine.com\/v2\/wp-content\/uploads\/2018\/12\/Museo.jpg\" alt=\"\" width=\"600\" height=\"400\" \/><\/a><p id=\"caption-attachment-38611\" class=\"wp-caption-text\"><span style=\"color: #000080;\"><em>En el Museo de Sisi, en el Palacio Imperial de Hofburg, se puede visionar incluso, las secuencias de la pel\u00edcula que hizo la famosa Romy Schneider, y toda una larga serie de componentes de su vida real; ropajes \u00edntimos, estancias, joyas, fotograf\u00edas, etc. todo con una esmerada y cuidada presentaci\u00f3n fruto de una larga investigaci\u00f3n y conocimiento de causa<\/em><\/span><\/p><\/div>\n<p style=\"text-align: justify;\">Acompa\u00f1ados siempre por una excelente gu\u00eda, visitamos el edificio de la <em><strong><span style=\"color: #000080;\">Opera del Estado<\/span><\/strong><\/em>, donde, all\u00e1, <strong><em><span style=\"color: #000080;\">en ese a\u00f1o 1971<\/span><\/em><\/strong>, disfrutamos de una magn\u00edfica representaci\u00f3n de <em><strong><span style=\"color: #000080;\">Don Giovanni<\/span><\/strong><\/em>, y que esta vez nos servir\u00eda para recorrer en vac\u00edo sus primorosos salones, y conocer algunas interioridades de su famosa orquesta, origen de la <em><strong><span style=\"color: #000080;\">Orquesta Filarm\u00f3nica de Viena.<\/span><\/strong><\/em><\/p>\n<p style=\"text-align: justify;\"><strong><em><span style=\"color: #000080;\">El HOFBURG SILVESTERBALL es otra cosa<\/span>.<\/em><\/strong> Quiz\u00e1s en esta ocasi\u00f3n lo disfrutamos m\u00e1s que en las anteriores a las que hemos asistido a este tradicional acontecimiento donde el gran mundo \u2013 ese turismo de lujo que todos deseamos tener \u2013 se da cita para despedir un a\u00f1o y recibir otro. <em><strong><span style=\"color: #000080;\">En esta ocasi\u00f3n, curtidos en decenas de acontecimientos internacionales del mayor relieve, ten\u00edamos puntos de comparaci\u00f3n. El HOFBURG SILVESTERBALL, es incomparable por su calidad y estilo.\u00a0<\/span><\/strong><\/em><\/p>\n<div id=\"attachment_38466\" style=\"width: 610px\" class=\"wp-caption aligncenter\"><a href=\"https:\/\/www.turistamagazine.com\/v2\/wp-content\/uploads\/2018\/12\/2.jpg\"><img decoding=\"async\" aria-describedby=\"caption-attachment-38466\" class=\"wp-image-38466\" src=\"https:\/\/www.turistamagazine.com\/v2\/wp-content\/uploads\/2018\/12\/2.jpg\" alt=\"\" width=\"600\" height=\"231\" \/><\/a><p id=\"caption-attachment-38466\" class=\"wp-caption-text\"><em><span style=\"color: #000080;\">Uno de los lujosos salones del Palacio Imperial de Hofburg, Viena, durante la celebraci\u00f3n del KAISERBALL, Baile del Emperador, el d\u00eda de Fin de A\u00f1o.<\/span><\/em><\/p><\/div>\n<p style=\"text-align: justify;\">Durante m\u00e1s de una hora, hemos presenciado, desde su antesala, la entrada al Palacio de Hofburg,\u00a0 donde una lucida orquesta compuesta por seis m\u00fasicos nos deleitara con sus piezas de vals\u2026 <em><strong><span style=\"color: #000080;\">Un espect\u00e1culo indescriptible visto solo en el cine\u2026 Asombrosos abrigos de costosas pieles que llegaban hasta los pies, vistosos sombreros y bufandas, de hombres y mujeres que eran depositados en el inmenso guardarropa, recogidos por expertas manos, donde contamos hasta 50 funcionarias\u2026<\/span> <\/strong><\/em>Las salas las hab\u00edamos visitados la tarde anterior acompa\u00f1ados de la directora del evento que nos ofreci\u00f3 una agradable recepci\u00f3n, mostr\u00e1ndonos la preparaci\u00f3n de las\u00a0 mismas. Aquella noche eran algo distinto. Una animaci\u00f3n consecuente con el acto, nos ayud\u00f3 a disfrutar del brillante espect\u00e1culo hasta altas horas de la madrugada, con cena y baile incluidos, con un servicio de aut\u00e9ntico lujo perfectamente entrenado y unos aderezos propios del\u00a0 acto que all\u00ed ten\u00eda lugar.<\/p>\n<div id=\"attachment_38653\" style=\"width: 610px\" class=\"wp-caption aligncenter\"><a href=\"https:\/\/www.turistamagazine.com\/v2\/wp-content\/uploads\/2018\/12\/Kaiserball.jpg\"><img decoding=\"async\" aria-describedby=\"caption-attachment-38653\" class=\"wp-image-38653\" src=\"https:\/\/www.turistamagazine.com\/v2\/wp-content\/uploads\/2018\/12\/Kaiserball.jpg\" alt=\"\" width=\"600\" height=\"450\" \/><\/a><p id=\"caption-attachment-38653\" class=\"wp-caption-text\"><em><span style=\"color: #000080;\">Fotograf\u00eda de la entrada al KAISERBALL, que aparece en el blog digital oficial promocional del\u00a0<\/span><span style=\"color: #000080;\">evento, como fiel testigo de nuestra presencia all\u00ed, acompa\u00f1ando en presencia de los reyes Sisi y Francisco Jos\u00e9, convertidos hoy en poderosos s\u00edmbolos de atracci\u00f3n tur\u00edstica de Austria.<\/span><\/em><\/p><\/div>\n<p><span style=\"color: #000080;\"><strong><em>El HOFBURG SILVESTERBALL, es asombrosamente incomparable.<\/em><\/strong><\/span><\/p>\n<p style=\"text-align: justify;\"><span style=\"color: #000080;\"><strong><em>El Concierto de Primero de A\u00f1o, d Algunas Reflexiones<\/em><\/strong><\/span><\/p>\n<p style=\"text-align: justify;\">Comentar aqu\u00ed el concierto de primero de a\u00f1o de la <em><strong><span style=\"color: #000080;\">Orquesta Filarm\u00f3nica de Viena<\/span><\/strong><\/em>, no tiene otro objeto que destacar la importancia que el mismo conlleva como punto de atracci\u00f3n de un selecto turismo, donde de seguro habr\u00e1n muchos asistentes que no conocen nada de m\u00fasica, pero s\u00ed de estar en la primera l\u00ednea de los acontecimientos sociales de importancia mundial.<\/p>\n<p style=\"text-align: justify;\">M\u00e1s de 1.000 millones de espectadores potenciales, en m\u00e1s de noventa pa\u00edses son cifras suficientes para destacar el prestigioso acontecimiento.<\/p>\n<p style=\"text-align: justify;\"><em><strong><span style=\"color: #000080;\">La batuta del gran maestro Franz Wesler M\u00f6st dirig\u00eda ese a\u00f1o el hermoso espect\u00e1culo cuya culminaci\u00f3n con el Danubio Azul y la marcha Radezky, as\u00ed como la incorporaci\u00f3n de algunas piezas con referencias espa\u00f1olas,\u00a0 despert\u00f3, como siempre a trav\u00e9s de los a\u00f1os, encendidos aplausos\u2026<\/span><\/strong><\/em><\/p>\n<p style=\"text-align: justify;\">El espect\u00e1culo \u00fanico en el mundo de la Escuela de Equitaci\u00f3n Espa\u00f1ola de Viena, y los Ni\u00f1os Cantores con su misa en la Capilla Imperial, son otros elementos m\u00e1s de origen cultural que inevitablemente debemos conocer si visitamos Viena\u2026<\/p>\n<div id=\"attachment_38609\" style=\"width: 610px\" class=\"wp-caption aligncenter\"><a href=\"https:\/\/www.turistamagazine.com\/v2\/wp-content\/uploads\/2018\/12\/escuela-de-Equitaci\u00f3n.jpg\"><img decoding=\"async\" aria-describedby=\"caption-attachment-38609\" class=\"wp-image-38609\" src=\"https:\/\/www.turistamagazine.com\/v2\/wp-content\/uploads\/2018\/12\/escuela-de-Equitaci\u00f3n.jpg\" alt=\"\" width=\"600\" height=\"415\" \/><\/a><p id=\"caption-attachment-38609\" class=\"wp-caption-text\"><span style=\"color: #000080;\"><em>La excepcional Escuela Espa\u00f1ola de Equitaci\u00f3n de Viena, es un s\u00edmbolo centenario convertido enana tracci\u00f3n tur\u00edstica \u00fanica en el mundo, donde, una vez m\u00e1s, se demuestra la calidad y el conocimiento geo-pol\u00edtico de los austriacos, al gerenciar el desarrollo de su pa\u00eds.<\/em><\/span><\/p><\/div>\n<p style=\"text-align: justify;\">Estampas, y m\u00e1s estampas de un desarrollo tur\u00edstico organizado, lejos del empacho de cifras que han azotado a algunas zonas tur\u00edsticas del mundo que hoy se ven abatidas por ingentes construcciones llenas de camas vac\u00edas, donde gobiernos irresponsables e ignorantes, siguen autorizando m\u00e1s de lo mismo, y donde las expectativas son cada vez m\u00e1s turbias, dada la gran capacidad de gesti\u00f3n que se asienta en los <strong><span style=\"color: #000080;\"><em>\u201cnuevos destinos tur\u00edsticos\u201d<\/em><\/span><\/strong> que se han aprendido muy bien la lecci\u00f3n y que cuidan, miman, y dan lustre, a sus verdaderas <strong><span style=\"color: #000080;\"><em>\u201cse\u00f1as de identidad\u201d<\/em><\/span><\/strong> sin tener que inventar nada, regenerando sus im\u00e1genes de origen y resaltando todo aquello que puede ser de inter\u00e9s para esta nueva capa social que se incorpora al movimiento tur\u00edstico, que no s\u00f3lo est\u00e1 interesada en el binomio <em><strong><span style=\"color: #000080;\">\u201csol y playa\u201d<\/span><\/strong>,<\/em> sino que, por su nivel cultural, y las facilidades que cada vez son mayores para viajar, busca tambi\u00e9n el encuentro con los aspectos culturales de los lugares de sus visitas, y a los que ya no se les puede enga\u00f1ar como se hac\u00eda anta\u00f1o vendi\u00e9ndoles lo inexistente.<\/p>\n<div id=\"attachment_38610\" style=\"width: 610px\" class=\"wp-caption aligncenter\"><a href=\"https:\/\/www.turistamagazine.com\/v2\/wp-content\/uploads\/2018\/12\/Krems-calle.jpg\"><img decoding=\"async\" aria-describedby=\"caption-attachment-38610\" class=\"wp-image-38610\" src=\"https:\/\/www.turistamagazine.com\/v2\/wp-content\/uploads\/2018\/12\/Krems-calle.jpg\" alt=\"Puestos callejeros en la navidad de Krems, desafiando el fr\u00edo y la nieve, una estampa del ambiente tur\u00edstico de un alto valor. F\/Tejera Reyes.\" width=\"600\" height=\"403\" srcset=\"https:\/\/www.turistamagazine.com\/v2\/wp-content\/uploads\/2018\/12\/Krems-calle.jpg 640w, https:\/\/www.turistamagazine.com\/v2\/wp-content\/uploads\/2018\/12\/Krems-calle-300x202.jpg 300w, https:\/\/www.turistamagazine.com\/v2\/wp-content\/uploads\/2018\/12\/Krems-calle-625x420.jpg 625w, https:\/\/www.turistamagazine.com\/v2\/wp-content\/uploads\/2018\/12\/Krems-calle-610x410.jpg 610w\" sizes=\"(max-width: 600px) 100vw, 600px\" \/><\/a><p id=\"caption-attachment-38610\" class=\"wp-caption-text\"><em><span style=\"color: #000080;\">Puestos callejeros en la navidad de Krems, desafiando el fr\u00edo y la nieve, una estampa del ambiente tur\u00edstico de un alto valor. F\/Tejera Reyes.<\/span><\/em><\/p><\/div>\n<p style=\"text-align: justify;\"><strong>\u00a0<span style=\"color: #000080;\"><em>Del buen hacer y de la responsabilidad en la gesti\u00f3n tur\u00edstica, Austria es un buen ejemplo.<\/em><\/span><\/strong><\/p>\n<p>&nbsp;<\/p>\n<p><strong>*Del Grupo de Expertos de la Organizaci\u00f3n Mundial del Turismo UNWTO, de las Naciones Unidas. ONU.<\/strong><\/p>\n<p>&nbsp;<\/p>\n<p>&nbsp;<\/p>\n<p>&nbsp;<\/p>\n<p>&nbsp;<\/p>\n<p>&nbsp;<\/p>\n","protected":false},"excerpt":{"rendered":"<p>\u201cVolver al pasado para enmarcarlo en una simple lecci\u00f3n de c\u00f3mo hay que gestionar el desarrollo del turismo, es una verdadera satisfacci\u00f3n para quienes podemos hacerlo.\u201d\u00a0 \u00a0HOFBURG SILVESTERBALL Y CONCIERTO DE A\u00d1O NUEVO, DOS PILARES HISTORICOS PARA EL TURISMO AUSTRIACO\u00a0 &nbsp; Por. Antonio-Pedro Tejera Reyes* UNA VIEJA HISTORIA Continuando con nuestra hist\u00f3rica relaci\u00f3n con la naci\u00f3n austriaca, la cual nos vali\u00f3, la Placa de Plata a t\u00edtulo individual, del gobierno austriaco, y la Medalla Johan Strauss de la ciudad de Viena, entre otros reconocimientos, vamos a ofrecer en esta nueva publicaci\u00f3n, otras experiencias vividas en el pasado a\u00f1o 2010, en&#8230;<\/p>\n","protected":false},"author":1,"featured_media":0,"comment_status":"open","ping_status":"open","sticky":false,"template":"","format":"standard","meta":{"footnotes":""},"categories":[85],"tags":[284,7471,8716,6132,749,4119],"class_list":["post-38595","post","type-post","status-publish","format-standard","hentry","category-colum-invitados","tag-antonio-pedro-tejera-reyes","tag-elenita-villar-asesora-de-tesis-en-turismo","tag-hofburg-silvesterball","tag-portal-de-noticias-turistamagazine","tag-turistamagazine","tag-viena"],"_links":{"self":[{"href":"https:\/\/www.turistamagazine.com\/v2\/index.php?rest_route=\/wp\/v2\/posts\/38595","targetHints":{"allow":["GET"]}}],"collection":[{"href":"https:\/\/www.turistamagazine.com\/v2\/index.php?rest_route=\/wp\/v2\/posts"}],"about":[{"href":"https:\/\/www.turistamagazine.com\/v2\/index.php?rest_route=\/wp\/v2\/types\/post"}],"author":[{"embeddable":true,"href":"https:\/\/www.turistamagazine.com\/v2\/index.php?rest_route=\/wp\/v2\/users\/1"}],"replies":[{"embeddable":true,"href":"https:\/\/www.turistamagazine.com\/v2\/index.php?rest_route=%2Fwp%2Fv2%2Fcomments&post=38595"}],"version-history":[{"count":8,"href":"https:\/\/www.turistamagazine.com\/v2\/index.php?rest_route=\/wp\/v2\/posts\/38595\/revisions"}],"predecessor-version":[{"id":38654,"href":"https:\/\/www.turistamagazine.com\/v2\/index.php?rest_route=\/wp\/v2\/posts\/38595\/revisions\/38654"}],"wp:attachment":[{"href":"https:\/\/www.turistamagazine.com\/v2\/index.php?rest_route=%2Fwp%2Fv2%2Fmedia&parent=38595"}],"wp:term":[{"taxonomy":"category","embeddable":true,"href":"https:\/\/www.turistamagazine.com\/v2\/index.php?rest_route=%2Fwp%2Fv2%2Fcategories&post=38595"},{"taxonomy":"post_tag","embeddable":true,"href":"https:\/\/www.turistamagazine.com\/v2\/index.php?rest_route=%2Fwp%2Fv2%2Ftags&post=38595"}],"curies":[{"name":"wp","href":"https:\/\/api.w.org\/{rel}","templated":true}]}}