{"id":38301,"date":"2018-12-07T08:49:31","date_gmt":"2018-12-07T13:49:31","guid":{"rendered":"http:\/\/www.turistamagazine.com\/v2\/?p=38301"},"modified":"2018-12-07T10:40:26","modified_gmt":"2018-12-07T15:40:26","slug":"johan-leuridan-huys-personalidad-meritoria-de-la-cultura","status":"publish","type":"post","link":"https:\/\/www.turistamagazine.com\/v2\/?p=38301","title":{"rendered":"JOHAN LEURIDAN HUYS PERSONALIDAD MERITORIA DE LA CULTURA"},"content":{"rendered":"<p style=\"text-align: justify;\">07\/12\/ 2018\/ Lima.-<span style=\"color: #000080;\"><strong><em>En emotiva ceremonia la ministra de Cultura Patricia Balbuena Palacios reconoci\u00f3\u00a0 como\u00a0Personalidad Meritoria De la Cultura, en merito a\u00a0<\/em><em>su larga trayectoria \u00a0del Dr. Johan Leuridan Huys decano de la facultad de CC.CC. Turismo y Sicolog\u00eda de la Unv. San Mart\u00edn de Porres por su \u00a0apoyo de la investigaci\u00f3n y puesta en valor de la gastronom\u00eda peruana desde hace m\u00e1s de 30 a\u00f1os.<\/em><\/strong><\/span><\/p>\n<p style=\"text-align: justify;\">Somos testigos presenciales de\u00a0 ese silencioso trabajo \u00a0puesto que somos egresados de esa casa de estudios, y de los muchos reconocimientos a trav\u00e9s de los a\u00f1os de los incontables premios y reconocimientos que ha recibido de <em><strong><span style=\"color: #000080;\">La Gourmand World Cookbook Awards, \u00a0en diversos pa\u00edses y oportunidades diferentes.<\/span><\/strong><\/em><\/p>\n<p style=\"text-align: justify;\">\u00a0El Dr. Johan Leuridan Huys es de nacionalidad belga y lleg\u00f3 al nuestro pa\u00eds en 1968 y como reconocido impulsor de la educaci\u00f3n superior y la investigaci\u00f3n cient\u00edfica y editorial ha significado uno de los aportes m\u00e1s importantes que ha tenido el pa\u00eds en la ense\u00f1anza universitaria y la promoci\u00f3n de la gastronom\u00eda nacional en todo el mundo.<\/p>\n<p style=\"text-align: justify;\"><em><strong><span style=\"color: #000080;\">Es licenciado en sagrada teolog\u00eda por la Facultad de Teolog\u00eda Pontificia y Civil de Lima, doctor en sagrada teolog\u00eda de la Pontificia Universidad Urbaniana del Vaticano. Tambi\u00e9n ha sido docente de la Universidad de San Mart\u00edn de Porres desde 1969, profesor de cursos de filosof\u00eda, metodolog\u00eda de la investigaci\u00f3n, epistemolog\u00eda y antropolog\u00eda religiosa<\/span><\/strong><\/em>.<\/p>\n<p><a href=\"https:\/\/www.turistamagazine.com\/v2\/wp-content\/uploads\/2018\/12\/IMG-20181206-WA0006.jpg\"><img decoding=\"async\" class=\"size-full wp-image-38328 aligncenter\" src=\"https:\/\/www.turistamagazine.com\/v2\/wp-content\/uploads\/2018\/12\/IMG-20181206-WA0006.jpg\" alt=\"\" width=\"583\" height=\"311\" srcset=\"https:\/\/www.turistamagazine.com\/v2\/wp-content\/uploads\/2018\/12\/IMG-20181206-WA0006.jpg 583w, https:\/\/www.turistamagazine.com\/v2\/wp-content\/uploads\/2018\/12\/IMG-20181206-WA0006-300x160.jpg 300w\" sizes=\"(max-width: 583px) 100vw, 583px\" \/><\/a><\/p>\n<p>&nbsp;<\/p>\n<p style=\"text-align: justify;\">Ha sido condecorado con la\u00a0<em><span style=\"color: #000080;\"><strong>Orden de las Palmas Magisteriales del Per\u00fa en el grado de maestro y con la Orden de Comendador del Reino de B\u00e9lgica<\/strong><\/span><\/em>. El Congreso de la Rep\u00fablica lo ha reconocido con el Grado de Commendador. Es profesor em\u00e9rito de la Universidad Tecnol\u00f3gica Equinoccial de Quito, Ecuador y Doctor Honoris Causa de la Universidad Privada San Juan Bautista.<\/p>\n<p style=\"text-align: justify;\"><em><strong><span style=\"color: #000080;\">Es Decano de nuestra Alma Mater tiene muchos otros reconocimientos y somos miles de egresados que nos congratulamos cuando alguna entidad\u00a0 reconoce la labor de personajes como el Dr. Johan Leuridan Huys FELICIDADES DECANO<\/span><\/strong><\/em><\/p>\n<p>E.V.<\/p>\n<p>F\/ Fina cortes\u00eda de Carlos L\u00f3pez<\/p>\n","protected":false},"excerpt":{"rendered":"<p>07\/12\/ 2018\/ Lima.-En emotiva ceremonia la ministra de Cultura Patricia Balbuena Palacios reconoci\u00f3\u00a0 como\u00a0Personalidad Meritoria De la Cultura, en merito a\u00a0su larga trayectoria \u00a0del Dr. Johan Leuridan Huys decano de la facultad de CC.CC. Turismo y Sicolog\u00eda de la Unv. San Mart\u00edn de Porres por su \u00a0apoyo de la investigaci\u00f3n y puesta en valor de la gastronom\u00eda peruana desde hace m\u00e1s de 30 a\u00f1os. Somos testigos presenciales de\u00a0 ese silencioso trabajo \u00a0puesto que somos egresados de esa casa de estudios, y de los muchos reconocimientos a trav\u00e9s de los a\u00f1os de los incontables premios y reconocimientos que ha recibido de&#8230;<\/p>\n","protected":false},"author":1,"featured_media":38302,"comment_status":"open","ping_status":"open","sticky":false,"template":"","format":"standard","meta":{"footnotes":""},"categories":[4,82],"tags":[5671,7471,8661,6132,749],"class_list":["post-38301","post","type-post","status-publish","format-standard","has-post-thumbnail","hentry","category-breaking-news","category-nacionales","tag-dr-johan-leuridan-huys","tag-elenita-villar-asesora-de-tesis-en-turismo","tag-personalidad-meritoria-de-la-cultura","tag-portal-de-noticias-turistamagazine","tag-turistamagazine"],"_links":{"self":[{"href":"https:\/\/www.turistamagazine.com\/v2\/index.php?rest_route=\/wp\/v2\/posts\/38301","targetHints":{"allow":["GET"]}}],"collection":[{"href":"https:\/\/www.turistamagazine.com\/v2\/index.php?rest_route=\/wp\/v2\/posts"}],"about":[{"href":"https:\/\/www.turistamagazine.com\/v2\/index.php?rest_route=\/wp\/v2\/types\/post"}],"author":[{"embeddable":true,"href":"https:\/\/www.turistamagazine.com\/v2\/index.php?rest_route=\/wp\/v2\/users\/1"}],"replies":[{"embeddable":true,"href":"https:\/\/www.turistamagazine.com\/v2\/index.php?rest_route=%2Fwp%2Fv2%2Fcomments&post=38301"}],"version-history":[{"count":4,"href":"https:\/\/www.turistamagazine.com\/v2\/index.php?rest_route=\/wp\/v2\/posts\/38301\/revisions"}],"predecessor-version":[{"id":38331,"href":"https:\/\/www.turistamagazine.com\/v2\/index.php?rest_route=\/wp\/v2\/posts\/38301\/revisions\/38331"}],"wp:featuredmedia":[{"embeddable":true,"href":"https:\/\/www.turistamagazine.com\/v2\/index.php?rest_route=\/wp\/v2\/media\/38302"}],"wp:attachment":[{"href":"https:\/\/www.turistamagazine.com\/v2\/index.php?rest_route=%2Fwp%2Fv2%2Fmedia&parent=38301"}],"wp:term":[{"taxonomy":"category","embeddable":true,"href":"https:\/\/www.turistamagazine.com\/v2\/index.php?rest_route=%2Fwp%2Fv2%2Fcategories&post=38301"},{"taxonomy":"post_tag","embeddable":true,"href":"https:\/\/www.turistamagazine.com\/v2\/index.php?rest_route=%2Fwp%2Fv2%2Ftags&post=38301"}],"curies":[{"name":"wp","href":"https:\/\/api.w.org\/{rel}","templated":true}]}}