{"id":38222,"date":"2018-11-30T17:22:45","date_gmt":"2018-11-30T22:22:45","guid":{"rendered":"http:\/\/www.turistamagazine.com\/v2\/?p=38222"},"modified":"2018-11-30T17:22:45","modified_gmt":"2018-11-30T22:22:45","slug":"viejos","status":"publish","type":"post","link":"https:\/\/www.turistamagazine.com\/v2\/?p=38222","title":{"rendered":"\u00bfVIEJOS?"},"content":{"rendered":"<p style=\"text-align: justify;\">Por Antero Flores-Araoz*<\/p>\n<p style=\"text-align: justify;\">Comenzar\u00e9 cont\u00e1ndoles una an\u00e9cdota.\u00a0 A mi pap\u00e1 le gustaba mucho leer un vespertino de nombre <span style=\"color: #000080;\"><strong><em>\u201c\u00daltima Hora\u201d,<\/em><\/strong><\/span> el que sal\u00eda a la venta en las tardes, con informaci\u00f3n del mismo d\u00eda en lenguaje coloquial e informal.\u00a0 Ley\u00f3, bajo el t\u00edtulo, m\u00e1s o menos: <span style=\"color: #000080;\"><strong><em>\u201cARROLLAN A ANCIANO DE CINCUENTA A\u00d1OS\u201d<\/em><\/strong> <\/span>y su indignaci\u00f3n casi llega a producirle un soponcio.<\/p>\n<p style=\"text-align: justify;\">Si es que nos cobijamos en la Historia, observaremos como la edad m\u00e1xima de las personas, que hoy denominan expectativa de vida, fue variando y ampli\u00e1ndose con el devenir de los tiempos, a tal punto que los organismos internacionales vinculados con la salud han ido elevando la edad de quienes pueden considerarse en la ancianidad, y ello principalmente para establecer edades m\u00ednimas para el retiro de actividades ocupacionales o la jubilaci\u00f3n.<\/p>\n<p style=\"text-align: justify;\">Las personas de elevada edad eran nominados como <strong><em><span style=\"color: #000080;\">\u201cviejos\u201d<\/span>,<\/em><\/strong> calificativo absolutamente inadecuado y hasta irreverente que felizmente cay\u00f3 en desuso al hablarse de <span style=\"color: #000080;\"><strong><em>\u201canciano<\/em><\/strong><\/span>\u201d para luego dar pase al actual <span style=\"color: #000080;\"><strong><em>\u201cadulto mayor\u201d.<\/em><\/strong><\/span><\/p>\n<p style=\"text-align: justify;\">Para destacar vigencia y experiencia relativa a la edad madura, mejor dicho, muy madura, enarbolaban los interesados ejemplos imaginativos como <span style=\"color: #000080;\"><strong><em>\u201cviejo es el viento y sopla\u201d, \u201cviejo es el mar y embravece\u201d, \u201cviejos los volcanes y erupcionan\u201d<\/em><\/strong>.<\/span><\/p>\n<div id=\"attachment_38225\" style=\"width: 610px\" class=\"wp-caption aligncenter\"><a href=\"https:\/\/www.turistamagazine.com\/v2\/wp-content\/uploads\/2018\/11\/5bfebbfb08f3d9380a8b4567-2.jpg\"><img decoding=\"async\" aria-describedby=\"caption-attachment-38225\" class=\"wp-image-38225\" src=\"https:\/\/www.turistamagazine.com\/v2\/wp-content\/uploads\/2018\/11\/5bfebbfb08f3d9380a8b4567-2.jpg\" alt=\"\" width=\"600\" height=\"338\" srcset=\"https:\/\/www.turistamagazine.com\/v2\/wp-content\/uploads\/2018\/11\/5bfebbfb08f3d9380a8b4567-2.jpg 824w, https:\/\/www.turistamagazine.com\/v2\/wp-content\/uploads\/2018\/11\/5bfebbfb08f3d9380a8b4567-2-300x169.jpg 300w, https:\/\/www.turistamagazine.com\/v2\/wp-content\/uploads\/2018\/11\/5bfebbfb08f3d9380a8b4567-2-768x432.jpg 768w, https:\/\/www.turistamagazine.com\/v2\/wp-content\/uploads\/2018\/11\/5bfebbfb08f3d9380a8b4567-2-480x270.jpg 480w, https:\/\/www.turistamagazine.com\/v2\/wp-content\/uploads\/2018\/11\/5bfebbfb08f3d9380a8b4567-2-746x420.jpg 746w, https:\/\/www.turistamagazine.com\/v2\/wp-content\/uploads\/2018\/11\/5bfebbfb08f3d9380a8b4567-2-610x343.jpg 610w\" sizes=\"(max-width: 600px) 100vw, 600px\" \/><\/a><p id=\"caption-attachment-38225\" class=\"wp-caption-text\"><em><span style=\"color: #000080;\">\u00bfQueremos un ejemplo de adulto mayor mas inteligente y productivo que este?<\/span><\/em><\/p><\/div>\n<p style=\"text-align: justify;\">Con pertinencia seguramente el lector se preguntar\u00e1 <span style=\"color: #000080;\"><strong><em>\u00bfa qu\u00e9 viene todo ello<\/em><\/strong>?<\/span> Y la respuesta no es otra que en Lima acaba de concluir unas nuevas <span style=\"color: #000080;\"><strong><em>Jornadas Iberoamericanas de Derecho Laboral, con la presencia de destacados laboralistas europeos y latinoamericanos que han centrado sus estudios y deliberaciones en las actividades ocupacionales a cargo de los adultos mayores.<\/em><\/strong><\/span><\/p>\n<p style=\"text-align: justify;\">Ello es muy v\u00e1lido, pues lo que se podr\u00eda denominar el reto social de nuestros tiempos, es hacer que los ancianos est\u00e9n ocupados, para con ello sentirse \u00fatiles y no les afecten dolencias f\u00edsicas y\/o mentales vinculadas con la falta de actividades.<\/p>\n<p style=\"text-align: justify;\">Cada d\u00eda el n\u00famero de adultos mayores va en vertiginoso ascenso, aunque no relacionado matem\u00e1ticamente con el incremento de poblaci\u00f3n joven y, al aumentar las expectativas de vida, los sistemas previsionales se tornan en no suficientemente \u00fatiles, <span style=\"color: #000080;\"><strong><em>lo que obligar\u00eda a su reperfilamiento, sin olvidar que al aumentar tambi\u00e9n la edad promedio para el deceso, se est\u00e1 m\u00e1s tiempo fuera de las actividades laborales que en las mismas.<\/em><\/strong><\/span><\/p>\n<p style=\"text-align: justify;\">Normalmente quienes detentan el poder, sea gubernamental o parlamentario, consideran que las soluciones tienen que ser con cambio de disposiciones legales y tambi\u00e9n con mejores interpretaciones jurisdiccionales, empero lo que primero deber\u00eda definirse son pol\u00edticas de Estado en relaci\u00f3n con el adulto mayor.<\/p>\n<p style=\"text-align: justify;\"><span style=\"color: #000080;\"><strong><em>No se puede seguir con la realidad a contrapelo con la legislaci\u00f3n, pues mientras las expectativas de vida aumentan, desde el Estado se pretende reducir la edad de jubilaci\u00f3n, e incluso la de la jubilaci\u00f3n anticipada, y con el peligro que significa dejar al \u201cdesnudo\u201d los fondos previsionales con la devoluci\u00f3n en porcentaje alt\u00edsimo de lo acumulado, con lo cual no solamente se hace a\u00f1icos a su objetivo sino al mismo tiempo se deja en desprotecci\u00f3n econ\u00f3mica a los ancianos.<\/em><\/strong><\/span><\/p>\n<p style=\"text-align: justify;\">Los municipios, a trav\u00e9s de los establecimientos para adultos mayores, deben darles ocupaci\u00f3n, no necesariamente rentada, en actividades afines a su situaci\u00f3n, as\u00ed como crear espacios para la lectura, tertulia, deporte, danzas e incluso aprendizaje de computaci\u00f3n, que les abre el mundo a sus pies.<\/p>\n<p style=\"text-align: justify;\"><strong>*Reconocido Jurista\u00a0 y pol\u00edtico peruano.<\/strong><\/p>\n","protected":false},"excerpt":{"rendered":"<p>Por Antero Flores-Araoz* Comenzar\u00e9 cont\u00e1ndoles una an\u00e9cdota.\u00a0 A mi pap\u00e1 le gustaba mucho leer un vespertino de nombre \u201c\u00daltima Hora\u201d, el que sal\u00eda a la venta en las tardes, con informaci\u00f3n del mismo d\u00eda en lenguaje coloquial e informal.\u00a0 Ley\u00f3, bajo el t\u00edtulo, m\u00e1s o menos: \u201cARROLLAN A ANCIANO DE CINCUENTA A\u00d1OS\u201d y su indignaci\u00f3n casi llega a producirle un soponcio. Si es que nos cobijamos en la Historia, observaremos como la edad m\u00e1xima de las personas, que hoy denominan expectativa de vida, fue variando y ampli\u00e1ndose con el devenir de los tiempos, a tal punto que los organismos internacionales&#8230;<\/p>\n","protected":false},"author":1,"featured_media":0,"comment_status":"open","ping_status":"open","sticky":false,"template":"","format":"standard","meta":{"footnotes":""},"categories":[87],"tags":[1956,99,321,6132,749,5078],"class_list":["post-38222","post","type-post","status-publish","format-standard","hentry","category-actualidad","tag-antero-flores-araoz","tag-elenita-villar","tag-lima","tag-portal-de-noticias-turistamagazine","tag-turistamagazine","tag-ver-todos"],"_links":{"self":[{"href":"https:\/\/www.turistamagazine.com\/v2\/index.php?rest_route=\/wp\/v2\/posts\/38222","targetHints":{"allow":["GET"]}}],"collection":[{"href":"https:\/\/www.turistamagazine.com\/v2\/index.php?rest_route=\/wp\/v2\/posts"}],"about":[{"href":"https:\/\/www.turistamagazine.com\/v2\/index.php?rest_route=\/wp\/v2\/types\/post"}],"author":[{"embeddable":true,"href":"https:\/\/www.turistamagazine.com\/v2\/index.php?rest_route=\/wp\/v2\/users\/1"}],"replies":[{"embeddable":true,"href":"https:\/\/www.turistamagazine.com\/v2\/index.php?rest_route=%2Fwp%2Fv2%2Fcomments&post=38222"}],"version-history":[{"count":1,"href":"https:\/\/www.turistamagazine.com\/v2\/index.php?rest_route=\/wp\/v2\/posts\/38222\/revisions"}],"predecessor-version":[{"id":38226,"href":"https:\/\/www.turistamagazine.com\/v2\/index.php?rest_route=\/wp\/v2\/posts\/38222\/revisions\/38226"}],"wp:attachment":[{"href":"https:\/\/www.turistamagazine.com\/v2\/index.php?rest_route=%2Fwp%2Fv2%2Fmedia&parent=38222"}],"wp:term":[{"taxonomy":"category","embeddable":true,"href":"https:\/\/www.turistamagazine.com\/v2\/index.php?rest_route=%2Fwp%2Fv2%2Fcategories&post=38222"},{"taxonomy":"post_tag","embeddable":true,"href":"https:\/\/www.turistamagazine.com\/v2\/index.php?rest_route=%2Fwp%2Fv2%2Ftags&post=38222"}],"curies":[{"name":"wp","href":"https:\/\/api.w.org\/{rel}","templated":true}]}}