{"id":38122,"date":"2018-11-28T10:20:37","date_gmt":"2018-11-28T15:20:37","guid":{"rendered":"http:\/\/www.turistamagazine.com\/v2\/?p=38122"},"modified":"2018-11-28T10:19:00","modified_gmt":"2018-11-28T15:19:00","slug":"mincetur-entrega-camionetas-de-ultima-generacion-donadas-por-el-pueblo-japones-a-diez-regiones-para-capacitacion-en-turismo","status":"publish","type":"post","link":"https:\/\/www.turistamagazine.com\/v2\/?p=38122","title":{"rendered":"MINCETUR ENTREGA CAMIONETAS DE \u00daLTIMA GENERACI\u00d3N DONADAS POR EL PUEBLO JAPON\u00c9S A DIEZ REGIONES PARA CAPACITACION EN TURISMO"},"content":{"rendered":"<p>27\/11\/20187 Lima.- El Ministerio de Comercio Exterior y Turismo (Mincetur) entreg\u00f3 diez camionetas japonesas de \u00faltima generaci\u00f3n a diez regiones del pa\u00eds para el desarrollo de sus actividades de capacitaci\u00f3n en materia tur\u00edstica destinadas a 195 mil personas aproximadamente.<\/p>\n<p style=\"text-align: justify;\">La ceremonia de donaci\u00f3n de las diez unidades estuvo presidida por el <em><strong><span style=\"color: #000080;\">Embajador de Jap\u00f3n en el Per\u00fa, Sadayuki Tsuchiya, y el ministro de Comercio Exterior y Turismo, Rogers Valencia<\/span><\/strong><\/em>.<\/p>\n<p style=\"text-align: justify;\"><strong><em><span style=\"color: #000080;\">\u201cAlrededor de 195 mil personas podr\u00e1n ser capacitadas en el a\u00f1o 2019 gracias a estas unidades donadas por el pueblo japon\u00e9s. Estas camionetas les permitir\u00e1n a las regiones mejorar la experiencia de los turistas nacionales y extranjeros que visitan el Per\u00fa\u201d<\/span>,<\/em><\/strong> destac\u00f3 el titular del Mincetur.<\/p>\n<p style=\"text-align: justify;\">Precis\u00f3 que, estos veh\u00edculos fueron entregados por el gobierno del Jap\u00f3n, a trav\u00e9s de su Embajada y su Sistema de Cooperaci\u00f3n Internacional (JICS).<\/p>\n<p><a href=\"https:\/\/www.turistamagazine.com\/v2\/wp-content\/uploads\/2018\/11\/foto-2-1.jpg\"><img decoding=\"async\" class=\"aligncenter wp-image-38124\" src=\"https:\/\/www.turistamagazine.com\/v2\/wp-content\/uploads\/2018\/11\/foto-2-1.jpg\" alt=\"\" width=\"600\" height=\"399\" srcset=\"https:\/\/www.turistamagazine.com\/v2\/wp-content\/uploads\/2018\/11\/foto-2-1.jpg 640w, https:\/\/www.turistamagazine.com\/v2\/wp-content\/uploads\/2018\/11\/foto-2-1-300x200.jpg 300w, https:\/\/www.turistamagazine.com\/v2\/wp-content\/uploads\/2018\/11\/foto-2-1-631x420.jpg 631w, https:\/\/www.turistamagazine.com\/v2\/wp-content\/uploads\/2018\/11\/foto-2-1-610x406.jpg 610w\" sizes=\"(max-width: 600px) 100vw, 600px\" \/><\/a><\/p>\n<p style=\"text-align: justify;\"><strong><em><span style=\"color: #000080;\">\u201cEl Mincetur logr\u00f3 adquirir diez veh\u00edculos tipo Van gracias al pueblo japon\u00e9s y a trav\u00e9s de la suscripci\u00f3n de un convenio. Cada uno est\u00e1 valorizado en S\/ 297,781 aproximadamente y ser\u00e1n destinados exclusivamente a la promoci\u00f3n y capacitaci\u00f3n tur\u00edstica. La inversi\u00f3n total asciende a S\/2\u00b4976,738\u201d<\/span>,<\/em><\/strong> se\u00f1al\u00f3 el ministro.<\/p>\n<p style=\"text-align: justify;\">Cabe destacar que, cada veh\u00edculo est\u00e1 equipado con: un monitor LCD, DVD, proyector, pantalla m\u00f3vil, sistema de megafon\u00eda, micr\u00f3fono, mesa y sillas plegables y una computadora personal. Adem\u00e1s, cuenta con un sistema independiente de energ\u00eda de larga duraci\u00f3n.<\/p>\n<p style=\"text-align: justify;\"><strong><em><span style=\"color: #000080;\">\u201cDebido al alcance que tiene el sistema de megafon\u00eda de cada unidad m\u00f3vil, la capacitaci\u00f3n podr\u00e1 llegar hasta 500 personas vinculadas al sector turismo, entre autoridades, prestadores de servicios tur\u00edsticos, ciudadanos y visitantes, nacionales e internacionales<\/span>\u201d,<\/em><\/strong> detall\u00f3.<\/p>\n<p style=\"text-align: justify;\">\u201cSeguimos trabajando para impulsar el turismo en el pa\u00eds. Este es un trabajo conjunto que realizamos desde el gobierno central, con apoyo de los gobiernos regionales y locales\u201d, sostuvo el ministro Valencia.<\/p>\n<p style=\"text-align: justify;\"><strong><span style=\"color: #000080;\">IMPORTANTE<\/span><\/strong><\/p>\n<p style=\"text-align: justify;\">Ser\u00e1n siete regiones del Per\u00fa que recibir\u00e1n una camioneta, estas perteneces a Cusco, Puno, Tacna, Amazonas, Cajamarca, Arequipa y Lambayeque. Tambi\u00e9n se har\u00e1 entregar\u00e1 de estas unidades a las municipalidades provinciales de Ilo (Moquegua) y Huaylas (\u00c1ncash).<\/p>\n<p style=\"text-align: justify;\"><em><strong><span style=\"color: #000080;\">Los representantes de los gobiernos regionales y municipalidades beneficiadas recibieron previamente una capacitaci\u00f3n respecto a la operaci\u00f3n y mantenimiento de los veh\u00edculos.<\/span><\/strong><\/em><\/p>\n<p style=\"text-align: justify;\"><em><strong><span style=\"color: #000080;\">La entrega de estas unidades contribuir\u00e1 al cumplimiento del Plan Estrat\u00e9gico Nacional de Turismo \u2013 PENTUR al 2025.<\/span><\/strong><\/em><\/p>\n","protected":false},"excerpt":{"rendered":"<p>27\/11\/20187 Lima.- El Ministerio de Comercio Exterior y Turismo (Mincetur) entreg\u00f3 diez camionetas japonesas de \u00faltima generaci\u00f3n a diez regiones del pa\u00eds para el desarrollo de sus actividades de capacitaci\u00f3n en materia tur\u00edstica destinadas a 195 mil personas aproximadamente. La ceremonia de donaci\u00f3n de las diez unidades estuvo presidida por el Embajador de Jap\u00f3n en el Per\u00fa, Sadayuki Tsuchiya, y el ministro de Comercio Exterior y Turismo, Rogers Valencia. \u201cAlrededor de 195 mil personas podr\u00e1n ser capacitadas en el a\u00f1o 2019 gracias a estas unidades donadas por el pueblo japon\u00e9s. Estas camionetas les permitir\u00e1n a las regiones mejorar la experiencia&#8230;<\/p>\n","protected":false},"author":1,"featured_media":0,"comment_status":"open","ping_status":"open","sticky":false,"template":"","format":"standard","meta":{"footnotes":""},"categories":[4,82],"tags":[8626,6132,117,6759,330,749],"class_list":["post-38122","post","type-post","status-publish","format-standard","hentry","category-breaking-news","category-nacionales","tag-embajador-sadayuki-tsuchiya","tag-portal-de-noticias-turistamagazine","tag-promocion-turistica","tag-rogers-valencia","tag-turismo-en-el-peru","tag-turistamagazine"],"_links":{"self":[{"href":"https:\/\/www.turistamagazine.com\/v2\/index.php?rest_route=\/wp\/v2\/posts\/38122","targetHints":{"allow":["GET"]}}],"collection":[{"href":"https:\/\/www.turistamagazine.com\/v2\/index.php?rest_route=\/wp\/v2\/posts"}],"about":[{"href":"https:\/\/www.turistamagazine.com\/v2\/index.php?rest_route=\/wp\/v2\/types\/post"}],"author":[{"embeddable":true,"href":"https:\/\/www.turistamagazine.com\/v2\/index.php?rest_route=\/wp\/v2\/users\/1"}],"replies":[{"embeddable":true,"href":"https:\/\/www.turistamagazine.com\/v2\/index.php?rest_route=%2Fwp%2Fv2%2Fcomments&post=38122"}],"version-history":[{"count":2,"href":"https:\/\/www.turistamagazine.com\/v2\/index.php?rest_route=\/wp\/v2\/posts\/38122\/revisions"}],"predecessor-version":[{"id":38126,"href":"https:\/\/www.turistamagazine.com\/v2\/index.php?rest_route=\/wp\/v2\/posts\/38122\/revisions\/38126"}],"wp:attachment":[{"href":"https:\/\/www.turistamagazine.com\/v2\/index.php?rest_route=%2Fwp%2Fv2%2Fmedia&parent=38122"}],"wp:term":[{"taxonomy":"category","embeddable":true,"href":"https:\/\/www.turistamagazine.com\/v2\/index.php?rest_route=%2Fwp%2Fv2%2Fcategories&post=38122"},{"taxonomy":"post_tag","embeddable":true,"href":"https:\/\/www.turistamagazine.com\/v2\/index.php?rest_route=%2Fwp%2Fv2%2Ftags&post=38122"}],"curies":[{"name":"wp","href":"https:\/\/api.w.org\/{rel}","templated":true}]}}