{"id":37942,"date":"2018-11-16T09:26:39","date_gmt":"2018-11-16T14:26:39","guid":{"rendered":"http:\/\/www.turistamagazine.com\/v2\/?p=37942"},"modified":"2018-11-16T09:51:57","modified_gmt":"2018-11-16T14:51:57","slug":"capatur-anuncia-temporada-verano-2019-en-paracas","status":"publish","type":"post","link":"https:\/\/www.turistamagazine.com\/v2\/?p=37942","title":{"rendered":"CAPATUR ANUNCIA TEMPORADA VERANO 2019 EN PARACAS"},"content":{"rendered":"<p style=\"text-align: center;\"><strong><span style=\"color: #000080;\"><em>El Presidente de CAPATUR, Eduardo J\u00e1uregui adelant\u00f3 que el punto m\u00e1s importante de la mencionada temporada es Semana Santa en que se espera la asistencia de unas 70 mil personas.<\/em><\/span><\/strong><\/p>\n<p style=\"text-align: justify;\">16\/11\/2018\/Ica.-Con la llegada del crucero <strong><em><span style=\"color: #000080;\">\u201cFram\u201d de Noruega y con la presencia de 307 turistas<\/span>,<\/em><\/strong> el Presidente de la C\u00e1mara de Turismo y Comercio Exterior de Paracas <span style=\"color: #000080;\"><strong><em>(CAPATUR),<\/em><\/strong><\/span> Eduardo J\u00e1uregui anunci\u00f3 el inicio de la temporada\u00a0 <span style=\"color: #000080;\"><strong><em>\u201cVerano 2019\u201d<\/em><\/strong><\/span> con el primer gran evento que es la Convenci\u00f3n Anual de Ejecutivos <strong><em><span style=\"color: #000080;\">(CADE 2018) del 28 al 30 de noviembre pr\u00f3ximo en el principal balneario de la Regi\u00f3n Ica<\/span>.<\/em><\/strong><\/p>\n<p style=\"text-align: justify;\">Para esa oportunidad, el titular de CAPATUR estim\u00f3 la asistencia de unas 4,500 personas, entre empresarios, expositores, embajadores, trabajadores provenientes de diferentes empresas, funcionarios, inversionistas nacionales y extranjeros, as\u00ed como autoridades gubernamentales y periodistas especializados.<\/p>\n<p><a href=\"https:\/\/www.turistamagazine.com\/v2\/wp-content\/uploads\/2018\/11\/5bdafeba08f3d9fa228b456a-1.jpg\"><img decoding=\"async\" class=\"aligncenter wp-image-37944\" src=\"https:\/\/www.turistamagazine.com\/v2\/wp-content\/uploads\/2018\/11\/5bdafeba08f3d9fa228b456a-1.jpg\" alt=\"\" width=\"600\" height=\"450\" srcset=\"https:\/\/www.turistamagazine.com\/v2\/wp-content\/uploads\/2018\/11\/5bdafeba08f3d9fa228b456a-1.jpg 620w, https:\/\/www.turistamagazine.com\/v2\/wp-content\/uploads\/2018\/11\/5bdafeba08f3d9fa228b456a-1-300x225.jpg 300w, https:\/\/www.turistamagazine.com\/v2\/wp-content\/uploads\/2018\/11\/5bdafeba08f3d9fa228b456a-1-560x420.jpg 560w\" sizes=\"(max-width: 600px) 100vw, 600px\" \/><\/a><\/p>\n<p style=\"text-align: justify;\"><span style=\"color: #000080;\"><strong><em>\u201cParacas captar\u00eda en divisas unos US$4.0 millones durante la realizaci\u00f3n del CADE 2018, cifra que es similar a lo recibido en la edici\u00f3n 2017\u201d<\/em><\/strong><\/span>, manifest\u00f3 el dirigente empresarial.<\/p>\n<p style=\"text-align: justify;\">J\u00e1uregui agreg\u00f3 que Paracas se engalanar\u00e1 con la presencia en el CADE 2018 del Presidente de La Rep\u00fablica, Mart\u00edn Vizcarra y del Jefe del Gabinete Ministerial, C\u00e9sar Villanueva.<\/p>\n<p style=\"text-align: justify;\"><span style=\"color: #000080;\"><strong><em>A\u00f1o Nuevo y Dakar 2019<\/em><\/strong><\/span><\/p>\n<p style=\"text-align: justify;\">De otra parte, el presidente de CAPATUR se refiri\u00f3 a la tradicional <span style=\"color: #000080;\"><strong><em>Fiesta de A\u00f1o Nuevo en Paracas en la que se espera recibir m\u00e1s de 50 mil personas que abarrotar\u00e1n los hoteles de la mencionada jurisdicci\u00f3n y tambi\u00e9n las principales playas de la Reserva Nacional de Paracas.<\/em><\/strong><\/span><\/p>\n<p style=\"text-align: justify;\">Al respecto, J\u00e1uregui inform\u00f3 que cada hotel organizar\u00e1 su cena y fiesta para recibir el a\u00f1o nuevo y <span style=\"color: #000080;\"><strong><em>\u201cya se est\u00e1n alistando las reservas para esa ocasi\u00f3n\u201d<\/em><\/strong><\/span><\/p>\n<p style=\"text-align: justify;\">En tanto, se\u00f1al\u00f3 que la gente que ha decidido recibir el a\u00f1o nuevo en las playas de Paracas, disfrutar\u00e1 de la naturaleza y las brisas del mar en medio de diferentes fogatas que armar\u00e1n en sus campamentos.<\/p>\n<p style=\"text-align: justify;\">Luego, J\u00e1uregui inform\u00f3 que en la primera semana de enero Paracas ser\u00e1 escenario del <span style=\"color: #000080;\"><strong><em>Rally Dakar,<\/em><\/strong><\/span> tanto de ida como de regreso.<\/p>\n<p style=\"text-align: justify;\">\u00a0<span style=\"color: #000080;\"><strong><em>\u201cSe espera la concurrencia en Paracas de unas 50 mil turistas que presenciar\u00e1n el paso de los diferentes coches que participar\u00e1n en el Rally Dakar 2019\u201d,<\/em><\/strong> estim\u00f3.<\/span><\/p>\n<div id=\"attachment_35062\" style=\"width: 610px\" class=\"wp-caption aligncenter\"><a href=\"https:\/\/www.turistamagazine.com\/v2\/wp-content\/uploads\/2018\/05\/Artesan\u00eda.jpg\"><img decoding=\"async\" aria-describedby=\"caption-attachment-35062\" class=\"wp-image-35062\" src=\"https:\/\/www.turistamagazine.com\/v2\/wp-content\/uploads\/2018\/05\/Artesan\u00eda.jpg\" alt=\"\" width=\"600\" height=\"450\" \/><\/a><p id=\"caption-attachment-35062\" class=\"wp-caption-text\"><span style=\"color: #000080;\"><em>La excepcional obra del muelle desde donde zarpan las embarcaciones para la excursi\u00f3n a las Islas Ballestas,\u00a0 Fot\/ Turistamagazine.<\/em><\/span><\/p><\/div>\n<p style=\"text-align: justify;\"><span style=\"color: #000080;\"><strong><em>\u00a0D\u00eda del Pisco Sour<\/em><\/strong><\/span><\/p>\n<p style=\"text-align: justify;\">Una de las actividades que concita mayor atenci\u00f3n en el turista es la conmemoraci\u00f3n del D\u00eda del Pisco Sour a desarrollarse en el primer s\u00e1bado de febrero, teniendo en cuenta que la bebida de bandera nacional se origin\u00f3 en la provincia de Pisco (Ica).<\/p>\n<p style=\"text-align: justify;\"><span style=\"color: #000080;\"><strong><em>Un d\u00eda antes, la C\u00e1mara de Turismo y Comercio Exterior de Paracas elegir\u00e1 a la Reina del Pisco Sour 2019 entre las bellas candidatas que competir\u00e1n por el referido trono.<\/em><\/strong><\/span><\/p>\n<p style=\"text-align: justify;\">Eduardo J\u00e1uregui inform\u00f3 que la nueva Reina del Pisco Sour 2019 acompa\u00f1ar\u00e1 a la directiva de CAPATUR en un pasacalle por la principal arteria del distrito, conjuntamente con la banda de m\u00fasicos, diferentes artistas y caballos de paso.<\/p>\n<p style=\"text-align: justify;\">Igualmente, se desarrollar\u00e1n un concurso del mejor Pisco Sour de Paracas y se cerrar\u00e1 la festividad con una Fiesta Criolla.<\/p>\n<p style=\"text-align: justify;\">\n","protected":false},"excerpt":{"rendered":"<p>El Presidente de CAPATUR, Eduardo J\u00e1uregui adelant\u00f3 que el punto m\u00e1s importante de la mencionada temporada es Semana Santa en que se espera la asistencia de unas 70 mil personas. 16\/11\/2018\/Ica.-Con la llegada del crucero \u201cFram\u201d de Noruega y con la presencia de 307 turistas, el Presidente de la C\u00e1mara de Turismo y Comercio Exterior de Paracas (CAPATUR), Eduardo J\u00e1uregui anunci\u00f3 el inicio de la temporada\u00a0 \u201cVerano 2019\u201d con el primer gran evento que es la Convenci\u00f3n Anual de Ejecutivos (CADE 2018) del 28 al 30 de noviembre pr\u00f3ximo en el principal balneario de la Regi\u00f3n Ica. Para esa oportunidad,&#8230;<\/p>\n","protected":false},"author":1,"featured_media":0,"comment_status":"open","ping_status":"open","sticky":false,"template":"","format":"standard","meta":{"footnotes":""},"categories":[4,82],"tags":[7471,6805,1253,749],"class_list":["post-37942","post","type-post","status-publish","format-standard","hentry","category-breaking-news","category-nacionales","tag-elenita-villar-asesora-de-tesis-en-turismo","tag-feinpretudi","tag-paracas-y-las-islas-ballestas","tag-turistamagazine"],"_links":{"self":[{"href":"https:\/\/www.turistamagazine.com\/v2\/index.php?rest_route=\/wp\/v2\/posts\/37942","targetHints":{"allow":["GET"]}}],"collection":[{"href":"https:\/\/www.turistamagazine.com\/v2\/index.php?rest_route=\/wp\/v2\/posts"}],"about":[{"href":"https:\/\/www.turistamagazine.com\/v2\/index.php?rest_route=\/wp\/v2\/types\/post"}],"author":[{"embeddable":true,"href":"https:\/\/www.turistamagazine.com\/v2\/index.php?rest_route=\/wp\/v2\/users\/1"}],"replies":[{"embeddable":true,"href":"https:\/\/www.turistamagazine.com\/v2\/index.php?rest_route=%2Fwp%2Fv2%2Fcomments&post=37942"}],"version-history":[{"count":1,"href":"https:\/\/www.turistamagazine.com\/v2\/index.php?rest_route=\/wp\/v2\/posts\/37942\/revisions"}],"predecessor-version":[{"id":37945,"href":"https:\/\/www.turistamagazine.com\/v2\/index.php?rest_route=\/wp\/v2\/posts\/37942\/revisions\/37945"}],"wp:attachment":[{"href":"https:\/\/www.turistamagazine.com\/v2\/index.php?rest_route=%2Fwp%2Fv2%2Fmedia&parent=37942"}],"wp:term":[{"taxonomy":"category","embeddable":true,"href":"https:\/\/www.turistamagazine.com\/v2\/index.php?rest_route=%2Fwp%2Fv2%2Fcategories&post=37942"},{"taxonomy":"post_tag","embeddable":true,"href":"https:\/\/www.turistamagazine.com\/v2\/index.php?rest_route=%2Fwp%2Fv2%2Ftags&post=37942"}],"curies":[{"name":"wp","href":"https:\/\/api.w.org\/{rel}","templated":true}]}}