{"id":37828,"date":"2018-11-08T09:31:44","date_gmt":"2018-11-08T14:31:44","guid":{"rendered":"http:\/\/www.turistamagazine.com\/v2\/?p=37828"},"modified":"2018-11-08T09:31:44","modified_gmt":"2018-11-08T14:31:44","slug":"aerolinea-ryanair-despidio-a-6-tripulantes-por-foto-falsa-durmiendo-en-el-piso","status":"publish","type":"post","link":"https:\/\/www.turistamagazine.com\/v2\/?p=37828","title":{"rendered":"AEROL\u00cdNEA RYANAIR DESPIDI\u00d3 A 6 TRIPULANTES POR \u00abFOTO FALSA\u00bb DURMIENDO EN EL PISO"},"content":{"rendered":"<p style=\"text-align: justify;\">8\/11\/2018\/ M\u00e1laga .-La aerol\u00ednea de bajo coste Ryanair inform\u00f3 el mi\u00e9rcoles 7 del despido de seis tripulantes de cabina acusados de haber publicado una <strong><em><span style=\"color: #000080;\">\u00abfoto falsa<\/span>\u00ab<\/em><\/strong> de ellos durmiendo en el suelo en un aeropuerto espa\u00f1ol para denunciar sus condiciones laborales.<\/p>\n<p style=\"text-align: justify;\"><span style=\"color: #000080;\"><strong><em>\u00abLos seis tripulantes de cabina de Porto fueron despedidos el lunes 5 de noviembre (\u2026) por una falta grave por haber escenificado una foto falsa\u00bb en el suelo para hacer creer \u00abque hab\u00edan sido &#8216;forzados a dormir en el suelo&#8217; en la sala de tripulaci\u00f3n de M\u00e1laga\u00bb<\/em><\/strong><\/span> (sur de Espa\u00f1a), declar\u00f3 la compa\u00f1\u00eda irlandesa en un comunicado.<\/p>\n<p style=\"text-align: justify;\">Ryanair, \u00a0que tiene hace meses conflictos laborales con sus n\u00f3minas en varios pa\u00edses, afirm\u00f3 que su reputaci\u00f3n hab\u00eda quedado da\u00f1ada por la publicaci\u00f3n de esta fotograf\u00eda que gener\u00f3 un gran revuelo.<\/p>\n<p style=\"text-align: justify;\">El 14 de octubre, con fuertes tormentas que bloqueaban el tr\u00e1fico a\u00e9reo, una veintena de miembros del personal de cabina asentado en Portugal tuvo que pasar la noche en el aeropuerto de M\u00e1laga.<\/p>\n<p style=\"text-align: justify;\"><span style=\"color: #000080;\"><strong><em>Primero fueron instalados en la sala de la tripulaci\u00f3n, equipada solamente con algunas sillas seg\u00fan los sindicatos, y despu\u00e9s en la sala VIP destinada normalmente a los clientes.<\/em><\/strong><\/span><\/p>\n<p style=\"text-align: justify;\">Algunos empleados se acostaron \u00a0en el piso para tomarse una fotograf\u00eda. La publicaron en Twitter asegurando que <span style=\"color: #000080;\"><strong><em>\u00abduermen en el piso de una sala de tripulaci\u00f3n\u00bb<\/em><\/strong><\/span> y llam\u00f3 la atenci\u00f3n de la direcci\u00f3n.<\/p>\n<p style=\"text-align: justify;\"><strong><em><span style=\"color: #000080;\">\u00abDesgraciadamente, todos los hoteles estaban llenos en M\u00e1laga\u00bb<\/span>,<\/em><\/strong> respondi\u00f3 en medio del revuelo el director de operaciones Peter Bellew. <strong><em>\u00ab<span style=\"color: #000080;\">La tormenta cre\u00f3 enormes da\u00f1os en Portugal. La tripulaci\u00f3n fue trasladada a la sala VIP\u00bb<\/span><\/em><\/strong>, a\u00f1adi\u00f3.<\/p>\n<p style=\"text-align: justify;\"><span style=\"color: #000080;\"><strong><em>\u00abTodos sabemos que M\u00e1laga (\u2026) y toda la costa del Sol tienen una oferta de alojamiento enorme y mucho m\u00e1s en octubre, que es temporada baja\u00bb, respondi\u00f3 el sindicato espa\u00f1ol Sticpla en un comunicado recibido este mi\u00e9rcoles por la AFP<\/em><\/strong>.<\/span><\/p>\n<p style=\"text-align: justify;\">Para Luciana Passo, presidenta del sindicato portugu\u00e9s SNPVAC, la controvertida fotograf\u00eda era sobre todo una <span style=\"color: #000080;\"><strong><em>\u00abmanifestaci\u00f3n del derecho a la indignaci\u00f3n\u00bb.<\/em><\/strong><\/span><\/p>\n<p style=\"text-align: justify;\"><span style=\"color: #000080;\"><strong><em>\u00abHab\u00eda 24 miembros en una sala con ocho sillas. Algunos de ellos decidieron manifestar su indignaci\u00f3n acost\u00e1ndose en el piso \u00a0ya que las otras sillas estaban ocupadas, y una persona, que no formaba parte de la tripulaci\u00f3n, decidi\u00f3 publicar la foto en redes sociales. \u00a1Y han acabado despedidos!\u00bb<\/em><\/strong><\/span>, denunci\u00f3, seg\u00fan la agencia portuguesa Lusa.<\/p>\n<p style=\"text-align: justify;\">Este despido es <span style=\"color: #000080;\"><strong><em>\u00abuna verg\u00fcenza\u00bb, coincidi\u00f3 el mi\u00e9rcoles Ernesto Iglesias, del sindicato espa\u00f1ol LUSO, en declaraciones a la AFP.<\/em><\/strong><\/span><\/p>\n<p style=\"text-align: justify;\"><span style=\"color: #000080;\"><strong><em>\u00abEsto se denunci\u00f3 durante la huelga (europea de Ryanair en septiembre, ndlr) que las salas de tripulaci\u00f3n no estaban habilitadas para descansar\u00bb,<\/em><\/strong><\/span> se\u00f1al\u00f3.<\/p>\n<p style=\"text-align: justify;\">F\/AFP-F\/Twitter<\/p>\n","protected":false},"excerpt":{"rendered":"<p>8\/11\/2018\/ M\u00e1laga .-La aerol\u00ednea de bajo coste Ryanair inform\u00f3 el mi\u00e9rcoles 7 del despido de seis tripulantes de cabina acusados de haber publicado una \u00abfoto falsa\u00ab de ellos durmiendo en el suelo en un aeropuerto espa\u00f1ol para denunciar sus condiciones laborales. \u00abLos seis tripulantes de cabina de Porto fueron despedidos el lunes 5 de noviembre (\u2026) por una falta grave por haber escenificado una foto falsa\u00bb en el suelo para hacer creer \u00abque hab\u00edan sido &#8216;forzados a dormir en el suelo&#8217; en la sala de tripulaci\u00f3n de M\u00e1laga\u00bb (sur de Espa\u00f1a), declar\u00f3 la compa\u00f1\u00eda irlandesa en un comunicado. Ryanair, \u00a0que&#8230;<\/p>\n","protected":false},"author":1,"featured_media":0,"comment_status":"open","ping_status":"open","sticky":false,"template":"","format":"standard","meta":{"footnotes":""},"categories":[4,82],"tags":[7471,8566,4256,749,5078],"class_list":["post-37828","post","type-post","status-publish","format-standard","hentry","category-breaking-news","category-nacionales","tag-elenita-villar-asesora-de-tesis-en-turismo","tag-peter-bellew","tag-ryanair","tag-turistamagazine","tag-ver-todos"],"_links":{"self":[{"href":"https:\/\/www.turistamagazine.com\/v2\/index.php?rest_route=\/wp\/v2\/posts\/37828","targetHints":{"allow":["GET"]}}],"collection":[{"href":"https:\/\/www.turistamagazine.com\/v2\/index.php?rest_route=\/wp\/v2\/posts"}],"about":[{"href":"https:\/\/www.turistamagazine.com\/v2\/index.php?rest_route=\/wp\/v2\/types\/post"}],"author":[{"embeddable":true,"href":"https:\/\/www.turistamagazine.com\/v2\/index.php?rest_route=\/wp\/v2\/users\/1"}],"replies":[{"embeddable":true,"href":"https:\/\/www.turistamagazine.com\/v2\/index.php?rest_route=%2Fwp%2Fv2%2Fcomments&post=37828"}],"version-history":[{"count":1,"href":"https:\/\/www.turistamagazine.com\/v2\/index.php?rest_route=\/wp\/v2\/posts\/37828\/revisions"}],"predecessor-version":[{"id":37830,"href":"https:\/\/www.turistamagazine.com\/v2\/index.php?rest_route=\/wp\/v2\/posts\/37828\/revisions\/37830"}],"wp:attachment":[{"href":"https:\/\/www.turistamagazine.com\/v2\/index.php?rest_route=%2Fwp%2Fv2%2Fmedia&parent=37828"}],"wp:term":[{"taxonomy":"category","embeddable":true,"href":"https:\/\/www.turistamagazine.com\/v2\/index.php?rest_route=%2Fwp%2Fv2%2Fcategories&post=37828"},{"taxonomy":"post_tag","embeddable":true,"href":"https:\/\/www.turistamagazine.com\/v2\/index.php?rest_route=%2Fwp%2Fv2%2Ftags&post=37828"}],"curies":[{"name":"wp","href":"https:\/\/api.w.org\/{rel}","templated":true}]}}