{"id":37790,"date":"2018-11-07T09:44:43","date_gmt":"2018-11-07T14:44:43","guid":{"rendered":"http:\/\/www.turistamagazine.com\/v2\/?p=37790"},"modified":"2018-11-07T09:44:43","modified_gmt":"2018-11-07T14:44:43","slug":"viva-air-contempla-ingresar-a-un-tercer-pais-latino-tras-colombia-y-peru","status":"publish","type":"post","link":"https:\/\/www.turistamagazine.com\/v2\/?p=37790","title":{"rendered":"VIVA AIR CONTEMPLA INGRESAR A UN TERCER PA\u00cdS LATINO TRAS COLOMBIA Y PER\u00da"},"content":{"rendered":"<p style=\"text-align: center;\"><strong><em><span style=\"color: #000080;\">SER\u00cdA EN 2020 SEG\u00daN F\u00c9LIX ANTELO<\/span><\/em><\/strong><\/p>\n<p style=\"text-align: justify;\">07\/11\/2018\/Bogot\u00e1.- \u00a0El CEO de Viva Air, F\u00e9lix Antelo, dentro de las actividades de la llegada del avi\u00f3n color rosa, s\u00edmbolo de la prevenci\u00f3n del c\u00e1ncer de seno, anunci\u00f3 que a 2020 Viva Air llegar\u00e1 a un tercer pa\u00eds en Latinoam\u00e9rica.<\/p>\n<p style=\"text-align: justify;\">Aunque Antelo no detall\u00f3 cu\u00e1l ser\u00e1 el pa\u00eds que le seguir\u00e1 a Colombia <strong><em>y a Per\u00fa<\/em><\/strong>, si coment\u00f3 que estos dos mercados son los principales para la aerol\u00ednea en 2019. <span style=\"color: #000080;\"><strong><em>\u201cEstamos viendo un tercer pa\u00eds que no podemos comentar. El a\u00f1o 2019 va a ser de foco y consolidaci\u00f3n en el Per\u00fa y Colombia y en el a\u00f1o 2020 en adelante si podr\u00edamos ver un tercer pa\u00eds\u201d<\/em><\/strong><\/span>, dijo Antelo a la prensa.<\/p>\n<p style=\"text-align: justify;\">La aerol\u00ednea invirti\u00f3 5.200 millones de d\u00f3lares en esta nueva flota Airbus A320, con el fin de aumentar la capacidad operativa a 2023. Son 15 aeronaves del modelo A320ceo y 35 de A320neo, de las cuales est\u00e1n recibiendo las primeras siete. En Colombia y Per\u00fa Viva Air opera 32 rutas con una flota de 19 aviones. Este a\u00f1o la low cost mantiene una ocupaci\u00f3n por encima del 80%.<\/p>\n<p style=\"text-align: justify;\">\n","protected":false},"excerpt":{"rendered":"<p>SER\u00cdA EN 2020 SEG\u00daN F\u00c9LIX ANTELO 07\/11\/2018\/Bogot\u00e1.- \u00a0El CEO de Viva Air, F\u00e9lix Antelo, dentro de las actividades de la llegada del avi\u00f3n color rosa, s\u00edmbolo de la prevenci\u00f3n del c\u00e1ncer de seno, anunci\u00f3 que a 2020 Viva Air llegar\u00e1 a un tercer pa\u00eds en Latinoam\u00e9rica. Aunque Antelo no detall\u00f3 cu\u00e1l ser\u00e1 el pa\u00eds que le seguir\u00e1 a Colombia y a Per\u00fa, si coment\u00f3 que estos dos mercados son los principales para la aerol\u00ednea en 2019. \u201cEstamos viendo un tercer pa\u00eds que no podemos comentar. El a\u00f1o 2019 va a ser de foco y consolidaci\u00f3n en el Per\u00fa y Colombia&#8230;<\/p>\n","protected":false},"author":1,"featured_media":0,"comment_status":"open","ping_status":"open","sticky":false,"template":"","format":"standard","meta":{"footnotes":""},"categories":[4,84],"tags":[206,624,6132,749,6859],"class_list":["post-37790","post","type-post","status-publish","format-standard","hentry","category-breaking-news","category-internacionales","tag-colombia","tag-felix-antelo","tag-portal-de-noticias-turistamagazine","tag-turistamagazine","tag-viva-air-peru"],"_links":{"self":[{"href":"https:\/\/www.turistamagazine.com\/v2\/index.php?rest_route=\/wp\/v2\/posts\/37790","targetHints":{"allow":["GET"]}}],"collection":[{"href":"https:\/\/www.turistamagazine.com\/v2\/index.php?rest_route=\/wp\/v2\/posts"}],"about":[{"href":"https:\/\/www.turistamagazine.com\/v2\/index.php?rest_route=\/wp\/v2\/types\/post"}],"author":[{"embeddable":true,"href":"https:\/\/www.turistamagazine.com\/v2\/index.php?rest_route=\/wp\/v2\/users\/1"}],"replies":[{"embeddable":true,"href":"https:\/\/www.turistamagazine.com\/v2\/index.php?rest_route=%2Fwp%2Fv2%2Fcomments&post=37790"}],"version-history":[{"count":1,"href":"https:\/\/www.turistamagazine.com\/v2\/index.php?rest_route=\/wp\/v2\/posts\/37790\/revisions"}],"predecessor-version":[{"id":37791,"href":"https:\/\/www.turistamagazine.com\/v2\/index.php?rest_route=\/wp\/v2\/posts\/37790\/revisions\/37791"}],"wp:attachment":[{"href":"https:\/\/www.turistamagazine.com\/v2\/index.php?rest_route=%2Fwp%2Fv2%2Fmedia&parent=37790"}],"wp:term":[{"taxonomy":"category","embeddable":true,"href":"https:\/\/www.turistamagazine.com\/v2\/index.php?rest_route=%2Fwp%2Fv2%2Fcategories&post=37790"},{"taxonomy":"post_tag","embeddable":true,"href":"https:\/\/www.turistamagazine.com\/v2\/index.php?rest_route=%2Fwp%2Fv2%2Ftags&post=37790"}],"curies":[{"name":"wp","href":"https:\/\/api.w.org\/{rel}","templated":true}]}}