{"id":37756,"date":"2018-11-03T12:44:15","date_gmt":"2018-11-03T17:44:15","guid":{"rendered":"http:\/\/www.turistamagazine.com\/v2\/?p=37756"},"modified":"2018-11-03T12:45:33","modified_gmt":"2018-11-03T17:45:33","slug":"el-mejor-discurso-escuchado-viva-la-amista-peruano-turca","status":"publish","type":"post","link":"https:\/\/www.turistamagazine.com\/v2\/?p=37756","title":{"rendered":"EL MEJOR\u00a0 DISCURSO ESCUCHADO \u201cVIVA LA AMISTA PERUANO TURCA\u201d"},"content":{"rendered":"<p style=\"text-align: justify;\"><strong><em><span style=\"color: #000080;\">FRAN-CA-MENTE.<\/span><\/em><\/strong>-Es usual, cuando se asiste a ceremonias sobre todo protocolares que\u00a0 se inicien aparte de los himnos nacionales\u00a0 que es de rigor, <em><strong><span style=\"color: #000080;\">con largos interesantes y a veces\u00a0 tediosos discursos.<\/span><\/strong><\/em> Y no se diga nada cuando son presentaciones\u00a0 de libros o conferencias sobre alg\u00fan tema en especial donde siempre aparece un <em><strong><span style=\"color: #000080;\">\u201cerudito\u201d<\/span><\/strong><\/em> que sabe m\u00e1s que el mismo autor y se manda en una supuesta\u00a0 <em><strong><span style=\"color: #000080;\">\u201cpregunta\u201d<\/span><\/strong><\/em> toda una novela sobre el tema investigado <em><strong><span style=\"color: #000080;\">y la pregunta para malestar del\u00a0 autor y los presentes no llega nunca<\/span><\/strong><\/em>\u2026 raz\u00f3n por la cual\u00a0 se acostumbra\u00a0 ahora cuando uno asiste a este tipo de actos que las preguntas sean por escrito, es m\u00e1s a\u00fan ahora con la tecnolog\u00eda, se crea un\u00a0 <em><strong><span style=\"color: #000080;\">#<\/span><\/strong><\/em> y los asistentes le hacen la pregunta o aportan su valoraci\u00f3n del evento en el minuto y as\u00ed nada se <em><strong><span style=\"color: #000080;\">\u201c endulza\u201d<\/span><\/strong><\/em> con el micro\u2026<\/p>\n<p style=\"text-align: justify;\"><strong><em><span style=\"color: #000080;\">Pues volviendo sobre nuestro titular recientemente asistimos a\u00a0 la celebraci\u00f3n por el d\u00eda de la Independencia\u00a0 \u00a0de la Rep\u00fablica de Turqu\u00eda, en un c\u00e9ntrico hotel de San Isidro la ceremonia empez\u00f3 con horario Turco 7:30 o\u2019clock, luego delos himnos nacionales, una funcionaria de la embajada ley\u00f3 el mensaje del presidente\u00a0 Turqu\u00eda de Recep Tayyip Erdo\u011fan, que fue emotivo consistente y de varios minutos , luego la representante del Per\u00fa en la Uni\u00f3n Europea,\u00a0 se tom\u00f3 otros largos minutos en sus explicaciones\u00a0 logros entre nuestro pa\u00eds y el pa\u00eds de los tres mares.<\/span><\/em><\/strong><\/p>\n<p style=\"text-align: justify;\">Finalmente se ten\u00eda que escuchar las palabras del Embajador de Turqu\u00eda en nuestro pa\u00eds excelent\u00edsimo <em><strong><span style=\"color: #000080;\">Sr. Ferda Ackkerman,<\/span><\/strong><\/em> quien al acercase al p\u00f3dium sac\u00f3 sus lentes, y un discurso escrito del bolsillo \u00a0interno de su saco\u2026Lo pen\u00f3 un momento, miro a sus invitados que estaban expectantes, guard\u00f3 \u00a0nuevamente \u00a0lentes y discurso y dijo muy sonriente\u2026<em><strong><span style=\"color: #000080;\">\u00a1 VIVA EL PERU!&#8230; \u2026\u00a1 VIVA TURQU\u00cdA! \u00a1 VIVA LA AMISTA PERUANO TURCA!&#8230; MUCHAS GRACIAS\u2026<\/span><span style=\"color: #000080;\">N<\/span><span style=\"color: #000080;\">aturalmente todos el mundo sonri\u00f3, celebr\u00f3 y fue aplaudido calurosamente \u00a0este excelente mensaje\u2026 ya que inteligentemente y manifestando sus dotes diplom\u00e1ticas, se percat\u00f3 que todo para ese momento ya estaba dicho\u2026 Recordamos a un gran MAESTRO que no dec\u00eda Alguien \u201cdiscurso bueno, largo\u2026 MALO\u2026 discurso malo corto\u2026 BUENO\u2026 En el caso que nos compete, diremos que s\u00f3lo estuvo muy apropiado\u2026 FRAN-CA-MENTE.-<\/span><\/strong><\/em><\/p>\n<div id=\"attachment_37758\" style=\"width: 610px\" class=\"wp-caption aligncenter\"><a href=\"https:\/\/www.turistamagazine.com\/v2\/wp-content\/uploads\/2018\/11\/20181029_210831.jpg\"><img decoding=\"async\" aria-describedby=\"caption-attachment-37758\" class=\"wp-image-37758\" src=\"https:\/\/www.turistamagazine.com\/v2\/wp-content\/uploads\/2018\/11\/20181029_210831.jpg\" alt=\"\" width=\"600\" height=\"393\" \/><\/a><p id=\"caption-attachment-37758\" class=\"wp-caption-text\">Blanca Valdivia,Embajador Sr. Ferda Ackkerman y Elena Villar<\/p><\/div>\n<p>&nbsp;<\/p>\n","protected":false},"excerpt":{"rendered":"<p>FRAN-CA-MENTE.-Es usual, cuando se asiste a ceremonias sobre todo protocolares que\u00a0 se inicien aparte de los himnos nacionales\u00a0 que es de rigor, con largos interesantes y a veces\u00a0 tediosos discursos. Y no se diga nada cuando son presentaciones\u00a0 de libros o conferencias sobre alg\u00fan tema en especial donde siempre aparece un \u201cerudito\u201d que sabe m\u00e1s que el mismo autor y se manda en una supuesta\u00a0 \u201cpregunta\u201d toda una novela sobre el tema investigado y la pregunta para malestar del\u00a0 autor y los presentes no llega nunca\u2026 raz\u00f3n por la cual\u00a0 se acostumbra\u00a0 ahora cuando uno asiste a este tipo de&#8230;<\/p>\n","protected":false},"author":1,"featured_media":0,"comment_status":"open","ping_status":"open","sticky":false,"template":"","format":"standard","meta":{"footnotes":""},"categories":[346],"tags":[7471,8550,749,5078,8551],"class_list":["post-37756","post","type-post","status-publish","format-standard","hentry","category-francamente","tag-elenita-villar-asesora-de-tesis-en-turismo","tag-sr-ferda-ackkerman","tag-turistamagazine","tag-ver-todos","tag-viva-la-amista-peruano-turca"],"_links":{"self":[{"href":"https:\/\/www.turistamagazine.com\/v2\/index.php?rest_route=\/wp\/v2\/posts\/37756","targetHints":{"allow":["GET"]}}],"collection":[{"href":"https:\/\/www.turistamagazine.com\/v2\/index.php?rest_route=\/wp\/v2\/posts"}],"about":[{"href":"https:\/\/www.turistamagazine.com\/v2\/index.php?rest_route=\/wp\/v2\/types\/post"}],"author":[{"embeddable":true,"href":"https:\/\/www.turistamagazine.com\/v2\/index.php?rest_route=\/wp\/v2\/users\/1"}],"replies":[{"embeddable":true,"href":"https:\/\/www.turistamagazine.com\/v2\/index.php?rest_route=%2Fwp%2Fv2%2Fcomments&post=37756"}],"version-history":[{"count":3,"href":"https:\/\/www.turistamagazine.com\/v2\/index.php?rest_route=\/wp\/v2\/posts\/37756\/revisions"}],"predecessor-version":[{"id":37761,"href":"https:\/\/www.turistamagazine.com\/v2\/index.php?rest_route=\/wp\/v2\/posts\/37756\/revisions\/37761"}],"wp:attachment":[{"href":"https:\/\/www.turistamagazine.com\/v2\/index.php?rest_route=%2Fwp%2Fv2%2Fmedia&parent=37756"}],"wp:term":[{"taxonomy":"category","embeddable":true,"href":"https:\/\/www.turistamagazine.com\/v2\/index.php?rest_route=%2Fwp%2Fv2%2Fcategories&post=37756"},{"taxonomy":"post_tag","embeddable":true,"href":"https:\/\/www.turistamagazine.com\/v2\/index.php?rest_route=%2Fwp%2Fv2%2Ftags&post=37756"}],"curies":[{"name":"wp","href":"https:\/\/api.w.org\/{rel}","templated":true}]}}