{"id":37619,"date":"2018-10-26T12:36:20","date_gmt":"2018-10-26T17:36:20","guid":{"rendered":"http:\/\/www.turistamagazine.com\/v2\/?p=37619"},"modified":"2018-10-26T12:36:20","modified_gmt":"2018-10-26T17:36:20","slug":"ultraje-y-racismo-en-vuelo-de-ryanair-sera-que-las-lineas-de-bajo-costo-no-brindan-la-seguridades-suficientes","status":"publish","type":"post","link":"https:\/\/www.turistamagazine.com\/v2\/?p=37619","title":{"rendered":"ULTRAJE Y RACISMO EN VUELO DE RYANAIR \u00bfSER\u00c1 QUE LAS LINEAS DE BAJO COSTO NO BRINDAN \u00a0LA SEGURIDADES SUFICIENTES?\u2026"},"content":{"rendered":"<p style=\"text-align: justify;\"><strong><span style=\"color: #000080;\">FRAN-CA-MENTE.-<\/span><\/strong> \u00a0No quer\u00edamos dejar de pronunciarnos frente al maltrato y humillaci\u00f3n \u00a0que sufri\u00f3 una <strong>SRA.<\/strong>\u00a0 de color negro\u00a0 en un vuelo de RYANAIR que con todo derecho hizo uso del asiento que hab\u00eda comprado, desgraciadamente como compa\u00f1ero <em><strong><span style=\"color: #000080;\">de asiento le toco un energ\u00fameno aparentemente de color blanco \u00a0\u00a0que lleno de complejos de inferioridad y conceptos trasnochados en cuanto a que los seres humanos se clasifican por colores.<\/span><\/strong><\/em><\/p>\n<p style=\"text-align: justify;\">Este tipo ordinario\u00a0<span style=\"color: #000080;\"><strong><em>David Mesher, quien reside en Birmingham (centro de Inglaterra)<\/em><\/strong><\/span> se atrevi\u00f3 a gritarle a la referida dama\u00a0<span style=\"color: #000080;\"><strong><em>Delsie Gayle, de 77 a\u00f1os<\/em><\/strong><\/span>\u00a0<em><strong><span style=\"color: #000080;\">\u00abFEA, NEGRA BASTARDA\u201d<\/span><\/strong><\/em> \u00a0entre otra lindezas \u00a0basado no sabemos en qu\u00e9 concepto de belleza \u00a0pues por lo videos que han circulado por las redes \u00a0el susodicho de bonito no ten\u00eda nada, adem\u00e1s de una ignorancia supina, sab\u00eda exactamente el significado del adjetivo <em><strong><span style=\"color: #000080;\">\u201cbastard<\/span><\/strong><strong><span style=\"color: #000080;\">o\u201d<\/span><\/strong> <strong><span style=\"color: #000080;\">y como sab\u00eda si la dama en cuesti\u00f3n era o no bastarda\u2026<\/span><\/strong><\/em><\/p>\n<p style=\"text-align: justify;\">En este cambio de \u00e9poca donde todo \u00a0se conoce al momento, no sabemos si realmente la\u00a0 dama vejada ha recibido alguna compensaci\u00f3n\u00a0 del l\u00ednea a\u00e9rea RYANAIR, y si el energ\u00fameno fue o no multado por las autoridades , ya que <strong><em><span style=\"color: #000080;\">Ryanair ten\u00eda que \u00a0haber protegido a la pasajera de una manera apropiada, y no \u00a0haber cambiado a la pasajera de sitio y a su vez ten\u00eda que haber bajado del avi\u00f3n al individuo racista \u2026 \u00a0\u00bfSER\u00c1 QUE LAS LINEAS DE BAJO COSTO NO BRINDAN \u00a0LA SEGURIDADES SUFICIENTES?\u2026<\/span> <\/em><\/strong>Lamentablemente en esta aldea global en que vivimos todo se conoce al minuto, \u00a0asimismo todo se olvida al siguiente\u2026Y a la vez otra noticia tomar\u00e1 su lugar y se pierden en el espacio estos abusos\u2026 <span style=\"color: #000080;\"><strong><em>No hay duda la memoria \u201cNescafe\u201d se ha\u00a0 instalado en el mundo y muy pocos se preocupan por lo que le pase al pr\u00f3jimo\u2026es una l\u00e1stima\u2026Pero es el mundo que nos ha tocado vivir\u2026 Finalmente <\/em><\/strong><\/span><span style=\"color: #000080;\"><strong><em>este desagradable tipo explic\u00f3 que el abuso verbal dirigido contra Delsie Gayle,\u00a0 fue un \u00abpeque\u00f1o ataque de mal genio\u00bb, y que no es racista&#8230; Como\u00a0 no si as\u00ed es&#8230; y\u00a0 se niega a pedir disculpas &#8230;FRAN-CA-MENTE\u2026<\/em><\/strong><\/span><\/p>\n<p style=\"text-align: justify;\">\n","protected":false},"excerpt":{"rendered":"<p>FRAN-CA-MENTE.- \u00a0No quer\u00edamos dejar de pronunciarnos frente al maltrato y humillaci\u00f3n \u00a0que sufri\u00f3 una SRA.\u00a0 de color negro\u00a0 en un vuelo de RYANAIR que con todo derecho hizo uso del asiento que hab\u00eda comprado, desgraciadamente como compa\u00f1ero de asiento le toco un energ\u00fameno aparentemente de color blanco \u00a0\u00a0que lleno de complejos de inferioridad y conceptos trasnochados en cuanto a que los seres humanos se clasifican por colores. Este tipo ordinario\u00a0David Mesher, quien reside en Birmingham (centro de Inglaterra) se atrevi\u00f3 a gritarle a la referida dama\u00a0Delsie Gayle, de 77 a\u00f1os\u00a0\u00abFEA, NEGRA BASTARDA\u201d \u00a0entre otra lindezas \u00a0basado no sabemos en qu\u00e9&#8230;<\/p>\n","protected":false},"author":1,"featured_media":0,"comment_status":"open","ping_status":"open","sticky":false,"template":"","format":"standard","meta":{"footnotes":""},"categories":[346],"tags":[8526,8524,8525,6132,4256,749],"class_list":["post-37619","post","type-post","status-publish","format-standard","hentry","category-francamente","tag-delsie-gayle","tag-fea","tag-negra-bastarda","tag-portal-de-noticias-turistamagazine","tag-ryanair","tag-turistamagazine"],"_links":{"self":[{"href":"https:\/\/www.turistamagazine.com\/v2\/index.php?rest_route=\/wp\/v2\/posts\/37619","targetHints":{"allow":["GET"]}}],"collection":[{"href":"https:\/\/www.turistamagazine.com\/v2\/index.php?rest_route=\/wp\/v2\/posts"}],"about":[{"href":"https:\/\/www.turistamagazine.com\/v2\/index.php?rest_route=\/wp\/v2\/types\/post"}],"author":[{"embeddable":true,"href":"https:\/\/www.turistamagazine.com\/v2\/index.php?rest_route=\/wp\/v2\/users\/1"}],"replies":[{"embeddable":true,"href":"https:\/\/www.turistamagazine.com\/v2\/index.php?rest_route=%2Fwp%2Fv2%2Fcomments&post=37619"}],"version-history":[{"count":1,"href":"https:\/\/www.turistamagazine.com\/v2\/index.php?rest_route=\/wp\/v2\/posts\/37619\/revisions"}],"predecessor-version":[{"id":37620,"href":"https:\/\/www.turistamagazine.com\/v2\/index.php?rest_route=\/wp\/v2\/posts\/37619\/revisions\/37620"}],"wp:attachment":[{"href":"https:\/\/www.turistamagazine.com\/v2\/index.php?rest_route=%2Fwp%2Fv2%2Fmedia&parent=37619"}],"wp:term":[{"taxonomy":"category","embeddable":true,"href":"https:\/\/www.turistamagazine.com\/v2\/index.php?rest_route=%2Fwp%2Fv2%2Fcategories&post=37619"},{"taxonomy":"post_tag","embeddable":true,"href":"https:\/\/www.turistamagazine.com\/v2\/index.php?rest_route=%2Fwp%2Fv2%2Ftags&post=37619"}],"curies":[{"name":"wp","href":"https:\/\/api.w.org\/{rel}","templated":true}]}}