{"id":37540,"date":"2018-10-19T09:44:31","date_gmt":"2018-10-19T14:44:31","guid":{"rendered":"http:\/\/www.turistamagazine.com\/v2\/?p=37540"},"modified":"2018-10-22T12:27:28","modified_gmt":"2018-10-22T17:27:28","slug":"se-inauguro-i-feria-turismo-peru","status":"publish","type":"post","link":"https:\/\/www.turistamagazine.com\/v2\/?p=37540","title":{"rendered":"SE INAUGUR\u00d3 I FERIA TURISMO PER\u00da"},"content":{"rendered":"<p style=\"text-align: center;\"><span style=\"color: #000080;\"><strong><em>Con la presencia del ministro de Comercio Exterior y Turismo, Rogers Valencia, se inaugur\u00f3 la I Feria Turismo Per\u00fa con la asistencia de cercana a los 4 mil visitantes.<\/em><\/strong><\/span><\/p>\n<p style=\"text-align: justify;\">19\/10\/2018\/ Lima.- El presidente de Canatur, Carlos Canales Anchorena y el ministro de Comercio Exterior y Turismo, Rogers Valencia inauguraron la <em><strong><span style=\"color: #000080;\">I Feria \u201cTurismo Per\u00fa\u201d<\/span><\/strong><\/em> con la presencia de 120 empresas de las tres regiones de nuestro territorio nacional.<\/p>\n<p style=\"text-align: justify;\">Canales Anchorena estim\u00f3 una captaci\u00f3n de S\/.2.0 millones de soles en compromisos de negocios y venta de sus productos tur\u00edsticos.<\/p>\n<p style=\"text-align: justify;\">Finalmente, destac\u00f3 la asistencia cercana a las 4 mil personas, en su gran mayor\u00eda, relacionadas con la actividad tur\u00edstica.<\/p>\n<p style=\"text-align: justify;\"><span style=\"color: #000080;\"><em><strong>En el mismo acto el Presidente de la C\u00e1mara Nacional de Turismo (CANATUR), Canales Anchorena pidi\u00f3 al gobierno suscribir un acuerdo comercial con Qatar a fin que su l\u00ednea de bandera (Qatar Airways) pueda iniciar sus operaciones aerocomerciales hacia nuestro pa\u00eds.<\/strong><\/em><\/span><\/p>\n<p style=\"text-align: justify;\">Al respecto, manifest\u00f3 que se mantiene una serie de negociaciones iniciada hace m\u00e1s de dos a\u00f1os y el problema se suscita en el \u00e1mbito tarifario que Indecopi debe dar soluci\u00f3n en el corto plazo.<\/p>\n<div id=\"attachment_37542\" style=\"width: 610px\" class=\"wp-caption aligncenter\"><a href=\"https:\/\/www.turistamagazine.com\/v2\/wp-content\/uploads\/2018\/10\/1.jpg\"><img decoding=\"async\" aria-describedby=\"caption-attachment-37542\" class=\"wp-image-37542\" src=\"https:\/\/www.turistamagazine.com\/v2\/wp-content\/uploads\/2018\/10\/1.jpg\" alt=\"Federaci\u00f3n internacional de Prensa Tur\u00edstica digital-FEINPRETUDI- presente en la inauguraci\u00f3n de la I FERIA TURISMO PER\u00da, en la foto Isabel Iwaya Directora de comunicaciones, Ministro de C. Exterior y Turismo Roger Valencia, Elena Villar presidente de FEINPRETUDI y Carlos Canales presidente de CANATUR\" width=\"600\" height=\"450\" srcset=\"https:\/\/www.turistamagazine.com\/v2\/wp-content\/uploads\/2018\/10\/1.jpg 800w, https:\/\/www.turistamagazine.com\/v2\/wp-content\/uploads\/2018\/10\/1-300x225.jpg 300w, https:\/\/www.turistamagazine.com\/v2\/wp-content\/uploads\/2018\/10\/1-768x576.jpg 768w, https:\/\/www.turistamagazine.com\/v2\/wp-content\/uploads\/2018\/10\/1-560x420.jpg 560w\" sizes=\"(max-width: 600px) 100vw, 600px\" \/><\/a><p id=\"caption-attachment-37542\" class=\"wp-caption-text\"><span style=\"color: #000080;\">Isabel Iwaya Directora de comunicaciones internacionales de Feinpretudi, Ministro de Comercio exterior y Turismo Rogers Valencia, Elena Villar Presidente de Feinpretudi , y Carlos Canales Presidente de Canatur<\/span><\/p><\/div>\n<p style=\"text-align: justify;\"><span style=\"color: #000080;\"><strong><em>\u201cAdem\u00e1s de ser una de las m\u00e1s importantes en el\u00a0 mercado \u00e1rabe, tiene de las mejores conectividades para los pa\u00edses asi\u00e1ticos, especialmente ciudades de India y China, ya que maneja m\u00e1s de 25 destinos, ya que los vuelos que recibimos de turistas chinos podr\u00edan ingresar por Buenos Aires (Argentina) y proseguir hacia la ciudad de Lima\u201d<\/em><\/strong>,<\/span> explic\u00f3.<\/p>\n","protected":false},"excerpt":{"rendered":"<p>Con la presencia del ministro de Comercio Exterior y Turismo, Rogers Valencia, se inaugur\u00f3 la I Feria Turismo Per\u00fa con la asistencia de cercana a los 4 mil visitantes. 19\/10\/2018\/ Lima.- El presidente de Canatur, Carlos Canales Anchorena y el ministro de Comercio Exterior y Turismo, Rogers Valencia inauguraron la I Feria \u201cTurismo Per\u00fa\u201d con la presencia de 120 empresas de las tres regiones de nuestro territorio nacional. Canales Anchorena estim\u00f3 una captaci\u00f3n de S\/.2.0 millones de soles en compromisos de negocios y venta de sus productos tur\u00edsticos. Finalmente, destac\u00f3 la asistencia cercana a las 4 mil personas, en su&#8230;<\/p>\n","protected":false},"author":1,"featured_media":37541,"comment_status":"open","ping_status":"open","sticky":false,"template":"","format":"standard","meta":{"footnotes":""},"categories":[4,82],"tags":[167,169,7471,6805,6132,749],"class_list":["post-37540","post","type-post","status-publish","format-standard","has-post-thumbnail","hentry","category-breaking-news","category-nacionales","tag-canatur","tag-carlos-canales","tag-elenita-villar-asesora-de-tesis-en-turismo","tag-feinpretudi","tag-portal-de-noticias-turistamagazine","tag-turistamagazine"],"_links":{"self":[{"href":"https:\/\/www.turistamagazine.com\/v2\/index.php?rest_route=\/wp\/v2\/posts\/37540","targetHints":{"allow":["GET"]}}],"collection":[{"href":"https:\/\/www.turistamagazine.com\/v2\/index.php?rest_route=\/wp\/v2\/posts"}],"about":[{"href":"https:\/\/www.turistamagazine.com\/v2\/index.php?rest_route=\/wp\/v2\/types\/post"}],"author":[{"embeddable":true,"href":"https:\/\/www.turistamagazine.com\/v2\/index.php?rest_route=\/wp\/v2\/users\/1"}],"replies":[{"embeddable":true,"href":"https:\/\/www.turistamagazine.com\/v2\/index.php?rest_route=%2Fwp%2Fv2%2Fcomments&post=37540"}],"version-history":[{"count":3,"href":"https:\/\/www.turistamagazine.com\/v2\/index.php?rest_route=\/wp\/v2\/posts\/37540\/revisions"}],"predecessor-version":[{"id":37563,"href":"https:\/\/www.turistamagazine.com\/v2\/index.php?rest_route=\/wp\/v2\/posts\/37540\/revisions\/37563"}],"wp:featuredmedia":[{"embeddable":true,"href":"https:\/\/www.turistamagazine.com\/v2\/index.php?rest_route=\/wp\/v2\/media\/37541"}],"wp:attachment":[{"href":"https:\/\/www.turistamagazine.com\/v2\/index.php?rest_route=%2Fwp%2Fv2%2Fmedia&parent=37540"}],"wp:term":[{"taxonomy":"category","embeddable":true,"href":"https:\/\/www.turistamagazine.com\/v2\/index.php?rest_route=%2Fwp%2Fv2%2Fcategories&post=37540"},{"taxonomy":"post_tag","embeddable":true,"href":"https:\/\/www.turistamagazine.com\/v2\/index.php?rest_route=%2Fwp%2Fv2%2Ftags&post=37540"}],"curies":[{"name":"wp","href":"https:\/\/api.w.org\/{rel}","templated":true}]}}