{"id":3749,"date":"2014-04-21T09:51:43","date_gmt":"2014-04-21T14:51:43","guid":{"rendered":"http:\/\/www.turistamagazine.com\/v2\/?p=3749"},"modified":"2014-04-21T09:51:43","modified_gmt":"2014-04-21T14:51:43","slug":"peru-inauguran-manana-ciclo-del-peru-milenario-al-peru-bicentenario","status":"publish","type":"post","link":"https:\/\/www.turistamagazine.com\/v2\/?p=3749","title":{"rendered":"PERU: INAUGURAN MA\u00d1ANA CICLO DEL \u00abPER\u00da MILENARIO AL PER\u00da BICENTENARIO\u00bb"},"content":{"rendered":"<p style=\"text-align: justify;\">El Centro Cultural Inca Garcilaso del Ministerio de Relaciones Exteriores inaugurar\u00e1 este martes 22 el ciclo \u201cLa historia de nuevo: del Per\u00fa milenario al Per\u00fa bicentenario (2014-2021)\u201d.<\/p>\n<p style=\"text-align: justify;\">\u00a0Se empezar\u00e1 con la conferencia \u201cPoblamiento y primeras evidencias humanas en Per\u00fa: de la edad de hielo a Caral (14,000-3,000 a.C.)\u201d, a cargo del arque\u00f3logo Elmo Le\u00f3n.<\/p>\n<p style=\"text-align: justify;\">\u00a0La cita es a las 19:00 horas en el Jir\u00f3n Ucayali 391, Lima. El ingreso es libre.<\/p>\n<p style=\"text-align: justify;\">\u00a0Este ciclo, al aproximarnos a la conmemoraci\u00f3n Bicentenario del nacimiento de la Rep\u00fablica, busca ofrecer una visi\u00f3n integral del proceso hist\u00f3rico de nuestro pa\u00eds, a trav\u00e9s de una serie de presentaciones de los m\u00e1s destacados especialistas nacionales y extranjeros.<\/p>\n<p style=\"text-align: justify;\">Las conferencias, sin seguir necesariamente un orden cronol\u00f3gico, permitir\u00e1n detenerse en los periodos m\u00e1s significativos y en los protagonistas de nuestra historia.<\/p>\n","protected":false},"excerpt":{"rendered":"<p>El Centro Cultural Inca Garcilaso del Ministerio de Relaciones Exteriores inaugurar\u00e1 este martes 22 el ciclo \u201cLa historia de nuevo: del Per\u00fa milenario al Per\u00fa bicentenario (2014-2021)\u201d. \u00a0Se empezar\u00e1 con la conferencia \u201cPoblamiento y primeras evidencias humanas en Per\u00fa: de la edad de hielo a Caral (14,000-3,000 a.C.)\u201d, a cargo del arque\u00f3logo Elmo Le\u00f3n. \u00a0La cita es a las 19:00 horas en el Jir\u00f3n Ucayali 391, Lima. El ingreso es libre. \u00a0Este ciclo, al aproximarnos a la conmemoraci\u00f3n Bicentenario del nacimiento de la Rep\u00fablica, busca ofrecer una visi\u00f3n integral del proceso hist\u00f3rico de nuestro pa\u00eds, a trav\u00e9s de una serie&#8230;<\/p>\n","protected":false},"author":1,"featured_media":0,"comment_status":"open","ping_status":"open","sticky":false,"template":"","format":"standard","meta":{"footnotes":""},"categories":[4,82],"tags":[1320,340,1321,117,349],"class_list":["post-3749","post","type-post","status-publish","format-standard","hentry","category-breaking-news","category-nacionales","tag-centro-cultural-inca-garcilaso","tag-peru","tag-peru-milenario","tag-promocion-turistica","tag-promperu"],"_links":{"self":[{"href":"https:\/\/www.turistamagazine.com\/v2\/index.php?rest_route=\/wp\/v2\/posts\/3749","targetHints":{"allow":["GET"]}}],"collection":[{"href":"https:\/\/www.turistamagazine.com\/v2\/index.php?rest_route=\/wp\/v2\/posts"}],"about":[{"href":"https:\/\/www.turistamagazine.com\/v2\/index.php?rest_route=\/wp\/v2\/types\/post"}],"author":[{"embeddable":true,"href":"https:\/\/www.turistamagazine.com\/v2\/index.php?rest_route=\/wp\/v2\/users\/1"}],"replies":[{"embeddable":true,"href":"https:\/\/www.turistamagazine.com\/v2\/index.php?rest_route=%2Fwp%2Fv2%2Fcomments&post=3749"}],"version-history":[{"count":2,"href":"https:\/\/www.turistamagazine.com\/v2\/index.php?rest_route=\/wp\/v2\/posts\/3749\/revisions"}],"predecessor-version":[{"id":3751,"href":"https:\/\/www.turistamagazine.com\/v2\/index.php?rest_route=\/wp\/v2\/posts\/3749\/revisions\/3751"}],"wp:attachment":[{"href":"https:\/\/www.turistamagazine.com\/v2\/index.php?rest_route=%2Fwp%2Fv2%2Fmedia&parent=3749"}],"wp:term":[{"taxonomy":"category","embeddable":true,"href":"https:\/\/www.turistamagazine.com\/v2\/index.php?rest_route=%2Fwp%2Fv2%2Fcategories&post=3749"},{"taxonomy":"post_tag","embeddable":true,"href":"https:\/\/www.turistamagazine.com\/v2\/index.php?rest_route=%2Fwp%2Fv2%2Ftags&post=3749"}],"curies":[{"name":"wp","href":"https:\/\/api.w.org\/{rel}","templated":true}]}}