{"id":37073,"date":"2018-09-25T14:17:42","date_gmt":"2018-09-25T19:17:42","guid":{"rendered":"http:\/\/www.turistamagazine.com\/v2\/?p=37073"},"modified":"2018-09-25T14:17:42","modified_gmt":"2018-09-25T19:17:42","slug":"prensa-colombiana-cuestiono-el-premio-otorgado-por-fifa-a-hinchas-peruanos","status":"publish","type":"post","link":"https:\/\/www.turistamagazine.com\/v2\/?p=37073","title":{"rendered":"PRENSA COLOMBIANA CUESTION\u00d3 EL PREMIO OTORGADO POR FIFA A HINCHAS PERUANOS"},"content":{"rendered":"<p style=\"text-align: justify;\">25\/09\/2018\/Bogot\u00e1.- Cerca de 40 mil compatriotas viajaron a Rusia para alentar a la selecci\u00f3n peruana donde llenaron estadios y colmaron de color las ciudades de Mosc\u00fa, Saransk, Ekaterimburgo y Sochi, que fueron testigos del fervor que despert\u00f3 un pa\u00eds al volver a una Copa del Mundo despu\u00e9s de 36 a\u00f1os de ausencia. Sin embargo, la prensa de Colombia ha cuestionado el por qu\u00e9 FIFA escogi\u00f3 al Per\u00fa como la mejor afici\u00f3n y no a la colombiana.<\/p>\n<p style=\"text-align: justify;\">El diario El Tiempo muestra con datos estad\u00edsticas que los cafeteros pudieron recibir el premio de la FIFA. El mencionado medio dice que fueron 65.234 los colombianos que adquirieron entradas para los cuatro partidos del equipo de Jos\u00e9 P\u00e9kerman, por encima de los 43.583 hinchas peruanos que asistieron a los tres encuentros de la fase de grupos.<\/p>\n<p style=\"text-align: justify;\">Adem\u00e1s, revelan los medios resaltaban\u00a0 que el alcalde de Kazan, Ilsur Metshin, emiti\u00f3 una carta donde destaca la alegr\u00eda, el entusiasmo y el amor por su patria y la selecci\u00f3n. <span style=\"color: #333399;\"><strong><em>\u201cLos colombianos llenaron de color y vida a la ciudad, son un ejemplo a seguir. Vale mucho, es un d\u00eda festivo del que nos enorgulleceremos y le diremos a nuestros nietos sobre esto que sucedi\u00f3 en nuestra ciudad\u00bb<\/em><\/strong>,<\/span> se\u00f1al\u00f3 el alcalde.<\/p>\n<p style=\"text-align: justify;\">Concluyen que si el ente m\u00e1ximo del f\u00fatbol mundial le otorg\u00f3 el galard\u00f3n a los peruanos fue porque la selecci\u00f3n peruana volvi\u00f3 a un certamen mundialista tras 36 a\u00f1os. <em><strong><span style=\"color: #333399;\">Nos obstante, dejaron en que claro que la afici\u00f3n colombiana apoy\u00f3 al equipo en mayor n\u00famero que la \u2018bicolor\u2019 con una alegr\u00eda, entrega y emoci\u00f3n por el equipo que fue reconocida por los anfitriones.<\/span><\/strong><\/em><\/p>\n","protected":false},"excerpt":{"rendered":"<p>25\/09\/2018\/Bogot\u00e1.- Cerca de 40 mil compatriotas viajaron a Rusia para alentar a la selecci\u00f3n peruana donde llenaron estadios y colmaron de color las ciudades de Mosc\u00fa, Saransk, Ekaterimburgo y Sochi, que fueron testigos del fervor que despert\u00f3 un pa\u00eds al volver a una Copa del Mundo despu\u00e9s de 36 a\u00f1os de ausencia. Sin embargo, la prensa de Colombia ha cuestionado el por qu\u00e9 FIFA escogi\u00f3 al Per\u00fa como la mejor afici\u00f3n y no a la colombiana. El diario El Tiempo muestra con datos estad\u00edsticas que los cafeteros pudieron recibir el premio de la FIFA. El mencionado medio dice que fueron&#8230;<\/p>\n","protected":false},"author":1,"featured_media":0,"comment_status":"open","ping_status":"open","sticky":false,"template":"","format":"standard","meta":{"footnotes":""},"categories":[4,84],"tags":[206,7471,1027,340,6132,749],"class_list":["post-37073","post","type-post","status-publish","format-standard","hentry","category-breaking-news","category-internacionales","tag-colombia","tag-elenita-villar-asesora-de-tesis-en-turismo","tag-latinoamerica","tag-peru","tag-portal-de-noticias-turistamagazine","tag-turistamagazine"],"_links":{"self":[{"href":"https:\/\/www.turistamagazine.com\/v2\/index.php?rest_route=\/wp\/v2\/posts\/37073","targetHints":{"allow":["GET"]}}],"collection":[{"href":"https:\/\/www.turistamagazine.com\/v2\/index.php?rest_route=\/wp\/v2\/posts"}],"about":[{"href":"https:\/\/www.turistamagazine.com\/v2\/index.php?rest_route=\/wp\/v2\/types\/post"}],"author":[{"embeddable":true,"href":"https:\/\/www.turistamagazine.com\/v2\/index.php?rest_route=\/wp\/v2\/users\/1"}],"replies":[{"embeddable":true,"href":"https:\/\/www.turistamagazine.com\/v2\/index.php?rest_route=%2Fwp%2Fv2%2Fcomments&post=37073"}],"version-history":[{"count":1,"href":"https:\/\/www.turistamagazine.com\/v2\/index.php?rest_route=\/wp\/v2\/posts\/37073\/revisions"}],"predecessor-version":[{"id":37077,"href":"https:\/\/www.turistamagazine.com\/v2\/index.php?rest_route=\/wp\/v2\/posts\/37073\/revisions\/37077"}],"wp:attachment":[{"href":"https:\/\/www.turistamagazine.com\/v2\/index.php?rest_route=%2Fwp%2Fv2%2Fmedia&parent=37073"}],"wp:term":[{"taxonomy":"category","embeddable":true,"href":"https:\/\/www.turistamagazine.com\/v2\/index.php?rest_route=%2Fwp%2Fv2%2Fcategories&post=37073"},{"taxonomy":"post_tag","embeddable":true,"href":"https:\/\/www.turistamagazine.com\/v2\/index.php?rest_route=%2Fwp%2Fv2%2Ftags&post=37073"}],"curies":[{"name":"wp","href":"https:\/\/api.w.org\/{rel}","templated":true}]}}