{"id":37070,"date":"2018-09-25T12:37:30","date_gmt":"2018-09-25T17:37:30","guid":{"rendered":"http:\/\/www.turistamagazine.com\/v2\/?p=37070"},"modified":"2018-09-25T12:38:53","modified_gmt":"2018-09-25T17:38:53","slug":"promperu-organiza-miniferia-escapadas-desde-cusco","status":"publish","type":"post","link":"https:\/\/www.turistamagazine.com\/v2\/?p=37070","title":{"rendered":"PROMPER\u00da ORGANIZA MINIFERIA \u201cESCAPADAS DESDE CUSCO\u201d"},"content":{"rendered":"<p style=\"text-align: justify;\">\u00a025\/09\/2018\/Cusco.-Con el objetivo de diversificar la oferta tur\u00edstica de las regiones del sur e impulsar los viajes interregionales de fin de semana, Promper\u00fa anunci\u00f3 que realizar\u00e1 la miniferia <em><strong><span style=\"color: #333399;\">\u201cEscapadas desde Cusco\u201d<\/span><\/strong><\/em> en la plaza de Armas de la Ciudad Imperial.<\/p>\n<p style=\"text-align: justify;\">La actividad se desarrollar\u00e1 este s\u00e1bado 29 y domingo 30 de setiembre entre las 12:00 y 18:00 horas.<\/p>\n<p style=\"text-align: justify;\">La miniferia contar\u00e1 con la participaci\u00f3n de operadores regionales de Apur\u00edmac y Madre de Dios, quienes presentar\u00e1n diversos paquetes tur\u00edsticos y brindar\u00e1n informaci\u00f3n del destino que representan.<\/p>\n<p style=\"text-align: justify;\">Los asistentes encontrar\u00e1n tambi\u00e9n un m\u00f3dulo informativo de la regi\u00f3n Cusco, a cargo de la Municipalidad Provincial y podr\u00e1n disfrutar de una presentaci\u00f3n de bailes t\u00edpicos y pasacalle, adem\u00e1s de visitar un m\u00f3dulo de realidad virtual que permitir\u00e1 explorar el destino selva y Choquequirao.<\/p>\n<p style=\"text-align: justify;\"><em><strong><span style=\"color: #333399;\">\u00abEscapadas desde Cusco\u00bb<\/span><\/strong><\/em> tiene el fin de incentivar al p\u00fablico a visitar las regiones cercanas, con alternativas interesantes y accesibles para el potencial viajero que busca nuevos destinos y rutas para explorar en familia, amigos o en pareja.<\/p>\n<p style=\"text-align: justify;\"><em><strong><span style=\"color: #333399;\">Ofertas en Apur\u00edmac y Madre de Dios<\/span><\/strong><\/em><\/p>\n<p style=\"text-align: justify;\">Para viajes de aventura, Apur\u00edmac resulta ideal: el bosque de piedras de Pampachiri, la laguna de Pacucha y el complejo arqueol\u00f3gico de S\u00f3ndor pueden visitarse en solo un fin de semana, mientras que el Santuario Nacional de Ampay se perfila como una visita imperdible para los amantes de la naturaleza y el trekking.<\/p>\n<p style=\"text-align: justify;\">Por otro lado, Madre de Dios ofrece la posibilidad de pasar unos d\u00edas de descanso y paz rodeados por espectaculares vistas al recorrer la <em><strong><span style=\"color: #333399;\">Reserva Nacional Tambopata y visitar el Lago Sandoval o la Collpa de Guacamayo Chuncho.<\/span><\/strong><\/em> Pasar unas horas en la ciudad tambi\u00e9n tiene su encanto: el Mariposario Tambopata, el Mirador de la Biodiversidad y el Centro Tur\u00edstico Artesanal son paradas imperdibles.<\/p>\n<p style=\"text-align: justify;\">Desde el 2014, la Subdirecci\u00f3n de Promoci\u00f3n del Turismo Interno ha desarrollado miniferias de viajes en los principales mercados emisores de vacacionistas nacionales, como <em><strong><span style=\"color: #333399;\">Lima, Arequipa, Huancayo, Piura y Trujillo.<\/span> <\/strong><\/em>Este formato est\u00e1 dirigido al p\u00fablico final, promocionando rutas cercanas a su lugar de residencia con miras a generar el h\u00e1bito de viajar en el turista nacional.<\/p>\n","protected":false},"excerpt":{"rendered":"<p>\u00a025\/09\/2018\/Cusco.-Con el objetivo de diversificar la oferta tur\u00edstica de las regiones del sur e impulsar los viajes interregionales de fin de semana, Promper\u00fa anunci\u00f3 que realizar\u00e1 la miniferia \u201cEscapadas desde Cusco\u201d en la plaza de Armas de la Ciudad Imperial. La actividad se desarrollar\u00e1 este s\u00e1bado 29 y domingo 30 de setiembre entre las 12:00 y 18:00 horas. La miniferia contar\u00e1 con la participaci\u00f3n de operadores regionales de Apur\u00edmac y Madre de Dios, quienes presentar\u00e1n diversos paquetes tur\u00edsticos y brindar\u00e1n informaci\u00f3n del destino que representan. Los asistentes encontrar\u00e1n tambi\u00e9n un m\u00f3dulo informativo de la regi\u00f3n Cusco, a cargo de la&#8230;<\/p>\n","protected":false},"author":1,"featured_media":0,"comment_status":"open","ping_status":"open","sticky":false,"template":"","format":"standard","meta":{"footnotes":""},"categories":[4,82],"tags":[6132,117,330,749,5078],"class_list":["post-37070","post","type-post","status-publish","format-standard","hentry","category-breaking-news","category-nacionales","tag-portal-de-noticias-turistamagazine","tag-promocion-turistica","tag-turismo-en-el-peru","tag-turistamagazine","tag-ver-todos"],"_links":{"self":[{"href":"https:\/\/www.turistamagazine.com\/v2\/index.php?rest_route=\/wp\/v2\/posts\/37070","targetHints":{"allow":["GET"]}}],"collection":[{"href":"https:\/\/www.turistamagazine.com\/v2\/index.php?rest_route=\/wp\/v2\/posts"}],"about":[{"href":"https:\/\/www.turistamagazine.com\/v2\/index.php?rest_route=\/wp\/v2\/types\/post"}],"author":[{"embeddable":true,"href":"https:\/\/www.turistamagazine.com\/v2\/index.php?rest_route=\/wp\/v2\/users\/1"}],"replies":[{"embeddable":true,"href":"https:\/\/www.turistamagazine.com\/v2\/index.php?rest_route=%2Fwp%2Fv2%2Fcomments&post=37070"}],"version-history":[{"count":1,"href":"https:\/\/www.turistamagazine.com\/v2\/index.php?rest_route=\/wp\/v2\/posts\/37070\/revisions"}],"predecessor-version":[{"id":37071,"href":"https:\/\/www.turistamagazine.com\/v2\/index.php?rest_route=\/wp\/v2\/posts\/37070\/revisions\/37071"}],"wp:attachment":[{"href":"https:\/\/www.turistamagazine.com\/v2\/index.php?rest_route=%2Fwp%2Fv2%2Fmedia&parent=37070"}],"wp:term":[{"taxonomy":"category","embeddable":true,"href":"https:\/\/www.turistamagazine.com\/v2\/index.php?rest_route=%2Fwp%2Fv2%2Fcategories&post=37070"},{"taxonomy":"post_tag","embeddable":true,"href":"https:\/\/www.turistamagazine.com\/v2\/index.php?rest_route=%2Fwp%2Fv2%2Ftags&post=37070"}],"curies":[{"name":"wp","href":"https:\/\/api.w.org\/{rel}","templated":true}]}}