{"id":37059,"date":"2018-09-25T11:43:11","date_gmt":"2018-09-25T16:43:11","guid":{"rendered":"http:\/\/www.turistamagazine.com\/v2\/?p=37059"},"modified":"2018-09-25T11:43:11","modified_gmt":"2018-09-25T16:43:11","slug":"huelga-total-en-argentina-paraliza-el-transporte-aereo-este-martes-en-argentina","status":"publish","type":"post","link":"https:\/\/www.turistamagazine.com\/v2\/?p=37059","title":{"rendered":"HUELGA TOTAL EN ARGENTINA PARALIZA EL TRANSPORTE A\u00c9REO ESTE MARTES EN ARGENTINA"},"content":{"rendered":"<p style=\"text-align: justify;\">25\/09\/2018\/Buenos Aires.- <span style=\"color: #000080;\"><em><strong>El paro afectar\u00e1 a entre 70 mil y 80 mil pasajeros de l\u00edneas a\u00e9reas<\/strong><\/em><\/span>, seg\u00fan estimaciones del sector aerocomercial, al haber adherido a la medida de fuerza los seis gremios del sector, lo que provocar\u00e1 la cancelaci\u00f3n de cientos de vuelos.<\/p>\n<p style=\"text-align: justify;\">Ante la huelga, Aerol\u00edneas Argentinas inform\u00f3 que adelantar\u00e1 algunos de sus vuelos, en tanto que Flybondi se\u00f1al\u00f3 que operar\u00e1n con normalidad, a excepci\u00f3n de los aeropuertos de Iguaz\u00fa, Neuqu\u00e9n y Bah\u00eda Blanca, donde la empresa no posee servicio de rampa propio.<\/p>\n<p style=\"text-align: justify;\">T\u00e9cnicos, pilotos, personal de tierra y los operadores a\u00e9reos que dependen de la Asociaci\u00f3n de Trabajadores del Estado (ATE) han manifestado oportunamente su adhesi\u00f3n al cese de actividades. Esto afecta de manera directa a todas las compa\u00f1\u00edas, incluso las m\u00e1s ajenas a los sindicatos argentinos que est\u00e1n evaluando si sus vuelos se cancelan o sufren demoras. El secretario general de la Asociaci\u00f3n de Pilotos de L\u00edneas A\u00e9reas, Pablo Bir\u00f3, sostuvo al respecto que <span style=\"color: #333399;\"><strong><em>\u201cno lo formalizamos a\u00fan, pero se van a cancelar los vuelos preventivamente por el paro nacional\u201d<\/em><\/strong>. En declaraciones radiales Bir\u00f3 advirti\u00f3 que <strong><em>\u201ctodav\u00eda no se sabe qu\u00e9 va a pasar con los vuelos que aterrizan ma\u00f1ana. Los vuelos de todas las l\u00edneas a\u00e9reas estar\u00e1n suspendidos. Menos Flybondi que es el <u>carnero<\/u>, no sabemos qu\u00e9 va a hacer\u201d<\/em><\/strong>.<\/span><\/p>\n<p style=\"text-align: justify;\">La adhesi\u00f3n a la huelga general va m\u00e1s all\u00e1 del transporte aerocomercial y como se prev\u00e9 fuerte acatamiento, incluso para el transporte p\u00fablico terrestre, varias firmas de turismo que tendr\u00e1n un complicado d\u00eda ante reclamos, cancelaciones, reprogramaci\u00f3n de vuelos y reclamos masivos, algunas firmas ya comunicaron que no atender\u00e1n al p\u00fablico. Pent\u00e1gono, por ejemplo, emiti\u00f3 mensaje aclarando que estar\u00e1n cerradas las oficinas pero que brindar\u00e1n asistencia remota.<\/p>\n<p style=\"text-align: justify;\"><span style=\"color: #333399;\"><strong><em>Una vez m\u00e1s los pasajeros son rehenes y las agencias ponen la cara ante una infinidad de reclamos en los que derivar\u00e1 un d\u00eda mi\u00e9rcoles en plena \u201crevoluci\u00f3n de los aviones\u201d<\/em><\/strong>.<\/span><\/p>\n<p style=\"text-align: justify;\">F\/ REPORTUR.com.ar<\/p>\n<p>F\/<a class=\"o5rIVb irc_hol i3724 irc_lth\" tabindex=\"0\" href=\"https:\/\/www.clarin.com\/economia\/aeropuertos-0km-ezeiza-aeroparque-interior_0_Hy0o7m7MQ.html\" target=\"_blank\" rel=\"noopener\" data-noload=\"\" data-ved=\"2ahUKEwjW8uP9y9bdAhXGq1MKHVwQDF8QjB16BAgBEAQ\"><span class=\"irc_ho\" dir=\"ltr\">Clar\u00edn<\/span><\/a><\/p>\n","protected":false},"excerpt":{"rendered":"<p>25\/09\/2018\/Buenos Aires.- El paro afectar\u00e1 a entre 70 mil y 80 mil pasajeros de l\u00edneas a\u00e9reas, seg\u00fan estimaciones del sector aerocomercial, al haber adherido a la medida de fuerza los seis gremios del sector, lo que provocar\u00e1 la cancelaci\u00f3n de cientos de vuelos. Ante la huelga, Aerol\u00edneas Argentinas inform\u00f3 que adelantar\u00e1 algunos de sus vuelos, en tanto que Flybondi se\u00f1al\u00f3 que operar\u00e1n con normalidad, a excepci\u00f3n de los aeropuertos de Iguaz\u00fa, Neuqu\u00e9n y Bah\u00eda Blanca, donde la empresa no posee servicio de rampa propio. T\u00e9cnicos, pilotos, personal de tierra y los operadores a\u00e9reos que dependen de la Asociaci\u00f3n de Trabajadores&#8230;<\/p>\n","protected":false},"author":1,"featured_media":0,"comment_status":"open","ping_status":"open","sticky":false,"template":"","format":"standard","meta":{"footnotes":""},"categories":[4,84],"tags":[7224,227,7471,6132,749],"class_list":["post-37059","post","type-post","status-publish","format-standard","hentry","category-breaking-news","category-internacionales","tag-aeropuertos-de-argentina-en-huelga","tag-argentina","tag-elenita-villar-asesora-de-tesis-en-turismo","tag-portal-de-noticias-turistamagazine","tag-turistamagazine"],"_links":{"self":[{"href":"https:\/\/www.turistamagazine.com\/v2\/index.php?rest_route=\/wp\/v2\/posts\/37059","targetHints":{"allow":["GET"]}}],"collection":[{"href":"https:\/\/www.turistamagazine.com\/v2\/index.php?rest_route=\/wp\/v2\/posts"}],"about":[{"href":"https:\/\/www.turistamagazine.com\/v2\/index.php?rest_route=\/wp\/v2\/types\/post"}],"author":[{"embeddable":true,"href":"https:\/\/www.turistamagazine.com\/v2\/index.php?rest_route=\/wp\/v2\/users\/1"}],"replies":[{"embeddable":true,"href":"https:\/\/www.turistamagazine.com\/v2\/index.php?rest_route=%2Fwp%2Fv2%2Fcomments&post=37059"}],"version-history":[{"count":1,"href":"https:\/\/www.turistamagazine.com\/v2\/index.php?rest_route=\/wp\/v2\/posts\/37059\/revisions"}],"predecessor-version":[{"id":37061,"href":"https:\/\/www.turistamagazine.com\/v2\/index.php?rest_route=\/wp\/v2\/posts\/37059\/revisions\/37061"}],"wp:attachment":[{"href":"https:\/\/www.turistamagazine.com\/v2\/index.php?rest_route=%2Fwp%2Fv2%2Fmedia&parent=37059"}],"wp:term":[{"taxonomy":"category","embeddable":true,"href":"https:\/\/www.turistamagazine.com\/v2\/index.php?rest_route=%2Fwp%2Fv2%2Fcategories&post=37059"},{"taxonomy":"post_tag","embeddable":true,"href":"https:\/\/www.turistamagazine.com\/v2\/index.php?rest_route=%2Fwp%2Fv2%2Ftags&post=37059"}],"curies":[{"name":"wp","href":"https:\/\/api.w.org\/{rel}","templated":true}]}}