{"id":37039,"date":"2018-09-24T19:32:06","date_gmt":"2018-09-25T00:32:06","guid":{"rendered":"http:\/\/www.turistamagazine.com\/v2\/?p=37039"},"modified":"2018-09-25T11:30:10","modified_gmt":"2018-09-25T16:30:10","slug":"dia-mundial-del-turismo-la-informacion-digital-el-reto-al-conocimiento","status":"publish","type":"post","link":"https:\/\/www.turistamagazine.com\/v2\/?p=37039","title":{"rendered":"D\u00cdA MUNDIAL DEL TURISMO, LA INFORMACI\u00d3N DIGITAL EL RETO AL CONOCIMIENTO"},"content":{"rendered":"<p>Por. Antonio-Pedro Tejera Reyes*<\/p>\n<p style=\"text-align: justify;\">Abordamos el pasado mes de Marzo, en la capital peruana, el apasionante tema de la evoluci\u00f3n de la informaci\u00f3n digital en el mundo del turismo, ante un selecto p\u00fablico convocado por la <strong><span style=\"color: #333399;\">Federaci\u00f3n Internacional de la Prensa Tur\u00edstica Digital-FEINPRETUDI-<\/span><\/strong>y auspiciado por el Gobierno Peruano a trav\u00e9s de su empresa <strong><span style=\"color: #333399;\">PROMPER\u00da.<\/span><\/strong><\/p>\n<p style=\"text-align: justify;\"><span style=\"color: #333399;\"><em><b style=\"color: #333399;\">Hoy, ante la inminente celebraci\u00f3n del <\/b><span style=\"color: #333399;\"><b>D\u00cdA<\/b><\/span><b style=\"color: #333399;\">\u00a0MUNDIAL DEL TURISMO (27 de Septiembre) instituido por la Organizaci\u00f3n Mundial del Turismo, OMT, que ha decidido dedicar esta celebraci\u00f3n <strong><u>precisamente a la difusi\u00f3n de la informaci\u00f3n digital<\/u><\/strong>, queremos p\u00fablicamente volver a se\u00f1alar este hecho transcendental que ha conmocionado al mundo, como es la informaci\u00f3n digital, y su extraordinaria importancia para el desarrollo del turismo, un hecho sobre el cual todav\u00eda no hemos calibrado su valoraci\u00f3n oportuna, consider\u00e1ndolo admisiblemente como algo normal.<\/b><\/em><\/span><\/p>\n<p style=\"text-align: justify;\">Estamos ante un mundo ins\u00f3lito para nuestras generaciones anteriores, al que a\u00fan no sabemos bien c\u00f3mo manejarle y sacarle todo el provecho que la tecnolog\u00eda ha puesto en nuestras manos super\u00e1ndose cada d\u00eda.<\/p>\n<p><a href=\"https:\/\/www.turistamagazine.com\/v2\/wp-content\/uploads\/2018\/09\/29572603_909804079192500_1897220953600960162_n.jpg\"><img decoding=\"async\" class=\"wp-image-37041 aligncenter\" src=\"https:\/\/www.turistamagazine.com\/v2\/wp-content\/uploads\/2018\/09\/29572603_909804079192500_1897220953600960162_n.jpg\" alt=\"\" width=\"600\" height=\"339\" srcset=\"https:\/\/www.turistamagazine.com\/v2\/wp-content\/uploads\/2018\/09\/29572603_909804079192500_1897220953600960162_n.jpg 960w, https:\/\/www.turistamagazine.com\/v2\/wp-content\/uploads\/2018\/09\/29572603_909804079192500_1897220953600960162_n-300x169.jpg 300w, https:\/\/www.turistamagazine.com\/v2\/wp-content\/uploads\/2018\/09\/29572603_909804079192500_1897220953600960162_n-768x434.jpg 768w, https:\/\/www.turistamagazine.com\/v2\/wp-content\/uploads\/2018\/09\/29572603_909804079192500_1897220953600960162_n-480x270.jpg 480w, https:\/\/www.turistamagazine.com\/v2\/wp-content\/uploads\/2018\/09\/29572603_909804079192500_1897220953600960162_n-744x420.jpg 744w, https:\/\/www.turistamagazine.com\/v2\/wp-content\/uploads\/2018\/09\/29572603_909804079192500_1897220953600960162_n-610x344.jpg 610w\" sizes=\"(max-width: 600px) 100vw, 600px\" \/><\/a><\/p>\n<p style=\"text-align: justify;\">No es una casualidad que nuestros escritos se puedan leer en cualquier lugar del mundo y que haya constancia de que se abren en m\u00e1s de <span style=\"color: #333399;\"><strong><u>130 pa\u00edses<\/u><\/strong>,<\/span> en los portales digitales <strong><em>\u201cNuestroTurismo.com\u201d<\/em><\/strong> y <strong><em>\u201cTuristaMagazine.com\u201d,<\/em><\/strong> entre otros. Es una realidad que no admite dudas y que sella, en definitiva, la escala de valor de estas ilustres publicaciones y cuanto en ellas se publica y se promociona. No existe un parang\u00f3n definido sobre tan extraordinaria obra de difusi\u00f3n, cuya repercusi\u00f3n en el mundo del turismo exige un profundo estudio para analizar sus resultados.<\/p>\n<p style=\"text-align: justify;\">Atentos, y alerta siempre, los profesionales y los medios de la Organizaci\u00f3n Mundial del Turismo, no han dudado en escoger esta oportunidad del\u00a0<span style=\"color: #333399;\"><em><b>D\u00cdA\u00a0MUNDIAL DEL TURISMO 2018,<\/b><\/em> p<\/span>ara enviar una poderosa llamada al mundo indic\u00e1ndoles la transcendental oportunidad que tenemos delante con el aprovechamiento adecuado de los medios digitales, para difundir y dar a conocer nuestras realidades.<\/p>\n<p style=\"text-align: justify;\"><span style=\"color: #333399;\"><strong><em>Un medio de promoci\u00f3n inigualable, donde las oportunidades y las ventajas se encuentran junto a los riesgos, lo cual nos presenta el reto del conocimiento.<\/em><\/strong><\/span><\/p>\n<div id=\"attachment_27320\" style=\"width: 610px\" class=\"wp-caption aligncenter\"><a href=\"https:\/\/www.turistamagazine.com\/v2\/wp-content\/uploads\/2017\/01\/La-Estatua-de-la-Libertad-en-Nueva-York-760x500.jpg\"><img decoding=\"async\" aria-describedby=\"caption-attachment-27320\" class=\"wp-image-27320\" src=\"https:\/\/www.turistamagazine.com\/v2\/wp-content\/uploads\/2017\/01\/La-Estatua-de-la-Libertad-en-Nueva-York-760x500.jpg\" alt=\"\" width=\"600\" height=\"395\" \/><\/a><p id=\"caption-attachment-27320\" class=\"wp-caption-text\"><span style=\"color: #333399;\"><em>Impresionante vista de la Estatua de La Libertad, una motivaci\u00f3n suficiente para visitar Nueva York, irresistible para la mayor\u00eda de los habitantes del mundo, con postales como la presente, difundida con la tecnolog\u00eda digital.<\/em><\/span><\/p><\/div>\n<p style=\"text-align: justify;\">La honestidad y la honradez en las promociones tur\u00edsticas, tienen que desbordar cuanta falta de conocimiento e improvisaci\u00f3n ha venido ocupando espacios inmerecidos en eso de la promoci\u00f3n tur\u00edstica.<\/p>\n<p><span style=\"color: #333399;\"><strong><em>El escenario cambiante de la difusi\u00f3n digital, he revolucionada al mundo en todos sus sentidos: pol\u00edticos, econ\u00f3micos y sociales, ya que nos ofrece una informaci\u00f3n ver\u00e1s que va m\u00e1s all\u00e1 de lo que pod\u00edamos pensar iba a existir, hace solo unos pocos a\u00f1os<\/em><\/strong>.<\/span><\/p>\n<p style=\"text-align: justify;\">El beneficio para el mundo de este nuevo panorama a\u00fan no ha podido ser asimilado en todas sus consecuencias debido a la rapidez con que se ha desarrollado.<\/p>\n<p style=\"text-align: justify;\">Su fundamento en la explosi\u00f3n de la econom\u00eda mundial y con ello, en la cultura social en general, alcanza hoy cotas que son muy complicadas y dif\u00edciles de evaluar, cuando la se\u00f1al de Internet te manda al instante, las im\u00e1genes m\u00e1s elocuentes y verdaderas de lo que hay en todo el mundo, y lo que sucede en \u00e9l.<\/p>\n<p><a href=\"https:\/\/www.turistamagazine.com\/v2\/wp-content\/uploads\/2016\/02\/Viajeros-de-lujo.jpg\"><img decoding=\"async\" class=\"size-full wp-image-20242 aligncenter\" src=\"https:\/\/www.turistamagazine.com\/v2\/wp-content\/uploads\/2016\/02\/Viajeros-de-lujo.jpg\" alt=\"\" width=\"507\" height=\"338\" \/><\/a><\/p>\n<p style=\"text-align: justify;\"><em><strong><span style=\"color: #333399;\">Esto ha hecho que estas im\u00e1genes sean un potente incentivo que llama a visitar los m\u00e1s atractivos lugares seg\u00fan las apetencias personales de cada uno.<\/span><\/strong><\/em><\/p>\n<p style=\"text-align: justify;\">Se trata de un reto que nos lleva a plantearnos las m\u00e1s importantes, reales y curiosas situaciones.<\/p>\n<p style=\"text-align: justify;\">Muchas de ellas, grabadas y ofrecidas al gran mundo por los propios actores, personas normales de cualquier g\u00e9nero edad, profesi\u00f3n, etc.<\/p>\n<p style=\"text-align: justify;\"><em><strong><span style=\"color: #333399;\">Estamos entonces ante un nuevo concepto del mundo en que vivimos que se nos ha convertido, en un pa\u00f1uelo al abrir nuestro equipo inform\u00e1tico, llev\u00e1ndonos de un lado a otro fortaleciendo nuestra cultura, donde se despierta de inmediato el deseo de viajar.<\/span><\/strong><\/em><\/p>\n<p style=\"text-align: justify;\">En este panorama, es donde tenemos que incidir con fuerza, pues es lo que da su principal valor a estos descubrimientos de la ciencia y la tecnolog\u00eda, oblig\u00e1ndonos a culturizarnos en el conocimiento para saber manejarlos adecuadamente.<\/p>\n<div id=\"attachment_37042\" style=\"width: 610px\" class=\"wp-caption aligncenter\"><a href=\"https:\/\/www.turistamagazine.com\/v2\/wp-content\/uploads\/2018\/09\/nube_estrategiadigital.jpg\"><img decoding=\"async\" aria-describedby=\"caption-attachment-37042\" class=\"wp-image-37042\" src=\"https:\/\/www.turistamagazine.com\/v2\/wp-content\/uploads\/2018\/09\/nube_estrategiadigital.jpg\" alt=\"F\/bitubi comunicaci\u00f3n\" width=\"600\" height=\"383\" srcset=\"https:\/\/www.turistamagazine.com\/v2\/wp-content\/uploads\/2018\/09\/nube_estrategiadigital.jpg 884w, https:\/\/www.turistamagazine.com\/v2\/wp-content\/uploads\/2018\/09\/nube_estrategiadigital-300x192.jpg 300w, https:\/\/www.turistamagazine.com\/v2\/wp-content\/uploads\/2018\/09\/nube_estrategiadigital-768x491.jpg 768w, https:\/\/www.turistamagazine.com\/v2\/wp-content\/uploads\/2018\/09\/nube_estrategiadigital-657x420.jpg 657w, https:\/\/www.turistamagazine.com\/v2\/wp-content\/uploads\/2018\/09\/nube_estrategiadigital-610x390.jpg 610w, https:\/\/www.turistamagazine.com\/v2\/wp-content\/uploads\/2018\/09\/nube_estrategiadigital-158x100.jpg 158w\" sizes=\"(max-width: 600px) 100vw, 600px\" \/><\/a><p id=\"caption-attachment-37042\" class=\"wp-caption-text\">F\/bitubi comunicaci\u00f3n<\/p><\/div>\n<p style=\"text-align: justify;\"><em><strong><span style=\"color: #333399;\">Es absolutamente necesario que sepamos c\u00f3mo hay que utilizar estos nuevos medios para canalizar el movimiento mundial del turismo que, precisamente, se est\u00e1 apoyando en ellos para darnos a conocer lo que existe en todo el mundo, las condiciones para poder visitarlos f\u00edsicamente, los medios de transportes y las posibilidades reales de poder hacer esas visitas.<\/span><\/strong><\/em><\/p>\n<p style=\"text-align: justify;\">La Organizaci\u00f3n Mundial del Turismo, no descansa permiti\u00e9ndonos cada cuatrimestre una informaci\u00f3n de c\u00f3mo se est\u00e1 moviendo la masa humana en todas las direcciones. Los informes que le llegan, a dicha organizaci\u00f3n, son clasificados, investigados y difundidos para que quienes tienen la responsabilidad de dirigir esas masas sepan el lugar adecuado donde encontrar\u00e1n satisfechas sus ilusiones y sus deseos.<\/p>\n<p style=\"text-align: justify;\"><em><strong><span style=\"color: #333399;\">Esa es una de las muchas labores que nuestra era del conocimiento nos presenta como un reto, dentro de los cuales hay que tener una profesionalidad asentada en serios estudios, conocimientos y experiencias, para poder adecuar un programa de actuaci\u00f3n sin ninguna clase de improvisaci\u00f3n.<\/span><\/strong><\/em><\/p>\n<p><a href=\"https:\/\/www.turistamagazine.com\/v2\/wp-content\/uploads\/2018\/09\/Header_ES2-1.jpg\"><img decoding=\"async\" class=\"wp-image-37044 aligncenter\" src=\"https:\/\/www.turistamagazine.com\/v2\/wp-content\/uploads\/2018\/09\/Header_ES2-1.jpg\" alt=\"\" width=\"600\" height=\"313\" srcset=\"https:\/\/www.turistamagazine.com\/v2\/wp-content\/uploads\/2018\/09\/Header_ES2-1.jpg 800w, https:\/\/www.turistamagazine.com\/v2\/wp-content\/uploads\/2018\/09\/Header_ES2-1-300x156.jpg 300w, https:\/\/www.turistamagazine.com\/v2\/wp-content\/uploads\/2018\/09\/Header_ES2-1-768x400.jpg 768w, https:\/\/www.turistamagazine.com\/v2\/wp-content\/uploads\/2018\/09\/Header_ES2-1-610x318.jpg 610w\" sizes=\"(max-width: 600px) 100vw, 600px\" \/><\/a><\/p>\n<p style=\"text-align: justify;\">Deben de acabarse los hechos que dan lugar a que aquellos seudo profesionales con idea caducas, que no han seguido ni estudiado esta evoluci\u00f3n de las t\u00e9cnicas mundiales, act\u00faen sin rubor, ofreciendo ideas y asesoramientos, que no tienen m\u00e1s sustento que los elementales conocimientos que tienen dichos personajes, del desarrollo de una sociedad existente hace varios a\u00f1os atr\u00e1s, que no tiene nada que ver con las apetencias de la actual y mucho menos con la del futuro pr\u00f3ximo<\/p>\n<p style=\"text-align: justify;\"><em><strong><span style=\"color: #333399;\">Estamos ante un mundo expectante. No podemos hablar de lo que vivimos sin relacionarlo con lo vamos a vivir dentro de los pr\u00f3ximos a\u00f1os. Las expectativas son muy diferentes.<\/span><\/strong><\/em><\/p>\n<p style=\"text-align: justify;\">Tenemos la obligaci\u00f3n de repetir continuamente, la necesidad de seguir la aplicaci\u00f3n del concepto del desarrollo sostenible que tiene que preservar al mundo de aquellos que act\u00faan solo pensando en s\u00ed mismos sin estudiar, evaluar y considerar las consecuencias de sus actos. Ese desarrollo sostenible que obligadamente tenemos que relacionar con esta evoluci\u00f3n tecnol\u00f3gica que se\u00f1alamos y que dice se trata de <strong><em><span style=\"color: #333399;\">\u201csatisfacer las necesidades de las generaciones actuales, sin poner en peligro la satisfacci\u00f3n de las necesidades de las generaciones futuras\u201d<\/span><\/em><\/strong>. Algo que no podemos apartar de la realidad que, como decimos, se est\u00e1 viviendo atropelladamente en el mundo con la presencia de las nuevas tecnolog\u00edas, que cada d\u00eda nos ofrecen nuevas e incre\u00edbles novedades.<\/p>\n<p style=\"text-align: justify;\">La toma de conciencia de esta memorable situaci\u00f3n en que se encuentra la comunidad mundial, tiene que ser la base de actuaci\u00f3n de aquellos organismos, entidades y personajes influyentes en el desarrollo mundial, para sentar unas bases en las cuales est\u00e9 presente esta realidad que exponemos aqu\u00ed de forma clara y precisa. No hacerlo significa asumir una irresponsabilidad ante la sociedad mundial.<\/p>\n<p style=\"text-align: justify;\">Son miles la horas de trabajo que hemos empe\u00f1ado, y seguimos empe\u00f1ando, en estos estudios sin otro beneficio que no sea<em><strong><span style=\"color: #333399;\"> \u201cel deber cumplido\u201d<\/span><\/strong><\/em> tal como hemos asumido con nuestro lema rotario <em><strong><span style=\"color: #333399;\">\u201cservir es mi ocupaci\u00f3n\u201d<\/span><\/strong><\/em><\/p>\n<p style=\"text-align: justify;\">El insistir en posicionar esta realidad mundial como un valor fundamental del desarrollo del turismo, lo consideramos una obligaci\u00f3n para quienes podemos presumir de tener una informaci\u00f3n privilegiada de c\u00f3mo se est\u00e1 moviendo la comunidad mundial, sus fines, sus prop\u00f3sitos y su vigente realidad.<\/p>\n<p>&nbsp;<\/p>\n<p><strong>*Del Grupo de Expertos de la Organizaci\u00f3n Mundial del Turismo. UNWTO.<\/strong><\/p>\n","protected":false},"excerpt":{"rendered":"<p>Por. Antonio-Pedro Tejera Reyes* Abordamos el pasado mes de Marzo, en la capital peruana, el apasionante tema de la evoluci\u00f3n de la informaci\u00f3n digital en el mundo del turismo, ante un selecto p\u00fablico convocado por la Federaci\u00f3n Internacional de la Prensa Tur\u00edstica Digital-FEINPRETUDI-y auspiciado por el Gobierno Peruano a trav\u00e9s de su empresa PROMPER\u00da. Hoy, ante la inminente celebraci\u00f3n del D\u00cdA\u00a0MUNDIAL DEL TURISMO (27 de Septiembre) instituido por la Organizaci\u00f3n Mundial del Turismo, OMT, que ha decidido dedicar esta celebraci\u00f3n precisamente a la difusi\u00f3n de la informaci\u00f3n digital, queremos p\u00fablicamente volver a se\u00f1alar este hecho transcendental que ha conmocionado al&#8230;<\/p>\n","protected":false},"author":1,"featured_media":0,"comment_status":"open","ping_status":"open","sticky":false,"template":"","format":"standard","meta":{"footnotes":""},"categories":[85],"tags":[284,8413,7471,6805,126,6132,749],"class_list":["post-37039","post","type-post","status-publish","format-standard","hentry","category-colum-invitados","tag-antonio-pedro-tejera-reyes","tag-dia-mundial-del-turismo-2018","tag-elenita-villar-asesora-de-tesis-en-turismo","tag-feinpretudi","tag-omt","tag-portal-de-noticias-turistamagazine","tag-turistamagazine"],"_links":{"self":[{"href":"https:\/\/www.turistamagazine.com\/v2\/index.php?rest_route=\/wp\/v2\/posts\/37039","targetHints":{"allow":["GET"]}}],"collection":[{"href":"https:\/\/www.turistamagazine.com\/v2\/index.php?rest_route=\/wp\/v2\/posts"}],"about":[{"href":"https:\/\/www.turistamagazine.com\/v2\/index.php?rest_route=\/wp\/v2\/types\/post"}],"author":[{"embeddable":true,"href":"https:\/\/www.turistamagazine.com\/v2\/index.php?rest_route=\/wp\/v2\/users\/1"}],"replies":[{"embeddable":true,"href":"https:\/\/www.turistamagazine.com\/v2\/index.php?rest_route=%2Fwp%2Fv2%2Fcomments&post=37039"}],"version-history":[{"count":4,"href":"https:\/\/www.turistamagazine.com\/v2\/index.php?rest_route=\/wp\/v2\/posts\/37039\/revisions"}],"predecessor-version":[{"id":37058,"href":"https:\/\/www.turistamagazine.com\/v2\/index.php?rest_route=\/wp\/v2\/posts\/37039\/revisions\/37058"}],"wp:attachment":[{"href":"https:\/\/www.turistamagazine.com\/v2\/index.php?rest_route=%2Fwp%2Fv2%2Fmedia&parent=37039"}],"wp:term":[{"taxonomy":"category","embeddable":true,"href":"https:\/\/www.turistamagazine.com\/v2\/index.php?rest_route=%2Fwp%2Fv2%2Fcategories&post=37039"},{"taxonomy":"post_tag","embeddable":true,"href":"https:\/\/www.turistamagazine.com\/v2\/index.php?rest_route=%2Fwp%2Fv2%2Ftags&post=37039"}],"curies":[{"name":"wp","href":"https:\/\/api.w.org\/{rel}","templated":true}]}}