{"id":37025,"date":"2018-09-24T15:20:37","date_gmt":"2018-09-24T20:20:37","guid":{"rendered":"http:\/\/www.turistamagazine.com\/v2\/?p=37025"},"modified":"2018-09-24T15:20:37","modified_gmt":"2018-09-24T20:20:37","slug":"se-inicio-la-semana-de-descuentos-especiales-por-el-dia-mundial-de-turismo","status":"publish","type":"post","link":"https:\/\/www.turistamagazine.com\/v2\/?p=37025","title":{"rendered":"SE INICI\u00d3 LA SEMANA DE DESCUENTOS ESPECIALES POR EL \u201cD\u00cdA MUNDIAL DE TURISMO\u201d"},"content":{"rendered":"<p style=\"text-align: justify;\">24\/09\/2018\/ Lima.- El ministro de Comercio Exterior y Turismo, Rogers Valencia, anunci\u00f3 \u00a0el inicio de la semana de descuentos especiales con motivo del <span style=\"color: #000080;\"><strong><em>\u201cD\u00eda Mundial del Turismo\u201d.<\/em><\/strong> <\/span>Estas promociones se podr\u00e1n encontrar en el portal web Y t\u00fa qu\u00e9 planes? <a href=\"http:\/\/www.ytuqueplanes.com\">\u00a0www.ytuqueplanes.com<\/a><\/p>\n<p style=\"text-align: justify;\">Los descuentos alcanzan hasta el 50% y\u00a0 estar\u00e1n activos hasta el pr\u00f3ximo 29 de setiembre.<\/p>\n<p style=\"text-align: justify;\"><strong><em><span style=\"color: #000080;\">\u201cLos servicios ofertados son full days y paquetes tur\u00edsticos que van desde 2 d\u00edas\/1 noche, 3 d\u00edas\/2 noches, 4 d\u00edas\/3 noches y 5 d\u00edas\/4 noches. Los servicios incluyen traslados, alimentaci\u00f3n, alojamiento y tour<\/span>s\u201d<\/em><\/strong>, destac\u00f3 el titular del Mincetur.<\/p>\n<p style=\"text-align: justify;\">Como se recuerda el <em><strong><span style=\"color: #000080;\">\u201cD\u00eda Mundial del Turismo\u201d<\/span><\/strong><\/em> se celebra el 27 de setiembre todos los a\u00f1os y es realizado por la Organizaci\u00f3n Mundial del Turismo (OMT). Su prop\u00f3sito es divulgar y sensibilizar acerca del valor social, cultural, pol\u00edtico y econ\u00f3mico del turismo.<\/p>\n<p style=\"text-align: justify;\"><strong><em><span style=\"color: #000080;\">\u201cLa celebraci\u00f3n de esta fecha no es solo para impulsar el turismo interno, sino tambi\u00e9n para hacer un llamado a la consciencia de los peruanos sobre la importancia de preservar nuestros recursos naturales y tur\u00edsticos, as\u00ed como de contratar servicios formale<\/span><\/em>s\u201d<\/strong>, manifest\u00f3 el ministro Valencia.<\/p>\n<p style=\"text-align: justify;\">El titular del Mincetur destac\u00f3 que estas promociones son el resultado de una alianza con el sector privado, el cual se trabaja de manera constante para sacar adelante el turismo del pa\u00eds.<\/p>\n<p style=\"text-align: justify;\"><span style=\"color: #000080;\"><strong><em>OTRAS PROMOCIONES<\/em><\/strong><\/span><\/p>\n<p style=\"text-align: justify;\">La tem\u00e1tica de este a\u00f1o del D\u00eda Mundial del Turismo es <strong><em><span style=\"color: #000080;\">\u201cTurismo y Transformaci\u00f3n Digital<\/span>\u201d.<\/em><\/strong> Se centra en la contribuci\u00f3n de las tecnolog\u00edas digitales al desarrollo de un turismo sostenible, siendo estas a su vez una plataforma para dinamizar la actividad econ\u00f3mica en la industria.<\/p>\n<p style=\"text-align: justify;\">En esa l\u00ednea, record\u00f3 que desde julio \u00faltimo el Mincetur lanz\u00f3 el aplicativo de descuentos tur\u00edsticos <span style=\"color: #000080;\"><strong><em>\u201cJ\u00f3venes en Ruta\u201d<\/em><\/strong><\/span> (habilitado en las plataformas Android y IOS), destinado a los j\u00f3venes entre 15 y 25 a\u00f1os. As\u00ed, a trav\u00e9s de esta plataforma, los usuarios podr\u00e1n acceder a una diversidad de promociones tur\u00edsticas.<\/p>\n<p style=\"text-align: justify;\">De igual manera, la estrategia Turismo Rural Comunitario tambi\u00e9n pone a la venta a trav\u00e9s de su p\u00e1gina web <a href=\"http:\/\/www.turismoruralcomunitario.com.pe\">http:\/\/www.turismoruralcomunitario.com.pe<\/a> experiencias tur\u00edsticas (planificadas y sostenibles) en zonas rurales, las mismas que cuentan con la participaci\u00f3n de las poblaciones locales.<\/p>\n<p style=\"text-align: justify;\">IMPORTANTE<\/p>\n<p style=\"text-align: justify;\">\u00a0\u00a0<span style=\"color: #000080;\"><strong><em>La actividad central por el D\u00eda Mundial del Turismo se realizar\u00e1 el pr\u00f3ximo 27 de setiembre en la regi\u00f3n Arequipa.<\/em><\/strong><\/span><\/p>\n<p style=\"text-align: justify;\">\u00a0\u00a0\u00a0 Del mismo modo, se realizar\u00e1n diversas actividades en diversas regiones del pa\u00eds.<\/p>\n<p style=\"text-align: justify;\">\n","protected":false},"excerpt":{"rendered":"<p>24\/09\/2018\/ Lima.- El ministro de Comercio Exterior y Turismo, Rogers Valencia, anunci\u00f3 \u00a0el inicio de la semana de descuentos especiales con motivo del \u201cD\u00eda Mundial del Turismo\u201d. Estas promociones se podr\u00e1n encontrar en el portal web Y t\u00fa qu\u00e9 planes? \u00a0www.ytuqueplanes.com Los descuentos alcanzan hasta el 50% y\u00a0 estar\u00e1n activos hasta el pr\u00f3ximo 29 de setiembre. \u201cLos servicios ofertados son full days y paquetes tur\u00edsticos que van desde 2 d\u00edas\/1 noche, 3 d\u00edas\/2 noches, 4 d\u00edas\/3 noches y 5 d\u00edas\/4 noches. Los servicios incluyen traslados, alimentaci\u00f3n, alojamiento y tours\u201d, destac\u00f3 el titular del Mincetur. Como se recuerda el \u201cD\u00eda Mundial&#8230;<\/p>\n","protected":false},"author":1,"featured_media":0,"comment_status":"open","ping_status":"open","sticky":false,"template":"","format":"standard","meta":{"footnotes":""},"categories":[4,82],"tags":[8246,6796,7471,6132,749],"class_list":["post-37025","post","type-post","status-publish","format-standard","hentry","category-breaking-news","category-nacionales","tag-jovenes-en-ruta","tag-27-de-setiembre-dia-mundial-del-turismo","tag-elenita-villar-asesora-de-tesis-en-turismo","tag-portal-de-noticias-turistamagazine","tag-turistamagazine"],"_links":{"self":[{"href":"https:\/\/www.turistamagazine.com\/v2\/index.php?rest_route=\/wp\/v2\/posts\/37025","targetHints":{"allow":["GET"]}}],"collection":[{"href":"https:\/\/www.turistamagazine.com\/v2\/index.php?rest_route=\/wp\/v2\/posts"}],"about":[{"href":"https:\/\/www.turistamagazine.com\/v2\/index.php?rest_route=\/wp\/v2\/types\/post"}],"author":[{"embeddable":true,"href":"https:\/\/www.turistamagazine.com\/v2\/index.php?rest_route=\/wp\/v2\/users\/1"}],"replies":[{"embeddable":true,"href":"https:\/\/www.turistamagazine.com\/v2\/index.php?rest_route=%2Fwp%2Fv2%2Fcomments&post=37025"}],"version-history":[{"count":1,"href":"https:\/\/www.turistamagazine.com\/v2\/index.php?rest_route=\/wp\/v2\/posts\/37025\/revisions"}],"predecessor-version":[{"id":37027,"href":"https:\/\/www.turistamagazine.com\/v2\/index.php?rest_route=\/wp\/v2\/posts\/37025\/revisions\/37027"}],"wp:attachment":[{"href":"https:\/\/www.turistamagazine.com\/v2\/index.php?rest_route=%2Fwp%2Fv2%2Fmedia&parent=37025"}],"wp:term":[{"taxonomy":"category","embeddable":true,"href":"https:\/\/www.turistamagazine.com\/v2\/index.php?rest_route=%2Fwp%2Fv2%2Fcategories&post=37025"},{"taxonomy":"post_tag","embeddable":true,"href":"https:\/\/www.turistamagazine.com\/v2\/index.php?rest_route=%2Fwp%2Fv2%2Ftags&post=37025"}],"curies":[{"name":"wp","href":"https:\/\/api.w.org\/{rel}","templated":true}]}}