{"id":36874,"date":"2018-09-10T17:49:40","date_gmt":"2018-09-10T22:49:40","guid":{"rendered":"http:\/\/www.turistamagazine.com\/v2\/?p=36874"},"modified":"2018-09-11T16:54:47","modified_gmt":"2018-09-11T21:54:47","slug":"salta-busca-convertirse-en-la-puerta-de-entrada-de-peru-en-argentina","status":"publish","type":"post","link":"https:\/\/www.turistamagazine.com\/v2\/?p=36874","title":{"rendered":"SALTA BUSCA CONVERTIRSE EN LA PUERTA DE ENTRADA DE PER\u00da EN ARGENTINA"},"content":{"rendered":"<p style=\"text-align: justify;\">10\/09\/ \/2018\/ Lima.-Argentina lleg\u00f3 a Lima en misi\u00f3n comercial y present\u00f3 la oferta tur\u00edstica del pa\u00eds al sector privado de agencias de viaje de Per\u00fa. La provincia argentina de Salta despert\u00f3 especial inter\u00e9s por parte del trade por sus atractivos tur\u00edsticos y se espera aumentar considerablemente la afluencia de turistas de todo el mundo interesados por la ruta andina.<\/p>\n<p style=\"text-align: justify;\"><strong><em><span style=\"color: #333399;\">Con respecto a la presentaci\u00f3n de la ruta al trade, Carlos Eckhardt, Presidente de la C\u00e1mara de Turismo de Salta precis\u00f3 que \u201ces un momento importante para estrechar lazos con el Per\u00fa pues es nuestro objetivo principal ya que la historia nos vincula. El encuentro con Per\u00fa fue multitudinario, con mucha gente c\u00e1lida e interesada en el destino. Por la gran oferta y demanda de turismo extranjero que tiene Per\u00fa, sobre todo en Lima y Cusco, queremos convertir a Salta en la puerta de ingreso a Argentina\u201d<\/span>. <\/em><\/strong><\/p>\n<p style=\"text-align: justify;\">Por su parte, Federico Norte, empresario salte\u00f1o y directivo de la Federaci\u00f3n Argentina de Asociaciones de Empresas de Viajes y Turismo &#8211; FAEVYT, coment\u00f3: <span style=\"color: #333399;\"><strong><em>\u201cestamos sorprendidos por el inter\u00e9s de los operadores peruanos en el destino considerando la conectividad a\u00e9rea pues solo nos encontramos a tres horas de Lima; adem\u00e1s de las similitudes que tenemos como ser que fuimos parte del mismo territorio de conquista espa\u00f1ola, la gastronom\u00eda, los paisajes y la cultura andina. Definitivamente, Per\u00fa super\u00f3 nuestras expectativas\u201d.<\/em><\/strong><\/span><\/p>\n<div id=\"attachment_36876\" style=\"width: 610px\" class=\"wp-caption aligncenter\"><a href=\"https:\/\/www.turistamagazine.com\/v2\/wp-content\/uploads\/2018\/09\/Salta.jpg\"><img decoding=\"async\" aria-describedby=\"caption-attachment-36876\" class=\"wp-image-36876\" src=\"https:\/\/www.turistamagazine.com\/v2\/wp-content\/uploads\/2018\/09\/Salta.jpg\" alt=\"\" width=\"600\" height=\"450\" \/><\/a><p id=\"caption-attachment-36876\" class=\"wp-caption-text\"><em><span style=\"color: #333399;\">Foto de izq a der: Carlos Eckhardt, Presidente de la C\u00e1mara de Turismo de Salta; Laura Alcorta, Subsecretaria de Promoci\u00f3n del Ministerio de Cultura, Turismo y Deportes de la Provincia de Salta y Federico Norte, empresario salte\u00f1o y directivo de la Federaci\u00f3n Argentina de Asociaciones de Empresas de Viajes y Turismo &#8211; FAEVYT.<\/span><\/em><\/p><\/div>\n<p style=\"text-align: justify;\"><strong><em><span style=\"color: #333399;\">\u201cTener conectividad directa es algo que atrae al destino; actualmente tenemos tres frecuencias con LATAM y en noviembre aumentar\u00e1n a siete y notamos mucho inter\u00e9s en la ruta del vino, los deportes de aventura y el Tren a las Nubes. Estar a solo tres horas de Lima logra que Salta sea un destino interesante para los fines de semana largos de Per\u00fa, adem\u00e1s de combinar Salta con otros destinos como Buenos Aires, Iguaz\u00fa y Mendoza\u201d<\/span>,<\/em><\/strong> indic\u00f3 Laura Alcorta, Subsecretaria de Promoci\u00f3n del Ministerio de Cultura, Turismo y Deportes de la Provincia de Salta.<\/p>\n<p style=\"text-align: justify;\">Paisajes \u00fanicos que exaltan los sentidos. La selva de altura y el altiplano andino, las aguas termales, los salares, los vinos de extrema altura, su exquisita y aut\u00f3ctona gastronom\u00eda, los imponentes Valles Calchaqu\u00edes. Son estos solo algunos de los atractivos con los que nos podemos encontrar, donde tambi\u00e9n habitan diferentes especies de aves y mam\u00edferos que complementan los paisajes llen\u00e1ndolos de vida pura y natural. Todos ellos cobijados por nuestras culturas ancestrales que los Andes forjaron desde tiempos inmemoriales.<\/p>\n<p>Foto de Portada:<em><span style=\"color: #333399;\"> Nuestra Directora,\u00a0 Natalia Pisone Coordinadora para Mercados Am\u00e9rica del Instituto de promoci\u00f3n tur\u00edstica de Argentina y<\/span><\/em>\u00a0<span style=\"color: #333399;\">Carlos Eckhardt, Presidente de la C\u00e1mara de Turismo de Salta <\/span><\/p>\n","protected":false},"excerpt":{"rendered":"<p>10\/09\/ \/2018\/ Lima.-Argentina lleg\u00f3 a Lima en misi\u00f3n comercial y present\u00f3 la oferta tur\u00edstica del pa\u00eds al sector privado de agencias de viaje de Per\u00fa. La provincia argentina de Salta despert\u00f3 especial inter\u00e9s por parte del trade por sus atractivos tur\u00edsticos y se espera aumentar considerablemente la afluencia de turistas de todo el mundo interesados por la ruta andina. Con respecto a la presentaci\u00f3n de la ruta al trade, Carlos Eckhardt, Presidente de la C\u00e1mara de Turismo de Salta precis\u00f3 que \u201ces un momento importante para estrechar lazos con el Per\u00fa pues es nuestro objetivo principal ya que la historia&#8230;<\/p>\n","protected":false},"author":1,"featured_media":36875,"comment_status":"open","ping_status":"open","sticky":false,"template":"","format":"standard","meta":{"footnotes":""},"categories":[4,82],"tags":[8374,7471,8375,8376,6132,2325,749,5078],"class_list":["post-36874","post","type-post","status-publish","format-standard","has-post-thumbnail","hentry","category-breaking-news","category-nacionales","tag-carlos-eckhardt","tag-elenita-villar-asesora-de-tesis-en-turismo","tag-laura-alcorta","tag-natalia-pison","tag-portal-de-noticias-turistamagazine","tag-salta","tag-turistamagazine","tag-ver-todos"],"_links":{"self":[{"href":"https:\/\/www.turistamagazine.com\/v2\/index.php?rest_route=\/wp\/v2\/posts\/36874","targetHints":{"allow":["GET"]}}],"collection":[{"href":"https:\/\/www.turistamagazine.com\/v2\/index.php?rest_route=\/wp\/v2\/posts"}],"about":[{"href":"https:\/\/www.turistamagazine.com\/v2\/index.php?rest_route=\/wp\/v2\/types\/post"}],"author":[{"embeddable":true,"href":"https:\/\/www.turistamagazine.com\/v2\/index.php?rest_route=\/wp\/v2\/users\/1"}],"replies":[{"embeddable":true,"href":"https:\/\/www.turistamagazine.com\/v2\/index.php?rest_route=%2Fwp%2Fv2%2Fcomments&post=36874"}],"version-history":[{"count":4,"href":"https:\/\/www.turistamagazine.com\/v2\/index.php?rest_route=\/wp\/v2\/posts\/36874\/revisions"}],"predecessor-version":[{"id":36884,"href":"https:\/\/www.turistamagazine.com\/v2\/index.php?rest_route=\/wp\/v2\/posts\/36874\/revisions\/36884"}],"wp:featuredmedia":[{"embeddable":true,"href":"https:\/\/www.turistamagazine.com\/v2\/index.php?rest_route=\/wp\/v2\/media\/36875"}],"wp:attachment":[{"href":"https:\/\/www.turistamagazine.com\/v2\/index.php?rest_route=%2Fwp%2Fv2%2Fmedia&parent=36874"}],"wp:term":[{"taxonomy":"category","embeddable":true,"href":"https:\/\/www.turistamagazine.com\/v2\/index.php?rest_route=%2Fwp%2Fv2%2Fcategories&post=36874"},{"taxonomy":"post_tag","embeddable":true,"href":"https:\/\/www.turistamagazine.com\/v2\/index.php?rest_route=%2Fwp%2Fv2%2Ftags&post=36874"}],"curies":[{"name":"wp","href":"https:\/\/api.w.org\/{rel}","templated":true}]}}