{"id":36861,"date":"2018-09-08T10:37:14","date_gmt":"2018-09-08T15:37:14","guid":{"rendered":"http:\/\/www.turistamagazine.com\/v2\/?p=36861"},"modified":"2018-09-08T10:37:14","modified_gmt":"2018-09-08T15:37:14","slug":"escultura-de-cinco-metros-tallada-por-artesanos-peruanos-destaca-en-festival-realizado-en-rusia","status":"publish","type":"post","link":"https:\/\/www.turistamagazine.com\/v2\/?p=36861","title":{"rendered":"ESCULTURA\u00a0 DE CINCO METROS TALLADA POR ARTESANOS PERUANOS DESTACA EN FESTIVAL REALIZADO EN RUSIA"},"content":{"rendered":"<p style=\"text-align: justify;\">08\/09\/2018\/ Lima.- El Ministerio de Comercio Exterior y Turismo (Mincetur) destac\u00f3 la participaci\u00f3n de dos artesanos peruanos de madera en el reconocido <strong><em>IX Festival Internacional del Hacha<\/em><\/strong>, el cual se llev\u00f3 a cabo en Rusia y reuni\u00f3 a artistas de 33 pa\u00edses del mundo.<\/p>\n<p style=\"text-align: justify;\"><strong><em>Luis Luna Ojeda (Lima) y Juan Espinal Hinostroza (Huancavelica<\/em><\/strong>) lograron alcanzar\u00a0 el cuarto puesto en la categor\u00eda <strong><em>\u201cescultura en parque<\/em><\/strong>\u201d del certamen, obteniendo una menci\u00f3n honrosa, con la obra <strong><em>\u201cEl Anhelo\u201d,<\/em><\/strong> <strong><em>la cual posee 5.5 metros de altura y 0.80 metros de di\u00e1metro, tallada en madera de pino.<\/em><\/strong><\/p>\n<p style=\"text-align: justify;\">Los artistas nacionales comentaron que su escultura es una representaci\u00f3n abstracta del deseo de todo hombre (figura de\u00a0 la base) de alcanzar un objetivo (a trav\u00e9s de la mano en el extremo superior). El medio para llegar a este objetivo es el \u00e1ngel, figura en la parte intermedia de la escultura.<\/p>\n<p><a href=\"https:\/\/www.turistamagazine.com\/v2\/wp-content\/uploads\/2018\/09\/FOTO-1.jpg\"><img decoding=\"async\" class=\"size-full wp-image-36863 aligncenter\" src=\"https:\/\/www.turistamagazine.com\/v2\/wp-content\/uploads\/2018\/09\/FOTO-1.jpg\" alt=\"\" width=\"543\" height=\"699\" srcset=\"https:\/\/www.turistamagazine.com\/v2\/wp-content\/uploads\/2018\/09\/FOTO-1.jpg 543w, https:\/\/www.turistamagazine.com\/v2\/wp-content\/uploads\/2018\/09\/FOTO-1-233x300.jpg 233w, https:\/\/www.turistamagazine.com\/v2\/wp-content\/uploads\/2018\/09\/FOTO-1-326x420.jpg 326w\" sizes=\"(max-width: 543px) 100vw, 543px\" \/><\/a><\/p>\n<p style=\"text-align: justify;\"><span style=\"color: #000080;\"><strong><em>\u201cEl Anhelo se logr\u00f3 exponer junto a otras 50 esculturas del mundo, dando a conocer el nivel de a la artesan\u00eda peruana tallada en madera. Estamos agradecidos con el soporte que nos ha brindado el Mincetur, a trav\u00e9s de capacitaci\u00f3n y b\u00fasqueda de apoyo para nuestra participaci\u00f3n en el evento\u201d, destacaron Luis Luna Ojeda y Juan Espinal Hinostroza.<\/em><\/strong><\/span><\/p>\n<p style=\"text-align: justify;\">Como se recuerda el IX Festival Internacional del Hacha,\u00a0 destaca los trabajos en madera que representan las tradiciones de varias naciones del mundo. Esta actividad se realiza anualmente en la regi\u00f3n de Tomsk (Siberia). Al evento concurrieron m\u00e1s de cien mil personas.<\/p>\n<p style=\"text-align: justify;\">SOBRE LOS ESCULTORES<\/p>\n<ul>\n<li style=\"text-align: justify;\">Luis Luna Ojeda y Juan Espinal Hinostroza residen en el distrito lime\u00f1o de San Juan de Lurigancho.<\/li>\n<li style=\"text-align: justify;\">Ambos realizan el trabajo de madera hace m\u00e1s de 30 a\u00f1os.<\/li>\n<\/ul>\n","protected":false},"excerpt":{"rendered":"<p>08\/09\/2018\/ Lima.- El Ministerio de Comercio Exterior y Turismo (Mincetur) destac\u00f3 la participaci\u00f3n de dos artesanos peruanos de madera en el reconocido IX Festival Internacional del Hacha, el cual se llev\u00f3 a cabo en Rusia y reuni\u00f3 a artistas de 33 pa\u00edses del mundo. Luis Luna Ojeda (Lima) y Juan Espinal Hinostroza (Huancavelica) lograron alcanzar\u00a0 el cuarto puesto en la categor\u00eda \u201cescultura en parque\u201d del certamen, obteniendo una menci\u00f3n honrosa, con la obra \u201cEl Anhelo\u201d, la cual posee 5.5 metros de altura y 0.80 metros de di\u00e1metro, tallada en madera de pino. Los artistas nacionales comentaron que su escultura es&#8230;<\/p>\n","protected":false},"author":1,"featured_media":36862,"comment_status":"open","ping_status":"open","sticky":false,"template":"","format":"standard","meta":{"footnotes":""},"categories":[4,82],"tags":[7471,6132,117,749],"class_list":["post-36861","post","type-post","status-publish","format-standard","has-post-thumbnail","hentry","category-breaking-news","category-nacionales","tag-elenita-villar-asesora-de-tesis-en-turismo","tag-portal-de-noticias-turistamagazine","tag-promocion-turistica","tag-turistamagazine"],"_links":{"self":[{"href":"https:\/\/www.turistamagazine.com\/v2\/index.php?rest_route=\/wp\/v2\/posts\/36861","targetHints":{"allow":["GET"]}}],"collection":[{"href":"https:\/\/www.turistamagazine.com\/v2\/index.php?rest_route=\/wp\/v2\/posts"}],"about":[{"href":"https:\/\/www.turistamagazine.com\/v2\/index.php?rest_route=\/wp\/v2\/types\/post"}],"author":[{"embeddable":true,"href":"https:\/\/www.turistamagazine.com\/v2\/index.php?rest_route=\/wp\/v2\/users\/1"}],"replies":[{"embeddable":true,"href":"https:\/\/www.turistamagazine.com\/v2\/index.php?rest_route=%2Fwp%2Fv2%2Fcomments&post=36861"}],"version-history":[{"count":1,"href":"https:\/\/www.turistamagazine.com\/v2\/index.php?rest_route=\/wp\/v2\/posts\/36861\/revisions"}],"predecessor-version":[{"id":36864,"href":"https:\/\/www.turistamagazine.com\/v2\/index.php?rest_route=\/wp\/v2\/posts\/36861\/revisions\/36864"}],"wp:featuredmedia":[{"embeddable":true,"href":"https:\/\/www.turistamagazine.com\/v2\/index.php?rest_route=\/wp\/v2\/media\/36862"}],"wp:attachment":[{"href":"https:\/\/www.turistamagazine.com\/v2\/index.php?rest_route=%2Fwp%2Fv2%2Fmedia&parent=36861"}],"wp:term":[{"taxonomy":"category","embeddable":true,"href":"https:\/\/www.turistamagazine.com\/v2\/index.php?rest_route=%2Fwp%2Fv2%2Fcategories&post=36861"},{"taxonomy":"post_tag","embeddable":true,"href":"https:\/\/www.turistamagazine.com\/v2\/index.php?rest_route=%2Fwp%2Fv2%2Ftags&post=36861"}],"curies":[{"name":"wp","href":"https:\/\/api.w.org\/{rel}","templated":true}]}}