{"id":36804,"date":"2018-09-06T18:44:02","date_gmt":"2018-09-06T23:44:02","guid":{"rendered":"http:\/\/www.turistamagazine.com\/v2\/?p=36804"},"modified":"2018-09-06T18:44:02","modified_gmt":"2018-09-06T23:44:02","slug":"peru-recupera-la-mascara-de-sican-despues-de-casi-20-anos-de-proceso-judicial","status":"publish","type":"post","link":"https:\/\/www.turistamagazine.com\/v2\/?p=36804","title":{"rendered":"PER\u00da RECUPERA LA M\u00c1SCARA DE SIC\u00c1N DESPU\u00c9S DE CASI 20 A\u00d1OS DE PROCESO JUDICIAL"},"content":{"rendered":"<p style=\"text-align: justify;\">06\/09\/1018\/ Berl\u00edn.-Despu\u00e9s de 19 a\u00f1os de proceso judicial, el Per\u00fa recuper\u00f3 la M\u00e1scara de Sic\u00e1n, perteneciente a su patrimonio cultural, que en 1999 fue decomisada por parte de la Oficina de Interpol en Wiesbaden, Alemania, tras haber sido sustra\u00edda ilegalmente.<\/p>\n<p style=\"text-align: justify;\">La ministra de Cultura, Patricia Balbuena, recibi\u00f3 hoy la pieza arqueol\u00f3gica de manos del plenipotenciario del Estado Libre de Baviera ante el Estado Federal, Rolf-Dieter Jungk, quien entreg\u00f3 el respectivo permiso de exportaci\u00f3n.<\/p>\n<p style=\"text-align: justify;\"><span style=\"color: #000080;\"><strong><em>\u201cEstoy contenta de recibir uno de los bienes m\u00e1s emblem\u00e1ticos de las culturas norte\u00f1as del Per\u00fa, una M\u00e1scara de Sic\u00e1n. Agradezco al Tribunal de Justicia alem\u00e1n por su impecable desempe\u00f1o en el proceso judicial, a la Oficina de Investigaci\u00f3n Criminal de Baviera, que se encarg\u00f3 de custodiar el bien cultural, y a todas las autoridades, y tambi\u00e9n a nuestra Canciller\u00eda, que intervino en este largo camino, el cual finaliza hoy con la entrega de la M\u00e1scara de Sic\u00e1n<\/em><\/strong>\u201d<\/span>, subray\u00f3 la ministra Balbuena.<\/p>\n<p style=\"text-align: justify;\">La ministra indic\u00f3 que con el apoyo de la Embajada del Per\u00fa se est\u00e1n culminando las gestiones ante las autoridades aduaneras alemanas y se espera retornar al Per\u00fa con la M\u00e1scara de Sic\u00e1n este s\u00e1bado.<\/p>\n<p style=\"text-align: justify;\"><strong><em><span style=\"color: #000080;\">\u201cEs un final feliz y una se\u00f1al muy importante que recibimos de parte del gobierno alem\u00e1n respecto a que no se trata solo de la repatriaci\u00f3n de este bien que forma parte del patrimonio cultural del Per\u00fa que fue extra\u00eddo con un tr\u00e1fico il\u00edcito, sino que esta acci\u00f3n fortalece las relaciones bilaterales en el trabajo conjunto para la protecci\u00f3n de nuestro patrimonio\u201d<\/span>,<\/em><\/strong> manifest\u00f3.<\/p>\n<p style=\"text-align: justify;\">Agreg\u00f3 que se est\u00e1 evaluando si la M\u00e1scara de Sic\u00e1n ser\u00e1 conservada en el Museo Sic\u00e1n o en el Museo Br\u00fcning de Lambayeque o en otro recinto cultural.<\/p>\n<p style=\"text-align: justify;\">Balbuena Palacios remarc\u00f3 que esta recuperaci\u00f3n de la M\u00e1scara Sic\u00e1n forma parte de una cartera de repatriaciones en la que trabajan el Ministerio de Cultura y la Canciller\u00eda.<\/p>\n<p style=\"text-align: justify;\">En el a\u00f1o 1999, la M\u00e1scara de Sic\u00e1n no contaba con autorizaci\u00f3n de salida del pa\u00eds ni se hab\u00eda autorizado la exportaci\u00f3n de alguna r\u00e9plica con caracter\u00edsticas similares.<\/p>\n<p style=\"text-align: justify;\">Cuando la pieza arqueol\u00f3gica fue decomisada en Alemania se inici\u00f3 un proceso judicial ante el Tribunal Regional de Munich.\u00a0 En el proceso el Estado peruano ten\u00eda que demostrar que la m\u00e1scara pertenece al Per\u00fa, como efectivamente se hizo al presentar estudios que demostraban su pertenencia a la cultura Sic\u00e1n. El 15 de diciembre del 2016, a trav\u00e9s de la Sexta Sala Civil, emiti\u00f3 una sentencia ordenando la liberaci\u00f3n de la M\u00e1scara de Sic\u00e1n, confiscada por la Fiscal\u00eda del Munich, y autorizando su entrega al Estado peruano.<\/p>\n<p style=\"text-align: justify;\"><em><strong><span style=\"color: #000080;\">M\u00e1scara Sic\u00e1n<\/span><\/strong><\/em><\/p>\n<p style=\"text-align: justify;\">Es una m\u00e1scara funeraria elaborada alrededor del 1,200 d.C. con una l\u00e1mina de oro martillada y recortada con decoraci\u00f3n repujada. Representa a Naylamp, personaje mitol\u00f3gico, considerado el fundador de la dinast\u00eda de soberanos en la civilizaci\u00f3n Lambayeque. <em><strong><span style=\"color: #000080;\">Fue descubierta en 1991 en el complejo arqueol\u00f3gico de Bat\u00e1n Grande y estudiada minuciosamente por el arque\u00f3logo japon\u00e9s Izumi Shimada.<\/span><\/strong><\/em><\/p>\n<p style=\"text-align: justify;\">La M\u00e1scara de Sic\u00e1n retrata un rostro antropomorfo estilizado, con grandes ojos almendrados, de los que penden cuentas de resina de algarrobo, cuarzo y esmeraldas ensartadas en delgados tubos o alambres. La nariz y boca de la m\u00e1scara es peque\u00f1a y lleva adem\u00e1s narigueras y flecos nasales, as\u00ed como orejeras circulares. Est\u00e1 pintada con cinabrio (sulfuro de mercurio), que le da una tonalidad rojiza a esta pieza.<\/p>\n","protected":false},"excerpt":{"rendered":"<p>06\/09\/1018\/ Berl\u00edn.-Despu\u00e9s de 19 a\u00f1os de proceso judicial, el Per\u00fa recuper\u00f3 la M\u00e1scara de Sic\u00e1n, perteneciente a su patrimonio cultural, que en 1999 fue decomisada por parte de la Oficina de Interpol en Wiesbaden, Alemania, tras haber sido sustra\u00edda ilegalmente. La ministra de Cultura, Patricia Balbuena, recibi\u00f3 hoy la pieza arqueol\u00f3gica de manos del plenipotenciario del Estado Libre de Baviera ante el Estado Federal, Rolf-Dieter Jungk, quien entreg\u00f3 el respectivo permiso de exportaci\u00f3n. \u201cEstoy contenta de recibir uno de los bienes m\u00e1s emblem\u00e1ticos de las culturas norte\u00f1as del Per\u00fa, una M\u00e1scara de Sic\u00e1n. Agradezco al Tribunal de Justicia alem\u00e1n por&#8230;<\/p>\n","protected":false},"author":1,"featured_media":36806,"comment_status":"open","ping_status":"open","sticky":false,"template":"","format":"standard","meta":{"footnotes":""},"categories":[4],"tags":[7471,6132,8361,749,5078],"class_list":["post-36804","post","type-post","status-publish","format-standard","has-post-thumbnail","hentry","category-breaking-news","tag-elenita-villar-asesora-de-tesis-en-turismo","tag-portal-de-noticias-turistamagazine","tag-sican","tag-turistamagazine","tag-ver-todos"],"_links":{"self":[{"href":"https:\/\/www.turistamagazine.com\/v2\/index.php?rest_route=\/wp\/v2\/posts\/36804","targetHints":{"allow":["GET"]}}],"collection":[{"href":"https:\/\/www.turistamagazine.com\/v2\/index.php?rest_route=\/wp\/v2\/posts"}],"about":[{"href":"https:\/\/www.turistamagazine.com\/v2\/index.php?rest_route=\/wp\/v2\/types\/post"}],"author":[{"embeddable":true,"href":"https:\/\/www.turistamagazine.com\/v2\/index.php?rest_route=\/wp\/v2\/users\/1"}],"replies":[{"embeddable":true,"href":"https:\/\/www.turistamagazine.com\/v2\/index.php?rest_route=%2Fwp%2Fv2%2Fcomments&post=36804"}],"version-history":[{"count":1,"href":"https:\/\/www.turistamagazine.com\/v2\/index.php?rest_route=\/wp\/v2\/posts\/36804\/revisions"}],"predecessor-version":[{"id":36807,"href":"https:\/\/www.turistamagazine.com\/v2\/index.php?rest_route=\/wp\/v2\/posts\/36804\/revisions\/36807"}],"wp:featuredmedia":[{"embeddable":true,"href":"https:\/\/www.turistamagazine.com\/v2\/index.php?rest_route=\/wp\/v2\/media\/36806"}],"wp:attachment":[{"href":"https:\/\/www.turistamagazine.com\/v2\/index.php?rest_route=%2Fwp%2Fv2%2Fmedia&parent=36804"}],"wp:term":[{"taxonomy":"category","embeddable":true,"href":"https:\/\/www.turistamagazine.com\/v2\/index.php?rest_route=%2Fwp%2Fv2%2Fcategories&post=36804"},{"taxonomy":"post_tag","embeddable":true,"href":"https:\/\/www.turistamagazine.com\/v2\/index.php?rest_route=%2Fwp%2Fv2%2Ftags&post=36804"}],"curies":[{"name":"wp","href":"https:\/\/api.w.org\/{rel}","templated":true}]}}