{"id":36780,"date":"2018-09-05T13:47:27","date_gmt":"2018-09-05T18:47:27","guid":{"rendered":"http:\/\/www.turistamagazine.com\/v2\/?p=36780"},"modified":"2018-09-05T13:47:27","modified_gmt":"2018-09-05T18:47:27","slug":"canatur-estado-y-sector-privado-deben-estructurar-un-marco-legal-para-las-viviendas-turisticas","status":"publish","type":"post","link":"https:\/\/www.turistamagazine.com\/v2\/?p=36780","title":{"rendered":"CANATUR: ESTADO Y SECTOR PRIVADO DEBEN ESTRUCTURAR UN MARCO LEGAL PARA LAS VIVIENDAS TUR\u00cdSTICAS"},"content":{"rendered":"<p style=\"text-align: justify;\">05\/09\/2018\/ Lima.- El presidente de la C\u00e1mara Nacional de Turismo (Canatur), Carlos Canales, pidi\u00f3 a las autoridades gubernamentales que se implemente un marco legal a fin de regular las denominadas viviendas tur\u00edsticas en nuestro pa\u00eds<\/p>\n<p style=\"text-align: justify;\">Durante la clausura del reciente Foro <em><strong><span style=\"color: #333399;\">\u201c\u00bfPlataformas Digitales o Intermediaci\u00f3n de Servicios Tur\u00edsticos?<\/span><\/strong><\/em>\u201d, organizado por el Comit\u00e9 Acad\u00e9mico de Canatur, Canales Anchorena puso como ejemplo a Colombia en donde hay un marco jur\u00eddico para unas 10 mil viviendas tur\u00edsticas que se encuentran debidamente registradas.<\/p>\n<p style=\"text-align: justify;\"><em><strong><span style=\"color: #333399;\">\u201cSin embargo, en nuestro pa\u00eds, hay un vac\u00edo en la ley ya que no est\u00e1n catalogadas como servicios tur\u00edsticos. En ese sentido, debemos incorporar alg\u00fan tipo de regulaci\u00f3n a fin de fiscalizar este tipo de alojamientos y sancionar en caso de incumplimiento de los requisitos\u201d<\/span><\/strong><\/em>, sostuvo.<\/p>\n<p style=\"text-align: justify;\">Al respecto, el titular de Canatur elogi\u00f3 la labor de la Sunat e Indecopi y dijo que ambas entidades estatales consideran que las plataformas digitales como Airbnb s\u00ed realizan una intermediaci\u00f3n de servicios tur\u00edsticos.<\/p>\n<p style=\"text-align: justify;\">Recalc\u00f3 que la Sunat pr\u00e1cticamente califica de elusi\u00f3n en el caso de incumplimiento del pago de impuestos.<\/p>\n<p style=\"text-align: justify;\"><em><strong><span style=\"color: #333399;\">\u201cTenemos que buscar el bien com\u00fan que es la formalidad, el pago de los impuestos, as\u00ed como los fines del uso debido del establecimiento y que no atenten contra la moral o buenas costumbres\u201d<\/span><\/strong><\/em>, indic\u00f3 Carlos Canales.<\/p>\n<p style=\"text-align: justify;\">Finalmente, el titular de Canatur adelant\u00f3 que los siguientes 60 d\u00edas habr\u00e1 un nuevo foro sobre el tema, a fin de tener una segunda visi\u00f3n <em><span style=\"color: #333399;\">\u201cen la estructuraci\u00f3n de un marco legal para las econom\u00edas compartidas o econom\u00edas colaborativas\u201d.<\/span><\/em><\/p>\n<p><em><span style=\"color: #333399;\">Foto de Portada Turistamagazine\/ Diego Castro\/Carlos Canales\/Angela Patricia Lasta de COTELCO y Jos\u00e9 Marzano Director del Observatorio Tur\u00edstico\u00a0 del Per\u00fa\/ Unv. San Mart\u00edn de Porres<\/span><\/em><\/p>\n<p style=\"text-align: justify;\">\n<p>&nbsp;<\/p>\n","protected":false},"excerpt":{"rendered":"<p>05\/09\/2018\/ Lima.- El presidente de la C\u00e1mara Nacional de Turismo (Canatur), Carlos Canales, pidi\u00f3 a las autoridades gubernamentales que se implemente un marco legal a fin de regular las denominadas viviendas tur\u00edsticas en nuestro pa\u00eds Durante la clausura del reciente Foro \u201c\u00bfPlataformas Digitales o Intermediaci\u00f3n de Servicios Tur\u00edsticos?\u201d, organizado por el Comit\u00e9 Acad\u00e9mico de Canatur, Canales Anchorena puso como ejemplo a Colombia en donde hay un marco jur\u00eddico para unas 10 mil viviendas tur\u00edsticas que se encuentran debidamente registradas. \u201cSin embargo, en nuestro pa\u00eds, hay un vac\u00edo en la ley ya que no est\u00e1n catalogadas como servicios tur\u00edsticos. En ese&#8230;<\/p>\n","protected":false},"author":1,"featured_media":36781,"comment_status":"open","ping_status":"open","sticky":false,"template":"","format":"standard","meta":{"footnotes":""},"categories":[4,82],"tags":[167,7471,6132,749],"class_list":["post-36780","post","type-post","status-publish","format-standard","has-post-thumbnail","hentry","category-breaking-news","category-nacionales","tag-canatur","tag-elenita-villar-asesora-de-tesis-en-turismo","tag-portal-de-noticias-turistamagazine","tag-turistamagazine"],"_links":{"self":[{"href":"https:\/\/www.turistamagazine.com\/v2\/index.php?rest_route=\/wp\/v2\/posts\/36780","targetHints":{"allow":["GET"]}}],"collection":[{"href":"https:\/\/www.turistamagazine.com\/v2\/index.php?rest_route=\/wp\/v2\/posts"}],"about":[{"href":"https:\/\/www.turistamagazine.com\/v2\/index.php?rest_route=\/wp\/v2\/types\/post"}],"author":[{"embeddable":true,"href":"https:\/\/www.turistamagazine.com\/v2\/index.php?rest_route=\/wp\/v2\/users\/1"}],"replies":[{"embeddable":true,"href":"https:\/\/www.turistamagazine.com\/v2\/index.php?rest_route=%2Fwp%2Fv2%2Fcomments&post=36780"}],"version-history":[{"count":1,"href":"https:\/\/www.turistamagazine.com\/v2\/index.php?rest_route=\/wp\/v2\/posts\/36780\/revisions"}],"predecessor-version":[{"id":36782,"href":"https:\/\/www.turistamagazine.com\/v2\/index.php?rest_route=\/wp\/v2\/posts\/36780\/revisions\/36782"}],"wp:featuredmedia":[{"embeddable":true,"href":"https:\/\/www.turistamagazine.com\/v2\/index.php?rest_route=\/wp\/v2\/media\/36781"}],"wp:attachment":[{"href":"https:\/\/www.turistamagazine.com\/v2\/index.php?rest_route=%2Fwp%2Fv2%2Fmedia&parent=36780"}],"wp:term":[{"taxonomy":"category","embeddable":true,"href":"https:\/\/www.turistamagazine.com\/v2\/index.php?rest_route=%2Fwp%2Fv2%2Fcategories&post=36780"},{"taxonomy":"post_tag","embeddable":true,"href":"https:\/\/www.turistamagazine.com\/v2\/index.php?rest_route=%2Fwp%2Fv2%2Ftags&post=36780"}],"curies":[{"name":"wp","href":"https:\/\/api.w.org\/{rel}","templated":true}]}}