{"id":36762,"date":"2018-09-03T18:25:49","date_gmt":"2018-09-03T23:25:49","guid":{"rendered":"http:\/\/www.turistamagazine.com\/v2\/?p=36762"},"modified":"2018-09-03T18:25:49","modified_gmt":"2018-09-03T23:25:49","slug":"disgusto-en-las-agencias-colombianas-contra-avianca-por-competencia","status":"publish","type":"post","link":"https:\/\/www.turistamagazine.com\/v2\/?p=36762","title":{"rendered":"DISGUSTO EN LAS AGENCIAS COLOMBIANAS CONTRA AVIANCA POR COMPETENCIA"},"content":{"rendered":"<p style=\"text-align: justify;\">03\/09\/2018\/ Bucaramanga.- Los empresarios tur\u00edsticos colombianos, reunidos en Bucaramanga en el congreso nacional de agencias de viajes y turismo organizado por Anato, manifestaron su preocupaci\u00f3n por la decisi\u00f3n de Avianca de hacer una alianza comercial con United y Copa Airlines, as\u00ed como de crear una agencia de viajes por internet en convenio con Pricetravel<\/p>\n<p style=\"text-align: justify;\"><span style=\"color: #333399;\"><strong><em>Silvia Mosquera, vicepresidenta ejecutiva de ventas de la compa\u00f1\u00eda, fue \u00a0quien anunci\u00f3 que pondr\u00e1n en marcha la alianza comercial con United y Copa Airlines.<\/em><\/strong><\/span><\/p>\n<p style=\"text-align: justify;\">En el gremio hay escepticismo porque el convenio entre aerol\u00edneas puede afectar las condiciones de las tarifas y la comercializaci\u00f3n de los tiquetes. De acuerdo a \u00a0los empresarios, como revel\u00f3 la opini\u00f3n en esta nueva alianza puede hacer que Avianca aproveche a\u00fan m\u00e1s su posici\u00f3n dominante en el mercado nacional.<\/p>\n<p style=\"text-align: justify;\"><em><strong><span style=\"color: #333399;\">Diego V\u00e1zquez, secretario de la junta directiva nacional de Anato, dijo que las dudas sobre el convenio con Pricetravel son por una posible reducci\u00f3n de los costos en los paquete y que esto ocasione una competencia desleal \u00a0en tarifas, que afectar\u00eda principalmente a las peque\u00f1as agencias.<\/span><\/strong><\/em><\/p>\n<p style=\"text-align: justify;\">\u00a0La vicepresidenta de ventas de Avianca explic\u00f3 que la idea no es competir con los precios. La idea es ofrecer paquetes de viajes a trav\u00e9s de su p\u00e1gina web, como parte de la estrategia de digitalizaci\u00f3n de la aerol\u00ednea, asegur\u00f3 Silvia Mosquera.<\/p>\n<p>&nbsp;<\/p>\n","protected":false},"excerpt":{"rendered":"<p>03\/09\/2018\/ Bucaramanga.- Los empresarios tur\u00edsticos colombianos, reunidos en Bucaramanga en el congreso nacional de agencias de viajes y turismo organizado por Anato, manifestaron su preocupaci\u00f3n por la decisi\u00f3n de Avianca de hacer una alianza comercial con United y Copa Airlines, as\u00ed como de crear una agencia de viajes por internet en convenio con Pricetravel Silvia Mosquera, vicepresidenta ejecutiva de ventas de la compa\u00f1\u00eda, fue \u00a0quien anunci\u00f3 que pondr\u00e1n en marcha la alianza comercial con United y Copa Airlines. En el gremio hay escepticismo porque el convenio entre aerol\u00edneas puede afectar las condiciones de las tarifas y la comercializaci\u00f3n de los&#8230;<\/p>\n","protected":false},"author":1,"featured_media":0,"comment_status":"open","ping_status":"open","sticky":false,"template":"","format":"standard","meta":{"footnotes":""},"categories":[4,84],"tags":[527,412,7471,6132,749],"class_list":["post-36762","post","type-post","status-publish","format-standard","hentry","category-breaking-news","category-internacionales","tag-anato","tag-avianca","tag-elenita-villar-asesora-de-tesis-en-turismo","tag-portal-de-noticias-turistamagazine","tag-turistamagazine"],"_links":{"self":[{"href":"https:\/\/www.turistamagazine.com\/v2\/index.php?rest_route=\/wp\/v2\/posts\/36762","targetHints":{"allow":["GET"]}}],"collection":[{"href":"https:\/\/www.turistamagazine.com\/v2\/index.php?rest_route=\/wp\/v2\/posts"}],"about":[{"href":"https:\/\/www.turistamagazine.com\/v2\/index.php?rest_route=\/wp\/v2\/types\/post"}],"author":[{"embeddable":true,"href":"https:\/\/www.turistamagazine.com\/v2\/index.php?rest_route=\/wp\/v2\/users\/1"}],"replies":[{"embeddable":true,"href":"https:\/\/www.turistamagazine.com\/v2\/index.php?rest_route=%2Fwp%2Fv2%2Fcomments&post=36762"}],"version-history":[{"count":1,"href":"https:\/\/www.turistamagazine.com\/v2\/index.php?rest_route=\/wp\/v2\/posts\/36762\/revisions"}],"predecessor-version":[{"id":36763,"href":"https:\/\/www.turistamagazine.com\/v2\/index.php?rest_route=\/wp\/v2\/posts\/36762\/revisions\/36763"}],"wp:attachment":[{"href":"https:\/\/www.turistamagazine.com\/v2\/index.php?rest_route=%2Fwp%2Fv2%2Fmedia&parent=36762"}],"wp:term":[{"taxonomy":"category","embeddable":true,"href":"https:\/\/www.turistamagazine.com\/v2\/index.php?rest_route=%2Fwp%2Fv2%2Fcategories&post=36762"},{"taxonomy":"post_tag","embeddable":true,"href":"https:\/\/www.turistamagazine.com\/v2\/index.php?rest_route=%2Fwp%2Fv2%2Ftags&post=36762"}],"curies":[{"name":"wp","href":"https:\/\/api.w.org\/{rel}","templated":true}]}}