{"id":36741,"date":"2018-08-31T18:46:31","date_gmt":"2018-08-31T23:46:31","guid":{"rendered":"http:\/\/www.turistamagazine.com\/v2\/?p=36741"},"modified":"2018-08-31T18:50:09","modified_gmt":"2018-08-31T23:50:09","slug":"avianca-aumenta-a-45-minutos-el-check-in-para-vuelos-nacionales","status":"publish","type":"post","link":"https:\/\/www.turistamagazine.com\/v2\/?p=36741","title":{"rendered":"AVIANCA AUMENTA A 45 MINUTOS EL CHECK-IN PARA VUELOS NACIONALES"},"content":{"rendered":"<p style=\"text-align: justify;\">31\/08\/2018\/ Bogota.- Avianca anunci\u00f3 que desde el pr\u00f3ximo 2 de septiembre el tiempo para hacer check-in y registro de equipaje ser\u00e1 de m\u00e1ximo 45 minutos para vuelos nacionales, 10 minutos m\u00e1s a como operaba la medida anteriormente.<\/p>\n<p style=\"text-align: justify;\">La medida, asegura la compa\u00f1\u00eda, se da como alineamiento con las dem\u00e1s aerol\u00edneas, puesto que eran los \u00fanicos que ten\u00edan un tiempo de 35 minutos mientras que <strong><em><span style=\"color: #333399;\">Latam, Wingo y Viva Colombia<\/span><\/em><\/strong> ya hab\u00edan implementado los 10 minutos de m\u00e1s para sus viajeros y neg\u00f3 que se realice debido a los \u00faltimos retrasos que generaron problemas y cr\u00edticas de los pasajeros.<\/p>\n<p style=\"text-align: justify;\">No obstante, Avianca aclar\u00f3 que el check-in online se mantendr\u00e1 habilitado para ser realizado desde las 24 horas antes al vuelo a trav\u00e9s de la aplicaci\u00f3n para el m\u00f3vil o su sitio web.<\/p>\n<p style=\"text-align: justify;\"><em><strong><span style=\"color: #333399;\">\u201cLa medida se da porque simplemente quer\u00edamos adaptarnos a la infraestructura aeroportuaria que tiene el pa\u00eds. \u00c9ramos la \u00fanica aerol\u00ednea que faltaba por implementar esta medida que beneficia en los procesos operacionales y lleva a que los vuelos se cumplan a tiempo\u201d<\/span><\/strong><\/em>, explic\u00f3 la compa\u00f1\u00eda a\u00e9rea.<\/p>\n<p style=\"text-align: justify;\">Frente al tiempo que les tom\u00f3 implementar la medida, Avianca aclar\u00f3 que se dio por ajustes al interior de la compa\u00f1\u00eda como el traslado de su operaci\u00f3n desde la terminal del Puente A\u00e9reo (T2) a las instalaciones de aeropuerto internacional El Dorado en Bogot\u00e1 (T1).<\/p>\n<p style=\"text-align: justify;\">F\/<em> REPORTUR.co<\/em><\/p>\n","protected":false},"excerpt":{"rendered":"<p>31\/08\/2018\/ Bogota.- Avianca anunci\u00f3 que desde el pr\u00f3ximo 2 de septiembre el tiempo para hacer check-in y registro de equipaje ser\u00e1 de m\u00e1ximo 45 minutos para vuelos nacionales, 10 minutos m\u00e1s a como operaba la medida anteriormente. La medida, asegura la compa\u00f1\u00eda, se da como alineamiento con las dem\u00e1s aerol\u00edneas, puesto que eran los \u00fanicos que ten\u00edan un tiempo de 35 minutos mientras que Latam, Wingo y Viva Colombia ya hab\u00edan implementado los 10 minutos de m\u00e1s para sus viajeros y neg\u00f3 que se realice debido a los \u00faltimos retrasos que generaron problemas y cr\u00edticas de los pasajeros. No obstante,&#8230;<\/p>\n","protected":false},"author":1,"featured_media":0,"comment_status":"open","ping_status":"open","sticky":false,"template":"","format":"standard","meta":{"footnotes":""},"categories":[4,84],"tags":[7471,1026,6132,749,8350],"class_list":["post-36741","post","type-post","status-publish","format-standard","hentry","category-breaking-news","category-internacionales","tag-elenita-villar-asesora-de-tesis-en-turismo","tag-latam","tag-portal-de-noticias-turistamagazine","tag-turistamagazine","tag-wingo-y-viva-colombia"],"_links":{"self":[{"href":"https:\/\/www.turistamagazine.com\/v2\/index.php?rest_route=\/wp\/v2\/posts\/36741","targetHints":{"allow":["GET"]}}],"collection":[{"href":"https:\/\/www.turistamagazine.com\/v2\/index.php?rest_route=\/wp\/v2\/posts"}],"about":[{"href":"https:\/\/www.turistamagazine.com\/v2\/index.php?rest_route=\/wp\/v2\/types\/post"}],"author":[{"embeddable":true,"href":"https:\/\/www.turistamagazine.com\/v2\/index.php?rest_route=\/wp\/v2\/users\/1"}],"replies":[{"embeddable":true,"href":"https:\/\/www.turistamagazine.com\/v2\/index.php?rest_route=%2Fwp%2Fv2%2Fcomments&post=36741"}],"version-history":[{"count":1,"href":"https:\/\/www.turistamagazine.com\/v2\/index.php?rest_route=\/wp\/v2\/posts\/36741\/revisions"}],"predecessor-version":[{"id":36742,"href":"https:\/\/www.turistamagazine.com\/v2\/index.php?rest_route=\/wp\/v2\/posts\/36741\/revisions\/36742"}],"wp:attachment":[{"href":"https:\/\/www.turistamagazine.com\/v2\/index.php?rest_route=%2Fwp%2Fv2%2Fmedia&parent=36741"}],"wp:term":[{"taxonomy":"category","embeddable":true,"href":"https:\/\/www.turistamagazine.com\/v2\/index.php?rest_route=%2Fwp%2Fv2%2Fcategories&post=36741"},{"taxonomy":"post_tag","embeddable":true,"href":"https:\/\/www.turistamagazine.com\/v2\/index.php?rest_route=%2Fwp%2Fv2%2Ftags&post=36741"}],"curies":[{"name":"wp","href":"https:\/\/api.w.org\/{rel}","templated":true}]}}