{"id":36694,"date":"2018-08-29T17:50:14","date_gmt":"2018-08-29T22:50:14","guid":{"rendered":"http:\/\/www.turistamagazine.com\/v2\/?p=36694"},"modified":"2018-08-29T17:50:14","modified_gmt":"2018-08-29T22:50:14","slug":"jovenes-peruanos-ganan-medallas-de-oro-en-olimpiada-sudamericana-de-matematica-realizada-en-brasil","status":"publish","type":"post","link":"https:\/\/www.turistamagazine.com\/v2\/?p=36694","title":{"rendered":"JOVENES PERUANOS GANAN MEDALLAS DE ORO EN OLIMPIADA SUDAMERICANA DE MATEM\u00c1TICA REALIZADA EN BRASIL"},"content":{"rendered":"<p style=\"text-align: center;\"><span style=\"color: #333399;\"><strong><em>Lo repetimos mientras \u00a0hayan \u00a0ni\u00f1os tenemos esperanza de un mundo mejor<\/em><\/strong><\/span><\/p>\n<p style=\"text-align: justify;\">29\/08\/2018\/ Lima.- El equipo peruano de matem\u00e1tica, integrado por estudiantes de 15 y 16 a\u00f1os, cumpli\u00f3 una brillante actuaci\u00f3n en la 29 Olimpiada de Matem\u00e1tica del Cono Sur en Brasil, obteniendo medallas y oro y plata con puntuaciones perfectas.<\/p>\n<p style=\"text-align: justify;\">Daniel Benavides y Joseph Altamirano obtuvieron un puntaje perfecto, es decir nota 20, al desarrollar todos los problemas planteados y se hicieron acreedores de la medalla de oro.<\/p>\n<p style=\"text-align: justify;\">En la misma olimpiada, que se desarroll\u00f3 del 23 al 28 de agosto en la ciudad brasile\u00f1a de Macei\u00f3, Eduardo Llamoca y Renzo Balc\u00e1zar, los competidores de menor edad, alcanzaron la medalla de plata.<\/p>\n<p style=\"text-align: justify;\"><em><strong><span style=\"color: #333399;\">Arriba Per\u00fa<\/span><\/strong><\/em><\/p>\n<p style=\"text-align: justify;\">La delegaci\u00f3n nacional, conformada por estudiantes del colegio Saco Oliveros, alcanz\u00f3 los m\u00e1s altos puntajes y se coron\u00f3 campe\u00f3n sudamericano por encima de Brasil y Argentina, pa\u00edses con un alto nivel de preparaci\u00f3n en olimpiadas internacionales.<\/p>\n<p style=\"text-align: justify;\"><em><strong><span style=\"color: #333399;\">Participaron en esta olimpiada Brasil, Argentina, Bolivia, Chile, Ecuador, Paraguay, Per\u00fa y Uruguay<\/span><\/strong><\/em>.<\/p>\n<p style=\"text-align: justify;\"><em><strong><span style=\"color: #333399;\">Los campeones sudamericanos retornar\u00e1n al pa\u00eds este jueves 30 de agosto a las 08:50 horas.<\/span><\/strong><\/em><\/p>\n<p style=\"text-align: justify;\">F\/Andina\/ Foto: ANDINA\/Difusi\u00f3n.<\/p>\n<p>&nbsp;<\/p>\n<p>&nbsp;<\/p>\n<p>&nbsp;<\/p>\n","protected":false},"excerpt":{"rendered":"<p>Lo repetimos mientras \u00a0hayan \u00a0ni\u00f1os tenemos esperanza de un mundo mejor 29\/08\/2018\/ Lima.- El equipo peruano de matem\u00e1tica, integrado por estudiantes de 15 y 16 a\u00f1os, cumpli\u00f3 una brillante actuaci\u00f3n en la 29 Olimpiada de Matem\u00e1tica del Cono Sur en Brasil, obteniendo medallas y oro y plata con puntuaciones perfectas. Daniel Benavides y Joseph Altamirano obtuvieron un puntaje perfecto, es decir nota 20, al desarrollar todos los problemas planteados y se hicieron acreedores de la medalla de oro. En la misma olimpiada, que se desarroll\u00f3 del 23 al 28 de agosto en la ciudad brasile\u00f1a de Macei\u00f3, Eduardo Llamoca y&#8230;<\/p>\n","protected":false},"author":1,"featured_media":36695,"comment_status":"open","ping_status":"open","sticky":false,"template":"","format":"standard","meta":{"footnotes":""},"categories":[4,82],"tags":[8345,7471,340,6132,749,5078],"class_list":["post-36694","post","type-post","status-publish","format-standard","has-post-thumbnail","hentry","category-breaking-news","category-nacionales","tag-29-olimpiada-de-matematica-del-cono-sur","tag-elenita-villar-asesora-de-tesis-en-turismo","tag-peru","tag-portal-de-noticias-turistamagazine","tag-turistamagazine","tag-ver-todos"],"_links":{"self":[{"href":"https:\/\/www.turistamagazine.com\/v2\/index.php?rest_route=\/wp\/v2\/posts\/36694","targetHints":{"allow":["GET"]}}],"collection":[{"href":"https:\/\/www.turistamagazine.com\/v2\/index.php?rest_route=\/wp\/v2\/posts"}],"about":[{"href":"https:\/\/www.turistamagazine.com\/v2\/index.php?rest_route=\/wp\/v2\/types\/post"}],"author":[{"embeddable":true,"href":"https:\/\/www.turistamagazine.com\/v2\/index.php?rest_route=\/wp\/v2\/users\/1"}],"replies":[{"embeddable":true,"href":"https:\/\/www.turistamagazine.com\/v2\/index.php?rest_route=%2Fwp%2Fv2%2Fcomments&post=36694"}],"version-history":[{"count":1,"href":"https:\/\/www.turistamagazine.com\/v2\/index.php?rest_route=\/wp\/v2\/posts\/36694\/revisions"}],"predecessor-version":[{"id":36696,"href":"https:\/\/www.turistamagazine.com\/v2\/index.php?rest_route=\/wp\/v2\/posts\/36694\/revisions\/36696"}],"wp:featuredmedia":[{"embeddable":true,"href":"https:\/\/www.turistamagazine.com\/v2\/index.php?rest_route=\/wp\/v2\/media\/36695"}],"wp:attachment":[{"href":"https:\/\/www.turistamagazine.com\/v2\/index.php?rest_route=%2Fwp%2Fv2%2Fmedia&parent=36694"}],"wp:term":[{"taxonomy":"category","embeddable":true,"href":"https:\/\/www.turistamagazine.com\/v2\/index.php?rest_route=%2Fwp%2Fv2%2Fcategories&post=36694"},{"taxonomy":"post_tag","embeddable":true,"href":"https:\/\/www.turistamagazine.com\/v2\/index.php?rest_route=%2Fwp%2Fv2%2Ftags&post=36694"}],"curies":[{"name":"wp","href":"https:\/\/api.w.org\/{rel}","templated":true}]}}