{"id":36681,"date":"2018-08-29T17:04:58","date_gmt":"2018-08-29T22:04:58","guid":{"rendered":"http:\/\/www.turistamagazine.com\/v2\/?p=36681"},"modified":"2018-08-29T17:04:58","modified_gmt":"2018-08-29T22:04:58","slug":"isabel-pantoja-sobre-su-hija-chabela-maldito-el-momento-en-el-que-fui-a-por-ella-a-peru","status":"publish","type":"post","link":"https:\/\/www.turistamagazine.com\/v2\/?p=36681","title":{"rendered":"ISABEL PANTOJA, SOBRE SU HIJA CHABELA: \u00abMALDITO EL MOMENTO EN EL QUE FUI A POR ELLA A PER\u00da\u00bb"},"content":{"rendered":"<p style=\"text-align: justify;\">29\/08\/2018\/Madrid<strong><em>.-<span style=\"color: #333399;\">\u00abMaldigo el momento en que fui a por esta ni\u00f1a al arroyo, con los disgustos que me est\u00e1 dando. He sacado a esta ni\u00f1a del arroyo y solo me da disgustos y maldito el momento en el que fui a por ella a Per\u00fa<\/span>\u00ab<\/em><\/strong>. Las terribles frases que reproducimos fueron pronunciadas este lunes en Telecinco, y atribuidas a Isabel Pantoja. El encargado de se\u00f1alar a la viuda de Paquirri como autora de estas desgarradoras afirmaciones, no admitidas por Pantoja, fue el periodista y actual novio de Mar\u00eda Lapiedra durante la emisi\u00f3n del programa S\u00e1lvame.<\/p>\n<p style=\"text-align: justify;\">Gustavo Gonz\u00e1lez advert\u00eda que le hab\u00edan llegado unas declaraciones muy impactantes de Isabel Pantoja sobre su hija. Tanto, que el reportero no pod\u00eda reproducirlas en plat\u00f3. Gustavo decidi\u00f3 escribirlas en un papel para que Carlota Corredera pudiera verlas y, finalmente, la presentadora pudo reproducir parte del contenido. <strong><em><span style=\"color: #333399;\">\u00abMe est\u00e1 quitando la vida\u00bb<\/span>,<\/em><\/strong> era una de las frases de la tonadillera sobre su hija. Pero las otras se escucharon tambi\u00e9n cuando el contertulio hablaba con la direcci\u00f3n del programa.<\/p>\n<p style=\"text-align: justify;\"><em><strong><span style=\"color: #333399;\">A falta de que Isabel Pantoja o alguien de su entorno admita o rechace la veracidad de estas frases que le atribuye el paparazzi, pocos dudan de que la joven Isabel es una hija que alg\u00fan disgusto ha dado a su madre.<\/span><\/strong><\/em> (\u2026)<\/p>\n<p style=\"text-align: justify;\">En v\u00edsperas de que Chabelita ingrese en <em><strong><span style=\"color: #333399;\">Gran Hermano Vip, donde dicen que cobrar\u00e1 una suma en torno a los 18.000 euros semanales, su presencia en el concurso de Telecinco se calienta a medida que se acerca el estreno.<\/span><\/strong><\/em> Ahora parece que el revuelo que se ha generado a lo largo de las \u00faltimas semanas ha molestado mucho a Isa Pantoja. (\u2026)<\/p>\n<p style=\"text-align: justify;\"><em><strong><span style=\"color: #333399;\">Chabelita Pantoja naci\u00f3 en Cuzco, Per\u00fa, el 8 de noviembre de 1995. Ese mismo a\u00f1o fue adoptada por la Pantoja, convirti\u00e9ndose en hermana de Kiko Rivera. Aun siendo menor de edad, se qued\u00f3 embarazada de Alberto Isla. Luego se cas\u00f3 con Alejandro Albal\u00e1, del que ahora se divorcia.<\/span><\/strong><\/em><\/p>\n<p style=\"text-align: justify;\">Chabelita es hija biol\u00f3gica de Roxana Luque Salca\u00a0 y Juan Carlos Rodr\u00edguez Tintaya, y recibi\u00f3 en el momento de su nacimiento el nombre de Andrea Celeste Rodr\u00edguez Luque. Fue entregada en adopci\u00f3n al mes y medio de su nacimiento. Isabel Pantoja se encontraba entonces de gira por Latinoam\u00e9rica cuando se enter\u00f3 de la situaci\u00f3n de la ni\u00f1a y decidi\u00f3 iniciar el proceso legal para adoptarla.(\u2026)<\/p>\n<p style=\"text-align: justify;\">Tanto madre como hija han protagonizado duras peleas televisivas y en las revistas del coraz\u00f3n, aunque no se hab\u00edan escuchado frases tan contundentes y desgarradoras como las que ahora Gustavo Gonz\u00e1lez atribuye a la Pantoja, que habr\u00eda estallado despu\u00e9s de tantos disgustos.<\/p>\n<p style=\"text-align: justify;\"><a href=\"http:\/\/www.eleconomista.es\/\">elEconomista.es<\/a><\/p>\n<p>F\/<a class=\"o5rIVb irc_hol i3724 irc_lth\" tabindex=\"0\" href=\"https:\/\/www.elperiodico.com\/es\/yotele\/20180827\/intrahistoria-fichaje-isa-pantoja-chabelita-gh-vip-7001984\" target=\"_blank\" rel=\"noopener\" data-noload=\"\" data-ved=\"2ahUKEwjKlf3DoZPdAhUpx1kKHeMwB2IQjB16BAgBEAQ\"><span class=\"irc_ho\" dir=\"ltr\">El Peri\u00f3dico<\/span><\/a><\/p>\n","protected":false},"excerpt":{"rendered":"<p>29\/08\/2018\/Madrid.-\u00abMaldigo el momento en que fui a por esta ni\u00f1a al arroyo, con los disgustos que me est\u00e1 dando. He sacado a esta ni\u00f1a del arroyo y solo me da disgustos y maldito el momento en el que fui a por ella a Per\u00fa\u00ab. Las terribles frases que reproducimos fueron pronunciadas este lunes en Telecinco, y atribuidas a Isabel Pantoja. El encargado de se\u00f1alar a la viuda de Paquirri como autora de estas desgarradoras afirmaciones, no admitidas por Pantoja, fue el periodista y actual novio de Mar\u00eda Lapiedra durante la emisi\u00f3n del programa S\u00e1lvame. Gustavo Gonz\u00e1lez advert\u00eda que le hab\u00edan&#8230;<\/p>\n","protected":false},"author":1,"featured_media":0,"comment_status":"open","ping_status":"open","sticky":false,"template":"","format":"standard","meta":{"footnotes":""},"categories":[4,84],"tags":[5348,7471,6132,749,5078],"class_list":["post-36681","post","type-post","status-publish","format-standard","hentry","category-breaking-news","category-internacionales","tag-chabelita-pantoja","tag-elenita-villar-asesora-de-tesis-en-turismo","tag-portal-de-noticias-turistamagazine","tag-turistamagazine","tag-ver-todos"],"_links":{"self":[{"href":"https:\/\/www.turistamagazine.com\/v2\/index.php?rest_route=\/wp\/v2\/posts\/36681","targetHints":{"allow":["GET"]}}],"collection":[{"href":"https:\/\/www.turistamagazine.com\/v2\/index.php?rest_route=\/wp\/v2\/posts"}],"about":[{"href":"https:\/\/www.turistamagazine.com\/v2\/index.php?rest_route=\/wp\/v2\/types\/post"}],"author":[{"embeddable":true,"href":"https:\/\/www.turistamagazine.com\/v2\/index.php?rest_route=\/wp\/v2\/users\/1"}],"replies":[{"embeddable":true,"href":"https:\/\/www.turistamagazine.com\/v2\/index.php?rest_route=%2Fwp%2Fv2%2Fcomments&post=36681"}],"version-history":[{"count":1,"href":"https:\/\/www.turistamagazine.com\/v2\/index.php?rest_route=\/wp\/v2\/posts\/36681\/revisions"}],"predecessor-version":[{"id":36683,"href":"https:\/\/www.turistamagazine.com\/v2\/index.php?rest_route=\/wp\/v2\/posts\/36681\/revisions\/36683"}],"wp:attachment":[{"href":"https:\/\/www.turistamagazine.com\/v2\/index.php?rest_route=%2Fwp%2Fv2%2Fmedia&parent=36681"}],"wp:term":[{"taxonomy":"category","embeddable":true,"href":"https:\/\/www.turistamagazine.com\/v2\/index.php?rest_route=%2Fwp%2Fv2%2Fcategories&post=36681"},{"taxonomy":"post_tag","embeddable":true,"href":"https:\/\/www.turistamagazine.com\/v2\/index.php?rest_route=%2Fwp%2Fv2%2Ftags&post=36681"}],"curies":[{"name":"wp","href":"https:\/\/api.w.org\/{rel}","templated":true}]}}