{"id":36538,"date":"2018-08-22T16:14:15","date_gmt":"2018-08-22T21:14:15","guid":{"rendered":"http:\/\/www.turistamagazine.com\/v2\/?p=36538"},"modified":"2018-08-22T16:14:15","modified_gmt":"2018-08-22T21:14:15","slug":"ronaldo-revela-una-de-las-razones-principales-de-su-marcha-a-la-juventus","status":"publish","type":"post","link":"https:\/\/www.turistamagazine.com\/v2\/?p=36538","title":{"rendered":"RONALDO REVELA UNA DE LAS RAZONES PRINCIPALES DE SU MARCHA A LA JUVENTUS"},"content":{"rendered":"<p style=\"text-align: justify;\">22\/08\/2018\/ Italia.- El delantero portugu\u00e9s admite que la reacci\u00f3n de la afici\u00f3n de la Juventus a su incre\u00edble gol de chilena, el pasado mes de abril, le afecto mucho a la hora de tomar decisi\u00f3n.<\/p>\n<p style=\"text-align: justify;\">El futbolista portugu\u00e9s Cristiano Ronaldo ha admitido que los aplausos que le dedic\u00f3 la afici\u00f3n de la Juventus tras marcar su gol de chilena con la camiseta del Real Madrid en el partido de la Liga de Campeones jugado el pasado mes de abril en Tur\u00edn, fue una de las razones claves para tomar la decisi\u00f3n de fichar por el equipo <em><strong><span style=\"color: #000080;\">\u00abbianconero\u00bb<\/span><\/strong><\/em>.<\/p>\n<p style=\"text-align: justify;\">El gol de ex delantero del Real Madrid, equipo en el que marc\u00f3 450 goles en 9 temporadas, fue tan llamativo que incluso los seguidores del equipo contrario se pusieron de pie y dedicaron una ovaci\u00f3n al tanto del portugu\u00e9s.<\/p>\n<p style=\"text-align: justify;\"><strong><em><span style=\"color: #000080;\">\u00abMe sorprendi\u00f3 mucho, porque esto nunca me ha sucedido en mi vida, as\u00ed que fue un momento incre\u00edble\u00bb<\/span><\/em><\/strong>, explica Ronaldo.<\/p>\n<p style=\"text-align: justify;\"><em><strong><span style=\"color: #000080;\">El gol de Ronaldo en el minuto 64 del partido ha sido nominado para el premio de &#8216;Gol de la Temporada&#8217; de UEFA. Por su parte, el portugu\u00e9s tambi\u00e9n opina que es uno de los mejores de su carrera.<\/span><\/strong><\/em><\/p>\n<p>F\/RT<\/p>\n<p>Imagen\/<span class=\"arcticle-media__caption-item\">Cristiano Ronaldo\u00a0<\/span><span class=\"arcticle-media__caption-item\">www.globallookpress.com<\/span><\/p>\n","protected":false},"excerpt":{"rendered":"<p>22\/08\/2018\/ Italia.- El delantero portugu\u00e9s admite que la reacci\u00f3n de la afici\u00f3n de la Juventus a su incre\u00edble gol de chilena, el pasado mes de abril, le afecto mucho a la hora de tomar decisi\u00f3n. El futbolista portugu\u00e9s Cristiano Ronaldo ha admitido que los aplausos que le dedic\u00f3 la afici\u00f3n de la Juventus tras marcar su gol de chilena con la camiseta del Real Madrid en el partido de la Liga de Campeones jugado el pasado mes de abril en Tur\u00edn, fue una de las razones claves para tomar la decisi\u00f3n de fichar por el equipo \u00abbianconero\u00bb. El gol de&#8230;<\/p>\n","protected":false},"author":1,"featured_media":36539,"comment_status":"open","ping_status":"open","sticky":false,"template":"","format":"standard","meta":{"footnotes":""},"categories":[4,84],"tags":[1921,8187,6132,749],"class_list":["post-36538","post","type-post","status-publish","format-standard","has-post-thumbnail","hentry","category-breaking-news","category-internacionales","tag-cristiano-ronaldo","tag-juventus-de-turin","tag-portal-de-noticias-turistamagazine","tag-turistamagazine"],"_links":{"self":[{"href":"https:\/\/www.turistamagazine.com\/v2\/index.php?rest_route=\/wp\/v2\/posts\/36538","targetHints":{"allow":["GET"]}}],"collection":[{"href":"https:\/\/www.turistamagazine.com\/v2\/index.php?rest_route=\/wp\/v2\/posts"}],"about":[{"href":"https:\/\/www.turistamagazine.com\/v2\/index.php?rest_route=\/wp\/v2\/types\/post"}],"author":[{"embeddable":true,"href":"https:\/\/www.turistamagazine.com\/v2\/index.php?rest_route=\/wp\/v2\/users\/1"}],"replies":[{"embeddable":true,"href":"https:\/\/www.turistamagazine.com\/v2\/index.php?rest_route=%2Fwp%2Fv2%2Fcomments&post=36538"}],"version-history":[{"count":1,"href":"https:\/\/www.turistamagazine.com\/v2\/index.php?rest_route=\/wp\/v2\/posts\/36538\/revisions"}],"predecessor-version":[{"id":36540,"href":"https:\/\/www.turistamagazine.com\/v2\/index.php?rest_route=\/wp\/v2\/posts\/36538\/revisions\/36540"}],"wp:featuredmedia":[{"embeddable":true,"href":"https:\/\/www.turistamagazine.com\/v2\/index.php?rest_route=\/wp\/v2\/media\/36539"}],"wp:attachment":[{"href":"https:\/\/www.turistamagazine.com\/v2\/index.php?rest_route=%2Fwp%2Fv2%2Fmedia&parent=36538"}],"wp:term":[{"taxonomy":"category","embeddable":true,"href":"https:\/\/www.turistamagazine.com\/v2\/index.php?rest_route=%2Fwp%2Fv2%2Fcategories&post=36538"},{"taxonomy":"post_tag","embeddable":true,"href":"https:\/\/www.turistamagazine.com\/v2\/index.php?rest_route=%2Fwp%2Fv2%2Ftags&post=36538"}],"curies":[{"name":"wp","href":"https:\/\/api.w.org\/{rel}","templated":true}]}}