{"id":36435,"date":"2018-08-18T12:38:51","date_gmt":"2018-08-18T17:38:51","guid":{"rendered":"http:\/\/www.turistamagazine.com\/v2\/?p=36435"},"modified":"2018-08-18T12:53:10","modified_gmt":"2018-08-18T17:53:10","slug":"entrevista-a-gaby-fiorini-presidente-del-gremio-de-turismo-de-la-camara-de-comercio-de-lima","status":"publish","type":"post","link":"https:\/\/www.turistamagazine.com\/v2\/?p=36435","title":{"rendered":"ENTREVISTA A\u00a0 GABRIELA FIORINI PRESIDENTE DEL\u00a0\u00a0 GREMIO DE TURISMO DE LA C\u00c1MARA DE COMERCIO DE LIMA"},"content":{"rendered":"<p style=\"text-align: justify;\"><strong><em><span style=\"color: #333399;\">En ocasi\u00f3n de celebrarse las bodas de plata de nuestra querida revista Turista en el Per\u00fa y el Mundo que fue con el nombre que se inici\u00f3, y como todos los que nos conocen recuerdan que\u00a0\u00a0 se editaron en blanco y negro y en fino papel cuch\u00e9 como se dec\u00eda en esa \u00e9poca, iniciamos una selecci\u00f3n de entrevistas con personalidades que nos acompa\u00f1an desde ese inici\u00f3 y comenzaremos esta selecci\u00f3n entrevistando a una gran amiga, Gabriela Fiorini\u00a0 Presidente Del\u00a0\u00a0 Gremio De Turismo De La C\u00e1mara De Comercio De Lima.<\/span><\/em><\/strong><\/p>\n<p style=\"text-align: justify;\">\u00a0Y en nuestra conversaci\u00f3n recordamos algo que realmente es anecd\u00f3tico <em><strong><span style=\"color: #333399;\">\u00bfC\u00f3mo es que nos conocimos?\u2026\u00a0<\/span><\/strong><\/em> Anecd\u00f3tico por el personaje que motiv\u00f3 el conocernos que fue nada menos que <em><strong><span style=\"color: #333399;\">Richard Webb<\/span> <\/strong><\/em>que en ese momento era \u00a0presidente del Banco Central de Reserva, durante el gobierno de <strong><em><span style=\"color: #000080;\">Fernando Belaunde Terry.<\/span><\/em><\/strong> Que dec\u00eda <em><strong><span style=\"color: #333399;\">\u201cApuesto un cebiche, \u00a0el ganador escoge el restaurante\u201d a que el negocio de m\u00e1s expansi\u00f3n en el Per\u00fa en el pr\u00f3ximo cuarto de siglo ser\u00e1 el turismo\u201d<\/span><\/strong> <strong><span style=\"color: #333399;\">y no le falt\u00f3 raz\u00f3n a Richard Webb y naturalmente que el mejor cebiche se come en el restaurante \u00abPunta Sal\u2026\u00bb<\/span><\/strong><\/em><\/p>\n<p style=\"text-align: justify;\">Despu\u00e9s de la an\u00e9cdota volvemos al tema\u00a0 y conversamos con Gaby acerca del\u00a0 <span style=\"color: #000080;\"><b>II FORO DE CONECTIVIDAD\u00a0 AEREA-TURISMO: CONECTIVIDAD\u00a0 A\u00c9REA\u00a0COMO MOTOR DE DESARROLLO DEL TURISMO EN EL PERU.<\/b><\/span><\/p>\n<p style=\"text-align: justify;\"><strong><span style=\"color: #000080;\">TMD.-<\/span><\/strong>\u00a0 <b>Hace un a\u00f1o se desarroll\u00f3 el\u00a0 I FORO DE CONECTIVIDAD\u00a0 A\u00c9REA- TURISMO donde se abordaron los mismos temas nos gustar\u00eda saber \u00bfCu\u00e1les han sido los resultados de ese primero?<\/b><\/p>\n<p style=\"text-align: justify;\"><strong><span style=\"color: #000080;\">GF.-<\/span><\/strong> <span style=\"color: #000080;\"><em>Es \u00a0dif\u00edcil\u00a0 identificar \u00a0\u00a0resultados \u00a0cualitativos como consecuencia del I Foro, puesto que hemos tenido un a\u00f1o \u00a0dif\u00edcil, empezando por el Fen\u00f3meno del Ni\u00f1o que caus\u00f3 grandes estragos en los primeros meses del a\u00f1o , siguiendo con la crisis pol\u00edtica : \u00a0el caso de Odebrecht, \u00a0la resoluci\u00f3n\u00a0 del contrato para la construcci\u00f3n del aeropuerto en Chincheros\u00a0 y \u00a0la renuncia del Presidente de la Rep\u00fablica; estos acontecimientos llevaron a \u00a0la desaceleraci\u00f3n\u00a0 del crecimiento econ\u00f3mico que como pa\u00eds ven\u00edamos gozando durante los \u00faltimos a\u00f1os. Por otro lado, en el Foro de este a\u00f1o se est\u00e1 abordando el tema de la conectividad a\u00e9rea\u00a0 ya no \u00fanicamente como impacto en el desarrollo de fronteras si no buscando sentar las bases para dise\u00f1ar un plan nacional de transporte a\u00e9reo.<\/em><\/span><\/p>\n<p style=\"text-align: justify;\"><span style=\"color: #000080;\"><em>La agenda del II Foro de Conectividad A\u00e9rea, ha contemplado exposiciones y paneles de discusi\u00f3n involucrando a los actores del sector p\u00fablico y del sector privado, quienes debatir\u00e1n \u00a0sobre la necesidad\u00a0 de construir una visi\u00f3n estrat\u00e9gica\u00a0 de la conectividad a\u00e9rea\u00a0 como motor de desarrollo de la industria tur\u00edstica peruana y cuya\u00a0 finalidad\u00a0 es sentar \u00a0las bases para un Plan Nacional de Transporte A\u00e9reo.<\/em><\/span><\/p>\n<p style=\"text-align: justify;\"><strong><span style=\"color: #000080;\">TMD.-<\/span><\/strong> <strong>Es evidente que sin conectividad ya sea a\u00e9rea o por cualquier medio no existe desarrollo mucho menos tur\u00edstico, la \u00a0mayor conectividad \u00a0a\u00e9rea significa mayor uso de las facilidades que brindan los aeropuertos\u00a0 en el estado actual del Jorge Ch\u00e1vez\u00a0 <em><span style=\"color: #000080;\">\u00bfQu\u00e9\u00a0 pasar\u00eda si se aumentara la conectividad?<\/span><\/em><\/strong><\/p>\n<p style=\"text-align: justify;\"><em><span style=\"color: #000080;\"><strong>GF.-<\/strong>\u00a0 Aumentar la conectividad \u00a0sin una debida planificaci\u00f3n ni articulaci\u00f3n integral, ser\u00eda contraproducente.<\/span><\/em><\/p>\n<p style=\"text-align: justify;\"><strong>TMD \u00bfQu\u00e9 hay del aeropuerto de Pisco?<\/strong><\/p>\n<p style=\"text-align: justify;\"><em><span style=\"color: #000080;\">Pisco puede jugar un rol muy importante\u00a0 para la descentralizaci\u00f3n aerocomercial. Ya hay una l\u00ednea a\u00e9rea que ha inaugurado \u00a0vuelos comerciales entre Pisco y Cusco.\u00a0 Por otro lado,\u00a0 se podr\u00eda \u00a0descongestionar en algo el tr\u00e1fico a\u00e9reo del aeropuerto Jorge Ch\u00e1vez, si los vuelos que requieren efectuar escala t\u00e9cnica, lo hicieran en Pisco. \u00a0Otra alternativa de soluci\u00f3n para descongestionar el aeropuerto Jorge Ch\u00e1vez es que la FAP pueda ceder \u00e1reas que tienen poco o ning\u00fan uso de parte de ellos.<\/span><\/em><\/p>\n<p style=\"text-align: justify;\"><span style=\"color: #000000;\"><strong>TMD.-Lo que nos preocupa es que todas estas iniciativas\u00a0 que son muy importantes puesto que muestran la realidad de las necesidades del pa\u00eds quede en simples propuestas \u00a0\u00bf Qu\u00e9 acciones piensa llevar a cabo el Gremio de Turismo de la C\u00e1mara de Comercio de Lima que tu presides\u00a0 para que no queden \u00a0todas estas conclusiones, en blanco y negro como la mayor\u00eda de veces?<\/strong><\/span><\/p>\n<p style=\"text-align: justify;\"><span style=\"color: #000080;\"><em><strong>GF.- \u00a0<\/strong>Todas las conclusiones y\/o recomendaciones del Foro las vamos a hacer llegar a las autoridades competentes \u00a0esperando que las mismas sirvan para lograr un trabajo articulado en beneficio del\u00a0 desarrollo del turismo en el pa\u00eds; \u00a0tenemos que lograr sinergias entre el\u00a0 sector privado y \u00a0el sector p\u00fablico para identificar y desarrollar objetivos\u00a0 necesarios para establecer una adecuada red de conectividad\u00a0 y no desgastarnos en esfuerzos aislados desde cada\u00a0 sector. Si no tenemos una pol\u00edtica\u00a0 de desarrollo\u00a0 a mediano y largo plazo tal como un \u00a0Plan Nacional de Transporte A\u00e9reo, vamos a perder competitividad frente a\u00a0 nuestros vecinos.<\/em><\/span><\/p>\n<p style=\"text-align: justify;\"><strong>TMD.-\u00a0 Estamos completamente de acuerdo\u00a0 Gaby y pues a seguir trabajando en \u00a0beneficio del pa\u00eds.<\/strong><\/p>\n<p>E.V.<\/p>\n<p>&nbsp;<\/p>\n","protected":false},"excerpt":{"rendered":"<p>En ocasi\u00f3n de celebrarse las bodas de plata de nuestra querida revista Turista en el Per\u00fa y el Mundo que fue con el nombre que se inici\u00f3, y como todos los que nos conocen recuerdan que\u00a0\u00a0 se editaron en blanco y negro y en fino papel cuch\u00e9 como se dec\u00eda en esa \u00e9poca, iniciamos una selecci\u00f3n de entrevistas con personalidades que nos acompa\u00f1an desde ese inici\u00f3 y comenzaremos esta selecci\u00f3n entrevistando a una gran amiga, Gabriela Fiorini\u00a0 Presidente Del\u00a0\u00a0 Gremio De Turismo De La C\u00e1mara De Comercio De Lima. \u00a0Y en nuestra conversaci\u00f3n recordamos algo que realmente es anecd\u00f3tico \u00bfC\u00f3mo&#8230;<\/p>\n","protected":false},"author":1,"featured_media":36436,"comment_status":"open","ping_status":"open","sticky":false,"template":"","format":"standard","meta":{"footnotes":""},"categories":[94,4,82],"tags":[8308,5411,6132,749],"class_list":["post-36435","post","type-post","status-publish","format-standard","has-post-thumbnail","hentry","category-entrevistas","category-breaking-news","category-nacionales","tag-entrevista-a-gaby-fiorin-presidente-del-gremio-de-turismo-de-la-camara-de-comercio-de-lima","tag-gabriela-fiorini","tag-portal-de-noticias-turistamagazine","tag-turistamagazine"],"_links":{"self":[{"href":"https:\/\/www.turistamagazine.com\/v2\/index.php?rest_route=\/wp\/v2\/posts\/36435","targetHints":{"allow":["GET"]}}],"collection":[{"href":"https:\/\/www.turistamagazine.com\/v2\/index.php?rest_route=\/wp\/v2\/posts"}],"about":[{"href":"https:\/\/www.turistamagazine.com\/v2\/index.php?rest_route=\/wp\/v2\/types\/post"}],"author":[{"embeddable":true,"href":"https:\/\/www.turistamagazine.com\/v2\/index.php?rest_route=\/wp\/v2\/users\/1"}],"replies":[{"embeddable":true,"href":"https:\/\/www.turistamagazine.com\/v2\/index.php?rest_route=%2Fwp%2Fv2%2Fcomments&post=36435"}],"version-history":[{"count":3,"href":"https:\/\/www.turistamagazine.com\/v2\/index.php?rest_route=\/wp\/v2\/posts\/36435\/revisions"}],"predecessor-version":[{"id":36439,"href":"https:\/\/www.turistamagazine.com\/v2\/index.php?rest_route=\/wp\/v2\/posts\/36435\/revisions\/36439"}],"wp:featuredmedia":[{"embeddable":true,"href":"https:\/\/www.turistamagazine.com\/v2\/index.php?rest_route=\/wp\/v2\/media\/36436"}],"wp:attachment":[{"href":"https:\/\/www.turistamagazine.com\/v2\/index.php?rest_route=%2Fwp%2Fv2%2Fmedia&parent=36435"}],"wp:term":[{"taxonomy":"category","embeddable":true,"href":"https:\/\/www.turistamagazine.com\/v2\/index.php?rest_route=%2Fwp%2Fv2%2Fcategories&post=36435"},{"taxonomy":"post_tag","embeddable":true,"href":"https:\/\/www.turistamagazine.com\/v2\/index.php?rest_route=%2Fwp%2Fv2%2Ftags&post=36435"}],"curies":[{"name":"wp","href":"https:\/\/api.w.org\/{rel}","templated":true}]}}