{"id":36357,"date":"2018-08-10T10:39:43","date_gmt":"2018-08-10T15:39:43","guid":{"rendered":"http:\/\/www.turistamagazine.com\/v2\/?p=36357"},"modified":"2018-08-10T10:39:43","modified_gmt":"2018-08-10T15:39:43","slug":"la-explosion-en-el-volcan-de-fuego-en-guatemala-puede-ser-la-senal-de-una-nueva-etapa-de-actividad","status":"publish","type":"post","link":"https:\/\/www.turistamagazine.com\/v2\/?p=36357","title":{"rendered":"LA EXPLOSI\u00d3N EN EL VOLC\u00c1N DE FUEGO EN GUATEMALA PUEDE SER LA SE\u00d1AL DE UNA NUEVA ETAPA DE ACTIVIDAD"},"content":{"rendered":"<p style=\"text-align: justify;\">10\/08\/2018\/ Guatemala.- La tarde de este mi\u00e9rcoles el Volc\u00e1n de Fuego en Guatemala ha registrado \u00abuna explosi\u00f3n fuerte, acompa\u00f1ada de avalanchas en todo el contorno del cr\u00e1ter\u00bb, informa el Instituto Nacional de Sismolog\u00eda, Vulcanolog\u00eda, Meteorolog\u00eda e Hidrolog\u00eda.<\/p>\n<p style=\"text-align: justify;\">Asimismo, el volc\u00e1n expulsa \u00ababundante material incandescente\u00bb a 4.800 metros de altura y una columna de ceniza que se desplaza a 12 kil\u00f3metros hacia el oeste, ha comunicado el organismo en un bolet\u00edn especial.<\/p>\n<p style=\"text-align: justify;\">\u00abEsta explosi\u00f3n es la primera fuerte que se registra en las \u00faltimas seis semanas y puede ser el inicio de otra etapa de actividad, por lo que se mantiene una vigilancia constante tanto visual como instrumental de la actividad\u00bb, ha advertido la entidad.<\/p>\n<p style=\"text-align: justify;\">El Volc\u00e1n de Fuego, de 3.763 metros de altura, se encuentra a unos 50 kil\u00f3metros al oeste de la capital de Guatemala. Su\u00a0<a href=\"https:\/\/actualidad.rt.com\/actualidad\/276320-guatemala-cese-busqueda-victimas-volcan-fuego\" target=\"_blank\" rel=\"noopener\">\u00faltima erupci\u00f3n<\/a>, que tuvo lugar el 3 de junio, caus\u00f3 la muerte de al menos 165 personas.<\/p>\n","protected":false},"excerpt":{"rendered":"<p>10\/08\/2018\/ Guatemala.- La tarde de este mi\u00e9rcoles el Volc\u00e1n de Fuego en Guatemala ha registrado \u00abuna explosi\u00f3n fuerte, acompa\u00f1ada de avalanchas en todo el contorno del cr\u00e1ter\u00bb, informa el Instituto Nacional de Sismolog\u00eda, Vulcanolog\u00eda, Meteorolog\u00eda e Hidrolog\u00eda. Asimismo, el volc\u00e1n expulsa \u00ababundante material incandescente\u00bb a 4.800 metros de altura y una columna de ceniza que se desplaza a 12 kil\u00f3metros hacia el oeste, ha comunicado el organismo en un bolet\u00edn especial. \u00abEsta explosi\u00f3n es la primera fuerte que se registra en las \u00faltimas seis semanas y puede ser el inicio de otra etapa de actividad, por lo que se mantiene&#8230;<\/p>\n","protected":false},"author":1,"featured_media":36358,"comment_status":"open","ping_status":"open","sticky":false,"template":"","format":"standard","meta":{"footnotes":""},"categories":[4,84],"tags":[99,1757,749,3785],"class_list":["post-36357","post","type-post","status-publish","format-standard","has-post-thumbnail","hentry","category-breaking-news","category-internacionales","tag-elenita-villar","tag-guatemala","tag-turistamagazine","tag-volcan-de-fuego"],"_links":{"self":[{"href":"https:\/\/www.turistamagazine.com\/v2\/index.php?rest_route=\/wp\/v2\/posts\/36357","targetHints":{"allow":["GET"]}}],"collection":[{"href":"https:\/\/www.turistamagazine.com\/v2\/index.php?rest_route=\/wp\/v2\/posts"}],"about":[{"href":"https:\/\/www.turistamagazine.com\/v2\/index.php?rest_route=\/wp\/v2\/types\/post"}],"author":[{"embeddable":true,"href":"https:\/\/www.turistamagazine.com\/v2\/index.php?rest_route=\/wp\/v2\/users\/1"}],"replies":[{"embeddable":true,"href":"https:\/\/www.turistamagazine.com\/v2\/index.php?rest_route=%2Fwp%2Fv2%2Fcomments&post=36357"}],"version-history":[{"count":1,"href":"https:\/\/www.turistamagazine.com\/v2\/index.php?rest_route=\/wp\/v2\/posts\/36357\/revisions"}],"predecessor-version":[{"id":36359,"href":"https:\/\/www.turistamagazine.com\/v2\/index.php?rest_route=\/wp\/v2\/posts\/36357\/revisions\/36359"}],"wp:featuredmedia":[{"embeddable":true,"href":"https:\/\/www.turistamagazine.com\/v2\/index.php?rest_route=\/wp\/v2\/media\/36358"}],"wp:attachment":[{"href":"https:\/\/www.turistamagazine.com\/v2\/index.php?rest_route=%2Fwp%2Fv2%2Fmedia&parent=36357"}],"wp:term":[{"taxonomy":"category","embeddable":true,"href":"https:\/\/www.turistamagazine.com\/v2\/index.php?rest_route=%2Fwp%2Fv2%2Fcategories&post=36357"},{"taxonomy":"post_tag","embeddable":true,"href":"https:\/\/www.turistamagazine.com\/v2\/index.php?rest_route=%2Fwp%2Fv2%2Ftags&post=36357"}],"curies":[{"name":"wp","href":"https:\/\/api.w.org\/{rel}","templated":true}]}}