{"id":36242,"date":"2018-08-06T12:55:07","date_gmt":"2018-08-06T17:55:07","guid":{"rendered":"http:\/\/www.turistamagazine.com\/v2\/?p=36242"},"modified":"2018-08-06T12:55:07","modified_gmt":"2018-08-06T17:55:07","slug":"arturo-vidal-sera-presentado-hoy-como-jugador-del-barcelona-de-espana","status":"publish","type":"post","link":"https:\/\/www.turistamagazine.com\/v2\/?p=36242","title":{"rendered":"ARTURO VIDAL SER\u00c1 PRESENTADO HOY COMO JUGADOR DEL BARCELONA DE ESPA\u00d1A"},"content":{"rendered":"<p style=\"text-align: justify;\">06\/08\/2018\/.-El chileno Arturo Vidal ser\u00e1 presentado hoy como nuevo jugador del Barcelona para las pr\u00f3ximas tres temporadas. El volante sure\u00f1o es el cuarto fichaje del conjunto <span style=\"color: #000080;\"><strong><em>\u00abazulgrana\u00bb<\/em><\/strong><\/span> durante el mercado de pase.<\/p>\n<p style=\"text-align: justify;\">El jugador que estuvo en el Bayern M\u00fanich las \u00faltimas temporadas, ser\u00e1 presentado de manera oficial como nuevo\u00a0 jugador\u00a0 del Barcelona.<\/p>\n<p style=\"text-align: justify;\">Pero el mediocampista ya pos\u00f3 con la camiseta de FC Barcelona. <span style=\"color: #000080;\"><strong><em>El \u201cRey\u201d<\/em><\/strong><\/span>es el cuarto fichaje que ha hecho el cuadro azulgrana durante el mercado de pases de verano.<\/p>\n<p style=\"text-align: justify;\">Vidal apareci\u00f3 esta noche (horario europeo) en el Camp Nou para presentarse ante los fot\u00f3grafos. Reci\u00e9n hoy\u00a0 firmar\u00e1 el contrato que lo vincule al equipo catal\u00e1n en el Palco Presidente Su\u00f1ol en un acto privado.<\/p>\n<p style=\"text-align: justify;\">Luego se le presentar\u00e1 de manera oficial en la Platea de la primera grader\u00eda de Tribuna del Camp Nou. Y luego se realizar\u00e1 la conferencia de prensa.<\/p>\n<p style=\"text-align: justify;\">Seg\u00fan los medios informativos ingleses, el Manchester United descart\u00f3 la contrataci\u00f3n del chileno debido a los problemas que tiene con su rodilla.<\/p>\n<p style=\"text-align: justify;\"><span style=\"color: #000080;\"><strong><em>\u201cEl Manchester United tuvo la oportunidad de fichar a Arturo Vidal este verano\u201d, dice la informaci\u00f3n, que aporta las tres causas que, seg\u00fan el citado medio, determinaron la renuncia del United. la primera raz\u00f3n ser\u00eda la lesi\u00f3n de rodilla de Vidal, por haber sufrido \u201cdos cirug\u00edas en la articulaci\u00f3n\u201d por las que el United \u201cestaba preocupado de no poder mantener su agresivo estilo de juego\u201d.<\/em><\/strong><\/span><\/p>\n<p style=\"text-align: justify;\">El jugador chileno firmar\u00e1 su contrato que lo vincula por tres temporadas con el cuadro <em><strong><span style=\"color: #000080;\">\u00abcatal\u00e1n\u00bb<\/span><\/strong><\/em><\/p>\n","protected":false},"excerpt":{"rendered":"<p>06\/08\/2018\/.-El chileno Arturo Vidal ser\u00e1 presentado hoy como nuevo jugador del Barcelona para las pr\u00f3ximas tres temporadas. El volante sure\u00f1o es el cuarto fichaje del conjunto \u00abazulgrana\u00bb durante el mercado de pase. El jugador que estuvo en el Bayern M\u00fanich las \u00faltimas temporadas, ser\u00e1 presentado de manera oficial como nuevo\u00a0 jugador\u00a0 del Barcelona. Pero el mediocampista ya pos\u00f3 con la camiseta de FC Barcelona. El \u201cRey\u201des el cuarto fichaje que ha hecho el cuadro azulgrana durante el mercado de pases de verano. Vidal apareci\u00f3 esta noche (horario europeo) en el Camp Nou para presentarse ante los fot\u00f3grafos. Reci\u00e9n hoy\u00a0 firmar\u00e1&#8230;<\/p>\n","protected":false},"author":1,"featured_media":36243,"comment_status":"open","ping_status":"open","sticky":false,"template":"","format":"standard","meta":{"footnotes":""},"categories":[84,82],"tags":[8278,8279,99,6132,749],"class_list":["post-36242","post","type-post","status-publish","format-standard","has-post-thumbnail","hentry","category-internacionales","category-nacionales","tag-arturo-vidal","tag-el-barcelona","tag-elenita-villar","tag-portal-de-noticias-turistamagazine","tag-turistamagazine"],"_links":{"self":[{"href":"https:\/\/www.turistamagazine.com\/v2\/index.php?rest_route=\/wp\/v2\/posts\/36242","targetHints":{"allow":["GET"]}}],"collection":[{"href":"https:\/\/www.turistamagazine.com\/v2\/index.php?rest_route=\/wp\/v2\/posts"}],"about":[{"href":"https:\/\/www.turistamagazine.com\/v2\/index.php?rest_route=\/wp\/v2\/types\/post"}],"author":[{"embeddable":true,"href":"https:\/\/www.turistamagazine.com\/v2\/index.php?rest_route=\/wp\/v2\/users\/1"}],"replies":[{"embeddable":true,"href":"https:\/\/www.turistamagazine.com\/v2\/index.php?rest_route=%2Fwp%2Fv2%2Fcomments&post=36242"}],"version-history":[{"count":1,"href":"https:\/\/www.turistamagazine.com\/v2\/index.php?rest_route=\/wp\/v2\/posts\/36242\/revisions"}],"predecessor-version":[{"id":36244,"href":"https:\/\/www.turistamagazine.com\/v2\/index.php?rest_route=\/wp\/v2\/posts\/36242\/revisions\/36244"}],"wp:featuredmedia":[{"embeddable":true,"href":"https:\/\/www.turistamagazine.com\/v2\/index.php?rest_route=\/wp\/v2\/media\/36243"}],"wp:attachment":[{"href":"https:\/\/www.turistamagazine.com\/v2\/index.php?rest_route=%2Fwp%2Fv2%2Fmedia&parent=36242"}],"wp:term":[{"taxonomy":"category","embeddable":true,"href":"https:\/\/www.turistamagazine.com\/v2\/index.php?rest_route=%2Fwp%2Fv2%2Fcategories&post=36242"},{"taxonomy":"post_tag","embeddable":true,"href":"https:\/\/www.turistamagazine.com\/v2\/index.php?rest_route=%2Fwp%2Fv2%2Ftags&post=36242"}],"curies":[{"name":"wp","href":"https:\/\/api.w.org\/{rel}","templated":true}]}}