{"id":36203,"date":"2019-09-10T03:30:17","date_gmt":"2019-09-10T08:30:17","guid":{"rendered":"http:\/\/www.turistamagazine.com\/v2\/?p=36203"},"modified":"2019-09-10T19:24:40","modified_gmt":"2019-09-11T00:24:40","slug":"la-mision-del-periodista","status":"publish","type":"post","link":"https:\/\/www.turistamagazine.com\/v2\/?p=36203","title":{"rendered":"LA MISI\u00d3N DEL PERIODISTA"},"content":{"rendered":"<p style=\"text-align: center;\"><span style=\"color: #000080;\"><b><i>En esta sociedad en crisis\u00a0<\/i><\/b><\/span><\/p>\n<p>Por Elena Villar<\/p>\n<p style=\"text-align: justify;\"><strong><em><span style=\"color: #000080;\">Pensando en voz Alta<\/span><\/em>, <\/strong>como el t\u00edtulo de esta secci\u00f3n recordamos que un \u00a0ex presidente en una\u00a0\u00a0 conferencia de prensa les pregunt\u00f3 a los colegas periodistas del \u00a0porqu\u00e9 pon\u00edan \u00e9nfasis en las malas noticias y no publicaban noticias positivas que tambi\u00e9n las hab\u00eda.<\/p>\n<p style=\"text-align: justify;\">\u00a0El \u00a0Se\u00f1or ex presidente tiene raz\u00f3n, lo que sucede como dec\u00eda un experto, que las noticias\u00a0 buenas no venden y puso un ejemplo: <span style=\"color: #000080;\"><strong><em>diariamente miles de aviones despegan y aterrizan en diferentes continentes y nadie lo comenta sin embargo si se estrella o se pierde un avi\u00f3n se moviliza la prensa mundial<\/em><\/strong><\/span>\u2026 <em><strong><span style=\"color: #000080;\">No comment\u2026<\/span><\/strong><\/em><\/p>\n<p style=\"text-align: justify;\">La misi\u00f3n del periodistas sobre todo de turismo, ya que no somos periodistas de investigaci\u00f3n ni reporteros de cr\u00f3nicas policiales, <em><strong><span style=\"color: #000080;\">tiene que tener mucha pericia, conocimiento e inteligencia para saber propagar una noticia que puede generar alarma entre nuestros visitantes<\/span><\/strong><\/em>\u2026 se pude publicar la misma noticia pero sin magnificar el peligro o lo decadente.<\/p>\n<p style=\"text-align: justify;\">Siempre admiraremos y pondremos como ejemplo esa excelente campa\u00f1a de turismo de Colombia que dec\u00eda\u00a0\u00a0<span style=\"color: #000080;\"><strong><em>\u201cColombia el riesgo es que te quieras quedar\u201d<\/em><\/strong>\u00a0<\/span> \u00a0evidentemente fueron\u00a0 tan geniales que una terrible debilidad como era la inseguridad en Colombia la convirtieron en una fortaleza\u2026 <span style=\"color: #000080;\"><strong><em>Eso es lo que hace un periodista de turismo<\/em><\/strong><\/span><\/p>\n<p style=\"text-align: justify;\"><span style=\"color: #000080;\"><strong><em>No oculta \u00a0la verdad pero utiliza todo su conocimiento para saber expresarla\u2026<\/em><\/strong><\/span><\/p>\n<p style=\"text-align: justify;\">En nuestros medios en lo posible tratamos de cumplir con esa regla puesto que es nuestra l\u00ednea editorial, no obstante qu\u00e9 dif\u00edcil y deprimente, cumplir con esa misi\u00f3n y encontrar noticias que interesen a nuestros lectores, diariamente\u00a0 y que motiven la lectura, sobre todo cuando se es un medio mayoritariamente dirigido a la actividad tur\u00edstica.<\/p>\n<p style=\"text-align: justify;\">Como un Portal de noticias hemos ampliado nuestra cobertura hacia temas de actualidad que de una u otra manera est\u00e1n conectada al turismo por ser este, una actividad <span style=\"color: #000080;\"><em><strong>multisectorial, lo que hace ligeramente m\u00e1s f\u00e1cil nuestro trabajo.<\/strong><\/em><\/span><\/p>\n<p style=\"text-align: justify;\">No obstante, en nuestra diaria b\u00fasqueda de informaci\u00f3n, encontramos mayormente \u00a0y en el \u00e1mbito internacional, noticias que demuestran \u00a0violencia e insania francamente aterradoras\u00a0 \u00a0mundo Oriente, ataques b\u00e9licos, terroristas, etc. que no vamos a enumerar.<\/p>\n<p style=\"text-align: justify;\"><strong><em>\u00a0<span style=\"color: #000080;\">Es que las noticias son cada vez m\u00e1s violentas y las desgracias ocurren con tanta velocidad que una le quita importancia a la otra, y los esc\u00e1ndalos de corrupci\u00f3n ocupan las portadas de los diarios\u2026 Adem\u00e1s la mente es fr\u00e1gil vol\u00e1til, pasa un d\u00eda y ya ni nos acordamos de las desgracias del d\u00eda anterior puesto que no nos tocaron directamente\u2026<\/span><\/em><\/strong><\/p>\n<p style=\"text-align: justify;\"><span style=\"color: #000080;\"><em><b style=\"color: #000080;\">El papa Francisco abrumado por la crisis moral que atraviesa la sociedad incluida \u00a0la iglesia cat\u00f3lica, hace esfuerzos sobrehumanos para paliar en algo tanta <\/b><span style=\"color: #000080;\"><b>injusticia<\/b><\/span><b style=\"color: #000080;\">\u00a0y decadencia moral.<\/b><\/em><\/span><\/p>\n<p style=\"text-align: justify;\">Qu\u00e9 podemos decir de nuestro continente, sus problemas de toda \u00edndole son m\u00e1s grandes que su extensi\u00f3n geogr\u00e1fica. En todos nuestros pa\u00edses, la crisis moral sobrepas\u00f3 toda expectativa, la corrupci\u00f3n campea en todos las entidades p\u00fablicas, no queremos nombrar ning\u00fan pa\u00eds pero las noticias en algunos de nuestro amado continente son realmente de terror.<\/p>\n<p style=\"text-align: justify;\"><span style=\"color: #000080;\"><em><strong>El panorama no es \u00a0alentador\u2026 Hay\u00a0\u00a0 momento en que por salud mental no vemos noticiarios, ya que si no tendremos\u00a0 pesadillas insoportables.<\/strong><\/em><\/span><\/p>\n<p style=\"text-align: justify;\">Realmente nos gustar\u00eda ser m\u00e1s positivos,\u00a0 lo tratamos y lo seguiremos haciendo\u00a0\u00a0 ya que algo positivo existe\u00a0 en el mundo para mitigar en algo la violencia que nos rodea.<\/p>\n<p style=\"text-align: justify;\"><em><strong><span style=\"color: #000080;\">Para terminar este pensamiento en voz alta agregaremos, que la crisis existencial \u00a0de esta \u00e9poca de convulsi\u00f3n pol\u00edtica en el mundo est\u00e1 generando suicidios \u00a0en gente cada vez m\u00e1s joven\u2026<\/span><\/strong><\/em><\/p>\n<p style=\"text-align: justify;\"><span style=\"color: #000080;\"><em><b style=\"color: #000080;\">Hay lecturas en la Biblia que explica que al final de los tiempos la humanidad <\/b><span style=\"color: #000080;\"><b>vivir\u00e1<\/b><\/span><b style=\"color: #000080;\">\u00a0en tal caos, que los que a\u00fan est\u00e1n con vida, desear\u00e1n morir. \u00bfSuena fuerte verdad ? <\/b><\/em><\/span><\/p>\n","protected":false},"excerpt":{"rendered":"<p>En esta sociedad en crisis\u00a0 Por Elena Villar Pensando en voz Alta, como el t\u00edtulo de esta secci\u00f3n recordamos que un \u00a0ex presidente en una\u00a0\u00a0 conferencia de prensa les pregunt\u00f3 a los colegas periodistas del \u00a0porqu\u00e9 pon\u00edan \u00e9nfasis en las malas noticias y no publicaban noticias positivas que tambi\u00e9n las hab\u00eda. \u00a0El \u00a0Se\u00f1or ex presidente tiene raz\u00f3n, lo que sucede como dec\u00eda un experto, que las noticias\u00a0 buenas no venden y puso un ejemplo: diariamente miles de aviones despegan y aterrizan en diferentes continentes y nadie lo comenta sin embargo si se estrella o se pierde un avi\u00f3n se moviliza&#8230;<\/p>\n","protected":false},"author":1,"featured_media":0,"comment_status":"open","ping_status":"open","sticky":false,"template":"","format":"standard","meta":{"footnotes":""},"categories":[90],"tags":[99,8274,6132,749,5078],"class_list":["post-36203","post","type-post","status-publish","format-standard","hentry","category-pensando-en-voz-alta","tag-elenita-villar","tag-periodista-de-turismo","tag-portal-de-noticias-turistamagazine","tag-turistamagazine","tag-ver-todos"],"_links":{"self":[{"href":"https:\/\/www.turistamagazine.com\/v2\/index.php?rest_route=\/wp\/v2\/posts\/36203","targetHints":{"allow":["GET"]}}],"collection":[{"href":"https:\/\/www.turistamagazine.com\/v2\/index.php?rest_route=\/wp\/v2\/posts"}],"about":[{"href":"https:\/\/www.turistamagazine.com\/v2\/index.php?rest_route=\/wp\/v2\/types\/post"}],"author":[{"embeddable":true,"href":"https:\/\/www.turistamagazine.com\/v2\/index.php?rest_route=\/wp\/v2\/users\/1"}],"replies":[{"embeddable":true,"href":"https:\/\/www.turistamagazine.com\/v2\/index.php?rest_route=%2Fwp%2Fv2%2Fcomments&post=36203"}],"version-history":[{"count":4,"href":"https:\/\/www.turistamagazine.com\/v2\/index.php?rest_route=\/wp\/v2\/posts\/36203\/revisions"}],"predecessor-version":[{"id":37285,"href":"https:\/\/www.turistamagazine.com\/v2\/index.php?rest_route=\/wp\/v2\/posts\/36203\/revisions\/37285"}],"wp:attachment":[{"href":"https:\/\/www.turistamagazine.com\/v2\/index.php?rest_route=%2Fwp%2Fv2%2Fmedia&parent=36203"}],"wp:term":[{"taxonomy":"category","embeddable":true,"href":"https:\/\/www.turistamagazine.com\/v2\/index.php?rest_route=%2Fwp%2Fv2%2Fcategories&post=36203"},{"taxonomy":"post_tag","embeddable":true,"href":"https:\/\/www.turistamagazine.com\/v2\/index.php?rest_route=%2Fwp%2Fv2%2Ftags&post=36203"}],"curies":[{"name":"wp","href":"https:\/\/api.w.org\/{rel}","templated":true}]}}