{"id":36133,"date":"2018-07-31T12:56:35","date_gmt":"2018-07-31T17:56:35","guid":{"rendered":"http:\/\/www.turistamagazine.com\/v2\/?p=36133"},"modified":"2018-08-02T18:51:34","modified_gmt":"2018-08-02T23:51:34","slug":"grecia-protegeran-a-los-burros-turisticos-de-santorini","status":"publish","type":"post","link":"https:\/\/www.turistamagazine.com\/v2\/?p=36133","title":{"rendered":"GRECIA: PROTEGER\u00c1N A LOS BURROS TUR\u00cdSTICOS DE SANTORINI"},"content":{"rendered":"<p style=\"text-align: justify;\"><span style=\"color: #000080;\"><em><b>Sabe Ud. mi querido lector lo que es un burro?Pues le contaremos que un burro es un caballo que no ha podido ir a la Escuela&#8230; y parece que de eso se han dado cuenta las autoridades de Santonirini en Grecia\u00a0 pues estar\u00e1n\u00a0protegidos\u00a0por decreto&#8230;<\/b><\/em><\/span><\/p>\n<p style=\"text-align: justify;\">31\/07\/2018\/ Santorini.- <strong><em><span style=\"color: #000080;\">Los burros de Santorini, una de las atracciones de esta tur\u00edstica isla griega, van a ser protegidos de la sobreexplotaci\u00f3n, anunciaron el fin de semana las autoridades locales, preocupadas por evitar una publicidad negativa para la llamada joya del Egeo.<\/span><\/em><\/strong><\/p>\n<p style=\"text-align: justify;\">El ayuntamiento anunci\u00f3 en un comunicado que reuni\u00f3 a arrieros y asociaciones protectoras de los animales para garantizar <strong><em><span style=\"color: #000080;\">\u00abel respeto de los derechos y el bienestar de los burros\u00bb<\/span><\/em><\/strong> que aseguran el transporte de los turistas desde el puerto hasta la capital de la isla, Fira, varios cientos de metros m\u00e1s arriba.<\/p>\n<p style=\"text-align: justify;\">Esta concertaci\u00f3n social se organiz\u00f3 despu\u00e9s de que unos defensores de los animales que se manifestaban el viernes en el puerto fueran atacados por arrieros.<\/p>\n<p style=\"text-align: justify;\">La manifestaci\u00f3n fue convocada por tres asociaciones de defensa de los \u00e9quidos y el grupo de <em><strong><span style=\"color: #000080;\">\u00abactivistas veganos Dreamdancers\u00bb<\/span><\/strong><\/em> en reacci\u00f3n a un v\u00eddeo que circula por las redes sociales y que muestra a un arriero golpeando con violencia a su burro.<\/p>\n<div id=\"attachment_36135\" style=\"width: 610px\" class=\"wp-caption aligncenter\"><a href=\"https:\/\/www.turistamagazine.com\/v2\/wp-content\/uploads\/2018\/07\/000521575W.jpg\"><img decoding=\"async\" aria-describedby=\"caption-attachment-36135\" class=\"wp-image-36135\" src=\"https:\/\/www.turistamagazine.com\/v2\/wp-content\/uploads\/2018\/07\/000521575W.jpg\" alt=\"\" width=\"600\" height=\"400\" \/><\/a><p id=\"caption-attachment-36135\" class=\"wp-caption-text\"><span style=\"color: #000080;\"><strong><em>Bien por los burros que no son caballos porque no han podido ir a la escuela&#8230;y no por ser burros no tienen derechos&#8230;<\/em><\/strong><\/span><\/p><\/div>\n<p style=\"text-align: justify;\">Las autoridades anunciaron que obtuvieron de las partes un acuerdo sobre una serie de medidas para que los burros se \u00abmantengan a la sombra\u00bb durante sus pausas y est\u00e9n <strong><em><span style=\"color: #000080;\">\u00abmejor abrevados\u00bb.<\/span><\/em><\/strong><\/p>\n<p style=\"text-align: justify;\">Los arrieros tambi\u00e9n se comprometieron a <strong><em><span style=\"color: #000080;\">\u00ablimitar el horario y la carga\u00bb<\/span><\/em><\/strong> de los animales y a excluir de sus filas a los propietarios maltratadores.<\/p>\n<p style=\"text-align: justify;\">Seg\u00fan el ayuntamiento, los defensores de los animales dijeron estar <strong><em><span style=\"color: #000080;\">\u00absatisfechos con estas medidas, a condici\u00f3n de que se respeten\u00bb.<\/span><\/em><\/strong><\/p>\n<p style=\"text-align: justify;\">Apreciada por los turistas por las espectaculares vistas al mar que ofrecen sus pueblos blancos colgados de sus acantilados volc\u00e1nicos, Santorini est\u00e1 desde hace varios a\u00f1os amenazada por las hordas de turistas que la invaden todos los veranos.<\/p>\n<p style=\"text-align: justify;\">El ayuntamiento ya impuso medidas para limitar y regular el tr\u00e1fico de barcos de crucero que llegan a la isla.<\/p>\n<p><strong><em><span style=\"color: #000080;\">Bien por los burros que no son caballos porque no han podido ir a la escuela&#8230;<\/span><\/em><\/strong><\/p>\n","protected":false},"excerpt":{"rendered":"<p>Sabe Ud. mi querido lector lo que es un burro?Pues le contaremos que un burro es un caballo que no ha podido ir a la Escuela&#8230; y parece que de eso se han dado cuenta las autoridades de Santonirini en Grecia\u00a0 pues estar\u00e1n\u00a0protegidos\u00a0por decreto&#8230; 31\/07\/2018\/ Santorini.- Los burros de Santorini, una de las atracciones de esta tur\u00edstica isla griega, van a ser protegidos de la sobreexplotaci\u00f3n, anunciaron el fin de semana las autoridades locales, preocupadas por evitar una publicidad negativa para la llamada joya del Egeo. El ayuntamiento anunci\u00f3 en un comunicado que reuni\u00f3 a arrieros y asociaciones protectoras de&#8230;<\/p>\n","protected":false},"author":1,"featured_media":36134,"comment_status":"open","ping_status":"open","sticky":false,"template":"","format":"standard","meta":{"footnotes":""},"categories":[4,84],"tags":[99,8260,6132,8261,3668],"class_list":["post-36133","post","type-post","status-publish","format-standard","has-post-thumbnail","hentry","category-breaking-news","category-internacionales","tag-elenita-villar","tag-los-burros-de-santorini","tag-portal-de-noticias-turistamagazine","tag-santorini","tag-turismo-en-grecia"],"_links":{"self":[{"href":"https:\/\/www.turistamagazine.com\/v2\/index.php?rest_route=\/wp\/v2\/posts\/36133","targetHints":{"allow":["GET"]}}],"collection":[{"href":"https:\/\/www.turistamagazine.com\/v2\/index.php?rest_route=\/wp\/v2\/posts"}],"about":[{"href":"https:\/\/www.turistamagazine.com\/v2\/index.php?rest_route=\/wp\/v2\/types\/post"}],"author":[{"embeddable":true,"href":"https:\/\/www.turistamagazine.com\/v2\/index.php?rest_route=\/wp\/v2\/users\/1"}],"replies":[{"embeddable":true,"href":"https:\/\/www.turistamagazine.com\/v2\/index.php?rest_route=%2Fwp%2Fv2%2Fcomments&post=36133"}],"version-history":[{"count":3,"href":"https:\/\/www.turistamagazine.com\/v2\/index.php?rest_route=\/wp\/v2\/posts\/36133\/revisions"}],"predecessor-version":[{"id":36211,"href":"https:\/\/www.turistamagazine.com\/v2\/index.php?rest_route=\/wp\/v2\/posts\/36133\/revisions\/36211"}],"wp:featuredmedia":[{"embeddable":true,"href":"https:\/\/www.turistamagazine.com\/v2\/index.php?rest_route=\/wp\/v2\/media\/36134"}],"wp:attachment":[{"href":"https:\/\/www.turistamagazine.com\/v2\/index.php?rest_route=%2Fwp%2Fv2%2Fmedia&parent=36133"}],"wp:term":[{"taxonomy":"category","embeddable":true,"href":"https:\/\/www.turistamagazine.com\/v2\/index.php?rest_route=%2Fwp%2Fv2%2Fcategories&post=36133"},{"taxonomy":"post_tag","embeddable":true,"href":"https:\/\/www.turistamagazine.com\/v2\/index.php?rest_route=%2Fwp%2Fv2%2Ftags&post=36133"}],"curies":[{"name":"wp","href":"https:\/\/api.w.org\/{rel}","templated":true}]}}