{"id":36019,"date":"2018-07-23T17:55:18","date_gmt":"2018-07-23T22:55:18","guid":{"rendered":"http:\/\/www.turistamagazine.com\/v2\/?p=36019"},"modified":"2018-07-25T16:00:11","modified_gmt":"2018-07-25T21:00:11","slug":"orden-de-embanderar","status":"publish","type":"post","link":"https:\/\/www.turistamagazine.com\/v2\/?p=36019","title":{"rendered":"ORDEN DE EMBANDERAR"},"content":{"rendered":"<p style=\"text-align: justify;\">Por Antero Flores-Araoz*<\/p>\n<p style=\"text-align: justify;\">Es usual, que semanas o d\u00edas previos a las llamadas <em><strong><span style=\"color: #000080;\">\u201cFiestas Patrias\u201d<\/span><\/strong><\/em>, esto es, la conmemoraci\u00f3n de nuestra independencia del reino espa\u00f1ol, el diario oficial <em><span style=\"color: #000080;\"><strong>\u201cEl Peruano\u201d,<\/strong> l<\/span><\/em>a gaceta en que se publican las normas legales, se encuentre desbordada por disposiciones municipales que obligan a los edificios privados y casas particulares, a poner la bandera de nuestro querido, aunque muchas veces incomprensible Per\u00fa.<\/p>\n<p style=\"text-align: justify;\"><span style=\"color: #000080;\"><em><strong>Es probable que exista quienes saluden el esp\u00edritu c\u00edvico de nuestras autoridades municipales, algunas con acuerdos de concejo, otras con ordenanzas y la mayor\u00eda con decretos de alcald\u00eda, pero todas con el mismo contenido: embandera y si no lo haces multa.<\/strong><\/em><\/span><\/p>\n<p style=\"text-align: justify;\">Realmente, el esp\u00edritu nacionalista y la buena memoria para evocar una efem\u00e9ride, tan solemne e importante como la independencia, no requiere recordatorio alguno, siempre est\u00e1 presente en nuestras mentes y corazones.<\/p>\n<p style=\"text-align: justify;\">M\u00e1s all\u00e1 que el anual recordatorio inunde nuestro diario oficial en estos d\u00edas en que el Per\u00fa se ti\u00f1e de blanco y rojo, ello constituye un gasto innecesario.\u00a0 La publicidad de las normas, cuestan en dinero, en utilizaci\u00f3n de presupuesto municipal, en papel y tinta y, en medio ambiente pues el papel sale de la deforestaci\u00f3n de bosques que atenta contra la calidad de vida del g\u00e9nero humano.<\/p>\n<p style=\"text-align: justify;\"><span style=\"color: #333399;\"><em><strong>\u00bfPor qu\u00e9 afirmamos que es un gasto innecesario? Muy simple, por cierto, dado que existen disposiciones a nivel nacional que lo tienen normado con car\u00e1cter permanente y sin qu\u00e9 por ello sea necesario el anual y repetitivo recordatorio. Felizmente no todos los municipios env\u00edan al diario El Peruano sus normas sobre embanderamiento pues tenemos cerca de dos mil comunas entre Municipalidades Provinciales y Distritales. Nuestra gaceta oficial tendr\u00eda tama\u00f1o enciclop\u00e9dico.<\/strong><\/em><\/span><\/p>\n<p style=\"text-align: justify;\">Hemos investigado el tema.\u00a0 La primera normativa legal sobre nuestra bandera, se dict\u00f3 en tiempos de don Sim\u00f3n Bol\u00edvar por ley del 24 de febrero de 1825, hace cerca de doscientos a\u00f1os y aun sigue vigente. La obligatoriedad de enarbolarla en Fiestas Patrias data de octubre de 1917, con m\u00e1s de cien a\u00f1os, en que lo dispuso la Ley N\u00b0 2475 sustituida por la Ley N\u00b0 8916 promulgada por el entonces presidente don Oscar R. Benavides, la que se modific\u00f3 a su vez en el primer gobierno del Arq. don Fernando Belaunde Terry seg\u00fan Ley N\u00b0 15253 promulgada el 07 de diciembre de 1964, hace m\u00e1s de medio siglo.<\/p>\n<p style=\"text-align: justify;\"><strong><em><span style=\"color: #333399;\">La \u00faltima de las leyes citadas, modificando la que la precedi\u00f3, dispuso que \u201cLa bandera nacional ser\u00e1 izada al tope, obligatoriamente, \u2026 los d\u00edas 27, 28, 29 y\u00a0 30 de julio y 9 de diciembre de cada a\u00f1o, en los edificios particulares, correspondiendo esta obligaci\u00f3n a todos los locales ocupados por casas habitaci\u00f3n, instituciones, colegios, clubs, oficinas, establecimientos comerciales e industriales, talleres, f\u00e1bricas y centros de trabajo ubicados en el territorio de la Rep\u00fablica, cualquiera que sea la nacionalidad del correspondiente propietario o conductor\u2026\u201d Todo ello en adici\u00f3n al embanderamiento en edificios y naves del Estado.<\/span><\/em><\/strong><\/p>\n<p style=\"text-align: justify;\"><em><strong>Tengamos presente que el patriotismo no se estimula por bandos municipales, nace del coraz\u00f3n<\/strong><\/em>.*<\/p>\n<p>*<strong>\u00a0<\/strong><strong>Reconocido jurista y\u00a0pol\u00edtico\u00a0peruano<\/strong><strong>\u00a0<\/strong><strong>Fundador del partido\u00a0<u>ORDEN<\/u><\/strong><\/p>\n<p>Ha sido Diputado, Constituyente y Congresista de la Rep\u00fablica del Per\u00fa, siempre de la mano del Partido Popular Cristiano. En el 2004, fue electo como Presidente del Congreso entre otros importantes cargos diplom\u00e1ticos.<\/p>\n<p><strong>La Direcci\u00f3n no se solidariza necesariamente con la opini\u00f3n de sus colaboradores<\/strong><\/p>\n<p style=\"text-align: justify;\">\n","protected":false},"excerpt":{"rendered":"<p>Por Antero Flores-Araoz* Es usual, que semanas o d\u00edas previos a las llamadas \u201cFiestas Patrias\u201d, esto es, la conmemoraci\u00f3n de nuestra independencia del reino espa\u00f1ol, el diario oficial \u201cEl Peruano\u201d, la gaceta en que se publican las normas legales, se encuentre desbordada por disposiciones municipales que obligan a los edificios privados y casas particulares, a poner la bandera de nuestro querido, aunque muchas veces incomprensible Per\u00fa. Es probable que exista quienes saluden el esp\u00edritu c\u00edvico de nuestras autoridades municipales, algunas con acuerdos de concejo, otras con ordenanzas y la mayor\u00eda con decretos de alcald\u00eda, pero todas con el mismo contenido:&#8230;<\/p>\n","protected":false},"author":1,"featured_media":0,"comment_status":"open","ping_status":"open","sticky":false,"template":"","format":"standard","meta":{"footnotes":""},"categories":[87],"tags":[1956,2400,6132,749],"class_list":["post-36019","post","type-post","status-publish","format-standard","hentry","category-actualidad","tag-antero-flores-araoz","tag-felices-fiestas-patrias","tag-portal-de-noticias-turistamagazine","tag-turistamagazine"],"_links":{"self":[{"href":"https:\/\/www.turistamagazine.com\/v2\/index.php?rest_route=\/wp\/v2\/posts\/36019","targetHints":{"allow":["GET"]}}],"collection":[{"href":"https:\/\/www.turistamagazine.com\/v2\/index.php?rest_route=\/wp\/v2\/posts"}],"about":[{"href":"https:\/\/www.turistamagazine.com\/v2\/index.php?rest_route=\/wp\/v2\/types\/post"}],"author":[{"embeddable":true,"href":"https:\/\/www.turistamagazine.com\/v2\/index.php?rest_route=\/wp\/v2\/users\/1"}],"replies":[{"embeddable":true,"href":"https:\/\/www.turistamagazine.com\/v2\/index.php?rest_route=%2Fwp%2Fv2%2Fcomments&post=36019"}],"version-history":[{"count":2,"href":"https:\/\/www.turistamagazine.com\/v2\/index.php?rest_route=\/wp\/v2\/posts\/36019\/revisions"}],"predecessor-version":[{"id":36062,"href":"https:\/\/www.turistamagazine.com\/v2\/index.php?rest_route=\/wp\/v2\/posts\/36019\/revisions\/36062"}],"wp:attachment":[{"href":"https:\/\/www.turistamagazine.com\/v2\/index.php?rest_route=%2Fwp%2Fv2%2Fmedia&parent=36019"}],"wp:term":[{"taxonomy":"category","embeddable":true,"href":"https:\/\/www.turistamagazine.com\/v2\/index.php?rest_route=%2Fwp%2Fv2%2Fcategories&post=36019"},{"taxonomy":"post_tag","embeddable":true,"href":"https:\/\/www.turistamagazine.com\/v2\/index.php?rest_route=%2Fwp%2Fv2%2Ftags&post=36019"}],"curies":[{"name":"wp","href":"https:\/\/api.w.org\/{rel}","templated":true}]}}