{"id":36002,"date":"2018-07-23T12:00:27","date_gmt":"2018-07-23T17:00:27","guid":{"rendered":"http:\/\/www.turistamagazine.com\/v2\/?p=36002"},"modified":"2018-07-23T12:00:27","modified_gmt":"2018-07-23T17:00:27","slug":"canatur-demanda-restitucion-de-la-fiscalia-de-turismo","status":"publish","type":"post","link":"https:\/\/www.turistamagazine.com\/v2\/?p=36002","title":{"rendered":"CANATUR DEMANDA RESTITUCI\u00d3N DE LA FISCAL\u00cdA DE TURISMO"},"content":{"rendered":"<p style=\"text-align: justify;\">23\/07\/2018\/Lima.- La C\u00e1mara Nacional de Turismo (CANATUR), a trav\u00e9s de su presidente, Carlos Canales Anchorena, expres\u00f3 su profunda preocupaci\u00f3n por los diversos incidentes de inseguridad que vienen afectando a los turistas extranjeros en lo que va del presente a\u00f1o y manifest\u00f3 la decisi\u00f3n de la c\u00fapula gremial de actuar directa y eficazmente al respecto.<\/p>\n<p style=\"text-align: justify;\">La Agenda Prioritaria del Sector Privado Tur\u00edstico -se\u00f1al\u00f3 Canales- <strong><em><span style=\"color: #000080;\">contempla en el tema de seguridad tur\u00edstica un conjunto de medidas coherentes de las que el gremio quiere destacar la restauraci\u00f3n de la Fiscal\u00eda de Turismo con las m\u00e1ximas competencias, en los principales destinos del pa\u00eds.<\/span><\/em><\/strong><\/p>\n<p style=\"text-align: justify;\">Con relaci\u00f3n a esa demanda sectorial urgente, Canales record\u00f3 que originalmente esta fiscal\u00eda actuaba tanto en la prevenci\u00f3n como en\u00a0 la denuncia penal y en el seguimiento de la causa.<\/p>\n<p style=\"text-align: justify;\"><em><strong><span style=\"color: #000080;\">\u201cEl fiscal era el representante del turista agraviado y debe volver a serlo. No podemos descansar. Tenemos que volver a ponernos el overol y dedicarnos a trabajar\u201d<\/span><\/strong><\/em>, manifest\u00f3 el titular de CANATUR<\/p>\n<p style=\"text-align: justify;\">En los siguientes d\u00edas,\u00a0 el directorio de CANATUR sostendr\u00e1 una reuni\u00f3n con el jefe de la Polic\u00eda de Turismo, Coronel Luis Zamudio, a fin de tratar temas operativos.<\/p>\n<p style=\"text-align: justify;\">Finalmente,\u00a0 el gremio empresarial ha solicitado una reuni\u00f3n con el ministro Rogers Valencia y tambi\u00e9n con el nuevo Fiscal de la Naci\u00f3n.<\/p>\n<p style=\"text-align: justify;\"><em><strong><span style=\"color: #000080;\">\u201cNo hay tiempo que perder, la seguridad tur\u00edstica no puede descuidarse ni un segundo<\/span><\/strong><\/em>\u201d, concluy\u00f3.<\/p>\n<p>&nbsp;<\/p>\n<p>&nbsp;<\/p>\n","protected":false},"excerpt":{"rendered":"<p>23\/07\/2018\/Lima.- La C\u00e1mara Nacional de Turismo (CANATUR), a trav\u00e9s de su presidente, Carlos Canales Anchorena, expres\u00f3 su profunda preocupaci\u00f3n por los diversos incidentes de inseguridad que vienen afectando a los turistas extranjeros en lo que va del presente a\u00f1o y manifest\u00f3 la decisi\u00f3n de la c\u00fapula gremial de actuar directa y eficazmente al respecto. La Agenda Prioritaria del Sector Privado Tur\u00edstico -se\u00f1al\u00f3 Canales- contempla en el tema de seguridad tur\u00edstica un conjunto de medidas coherentes de las que el gremio quiere destacar la restauraci\u00f3n de la Fiscal\u00eda de Turismo con las m\u00e1ximas competencias, en los principales destinos del pa\u00eds. Con&#8230;<\/p>\n","protected":false},"author":1,"featured_media":0,"comment_status":"open","ping_status":"open","sticky":false,"template":"","format":"standard","meta":{"footnotes":""},"categories":[4,82],"tags":[167,169,6132,749],"class_list":["post-36002","post","type-post","status-publish","format-standard","hentry","category-breaking-news","category-nacionales","tag-canatur","tag-carlos-canales","tag-portal-de-noticias-turistamagazine","tag-turistamagazine"],"_links":{"self":[{"href":"https:\/\/www.turistamagazine.com\/v2\/index.php?rest_route=\/wp\/v2\/posts\/36002","targetHints":{"allow":["GET"]}}],"collection":[{"href":"https:\/\/www.turistamagazine.com\/v2\/index.php?rest_route=\/wp\/v2\/posts"}],"about":[{"href":"https:\/\/www.turistamagazine.com\/v2\/index.php?rest_route=\/wp\/v2\/types\/post"}],"author":[{"embeddable":true,"href":"https:\/\/www.turistamagazine.com\/v2\/index.php?rest_route=\/wp\/v2\/users\/1"}],"replies":[{"embeddable":true,"href":"https:\/\/www.turistamagazine.com\/v2\/index.php?rest_route=%2Fwp%2Fv2%2Fcomments&post=36002"}],"version-history":[{"count":1,"href":"https:\/\/www.turistamagazine.com\/v2\/index.php?rest_route=\/wp\/v2\/posts\/36002\/revisions"}],"predecessor-version":[{"id":36003,"href":"https:\/\/www.turistamagazine.com\/v2\/index.php?rest_route=\/wp\/v2\/posts\/36002\/revisions\/36003"}],"wp:attachment":[{"href":"https:\/\/www.turistamagazine.com\/v2\/index.php?rest_route=%2Fwp%2Fv2%2Fmedia&parent=36002"}],"wp:term":[{"taxonomy":"category","embeddable":true,"href":"https:\/\/www.turistamagazine.com\/v2\/index.php?rest_route=%2Fwp%2Fv2%2Fcategories&post=36002"},{"taxonomy":"post_tag","embeddable":true,"href":"https:\/\/www.turistamagazine.com\/v2\/index.php?rest_route=%2Fwp%2Fv2%2Ftags&post=36002"}],"curies":[{"name":"wp","href":"https:\/\/api.w.org\/{rel}","templated":true}]}}