{"id":35995,"date":"2018-07-23T11:44:39","date_gmt":"2018-07-23T16:44:39","guid":{"rendered":"http:\/\/www.turistamagazine.com\/v2\/?p=35995"},"modified":"2018-07-23T12:02:00","modified_gmt":"2018-07-23T17:02:00","slug":"la-embajada-de-peru-celebra-su-dia-nacional-en-el-mapi-con-una-exposicion-de-fotografias","status":"publish","type":"post","link":"https:\/\/www.turistamagazine.com\/v2\/?p=35995","title":{"rendered":"LA EMBAJADA DE PER\u00da CELEBRA SU D\u00cdA NACIONAL EN EL MAPI CON UNA EXPOSICI\u00d3N DE FOTOGRAF\u00cdAS"},"content":{"rendered":"<div id=\"attachment_35996\" style=\"width: 115px\" class=\"wp-caption alignleft\"><a href=\"https:\/\/www.turistamagazine.com\/v2\/wp-content\/uploads\/2018\/07\/Maria-Shaw-dic-2011.jpg\"><img decoding=\"async\" aria-describedby=\"caption-attachment-35996\" class=\"wp-image-35996 size-full\" src=\"https:\/\/www.turistamagazine.com\/v2\/wp-content\/uploads\/2018\/07\/Maria-Shaw-dic-2011.jpg\" alt=\"Mar\u00eda Shaw\" width=\"105\" height=\"140\" \/><\/a><p id=\"caption-attachment-35996\" class=\"wp-caption-text\"><span style=\"color: #000080;\">Mar\u00eda Shaw<\/span><\/p><\/div>\n<p style=\"text-align: justify;\">23\/07\/2018\/ Montevideo.-El pr\u00f3ximo 27 de julio a las 12,30 hs. la Embajada del Per\u00fa en el Uruguay celebrar\u00e1 el D\u00eda Nacional en el MAPI &#8211; Museo de Arte Precolombino e Ind\u00edgena, dependiente de la Intendencia de Montevideo, con motivo del aniversario de su independencia, <em><strong><span style=\"color: #000080;\">con la inauguraci\u00f3n de una exposici\u00f3n de fotograf\u00edas dedicadas a la Festividad de la Virgen de la Candelaria.<\/span><\/strong><\/em><\/p>\n<p style=\"text-align: justify;\">Esta exposici\u00f3n tiene como origen el resultado del Primer Concurso Regional de Fotograf\u00eda dedicado a la Festividad de la Virgen de la Candelaria, que se celebra cada febrero en la ciudad de Puno en el Per\u00fa. <strong><em><span style=\"color: #000080;\">El concurso es convocado por el Ministerio de Relaciones Exteriores. La exposici\u00f3n presenta la obra de los tres fot\u00f3grafos pune\u00f1os ganadores del mismo: V\u00edctor Neira, Uriel Mont\u00fafar y Carlos \u00c1lvarez.<\/span><\/em><\/strong><\/p>\n<p style=\"text-align: justify;\">Las fiestas se inician el primer d\u00eda de febrero con la celebraci\u00f3n de una misa cat\u00f3lica al alba, a la que sigue una ceremonia ancestral de purificaci\u00f3n. Al d\u00eda siguiente por la ma\u00f1ana, tras un acto lit\u00fargico, una imagen de la Virgen de la Candelaria recorre en procesi\u00f3n las calles de esta ciudad ubicada a orillas del Lago Titicaca, con el acompa\u00f1amiento de danzas y m\u00fasicas tradicionales. Prosiguen las fiestas con la celebraci\u00f3n de dos cert\u00e1menes en los que compiten numerosos grupos de bailarines y m\u00fasicos de la regi\u00f3n. Los participantes en esos cert\u00e1menes son principalmente miembros de las etnias quechua y aimara, as\u00ed como habitantes de las zonas rurales y urbanas de la regi\u00f3n de Puno.<\/p>\n<p style=\"text-align: justify;\">Numerosos pune\u00f1os que emigraron de la regi\u00f3n, vuelven a la ciudad con motivo de estas fiestas, lo que contribuye a reforzar un s\u00f3lido sentimiento de continuidad cultural. Federaciones regionales de practicantes de esta expresi\u00f3n cultural colaboran en la organizaci\u00f3n de las festividades, as\u00ed como en la preservaci\u00f3n de las t\u00e9cnicas y conocimientos tradicionales relacionados con la danza, la m\u00fasica y la fabricaci\u00f3n de m\u00e1scaras y atuendos. La transmisi\u00f3n de esta tradici\u00f3n a las generaciones m\u00e1s j\u00f3venes se efect\u00faa mediante la organizaci\u00f3n de ensayos musicales y coreogr\u00e1ficos, y la creaci\u00f3n de talleres de dise\u00f1o y elaboraci\u00f3n.<\/p>\n<p style=\"text-align: justify;\"><strong><em><span style=\"color: #000080;\">Si bien esta festividad cuenta con una serie de momentos -ensayos, novenas, albas de fiesta, entrada de cirios, entrada de k&#8217;apos, v\u00edsperas, fecha central 2 de febrero, octava, veneraci\u00f3n y cacharpari-, la parte medular consta de danzas, m\u00fasicas, artes y otras expresiones procedentes de las comunidades campesinas de Puno y de barrios de la ciudad.<\/span><\/em><\/strong><\/p>\n<p style=\"text-align: justify;\">La Festividad de la Virgen de la Candelaria es considerada como una de las m\u00e1s importantes del Per\u00fa. En ella participan, asimismo, numerosas personas e instituciones, incluyendo bordadores, artesanos que confeccionan mascaras \u00a0\u00a0y caretas, botas, zapatos, cascabeles y otros elementos.<\/p>\n<p style=\"text-align: justify;\"><strong><em>En la inauguraci\u00f3n se ofrecer\u00e1 un servicio brindis a cargo de MAPI Caf\u00e9.<\/em><\/strong><\/p>\n<p style=\"text-align: justify;\"><strong><em>Viernes 27 de Julio &#8211; 12,30 hs. \/ 25 de Mayo 279 esq. P\u00e9rez Castellano.<\/em><\/strong><\/p>\n<p style=\"text-align: justify;\"><strong><em>Env\u00edo Mar\u00eda Shaw<\/em><\/strong><\/p>\n<p>&nbsp;<\/p>\n<p>&nbsp;<\/p>\n","protected":false},"excerpt":{"rendered":"<p>23\/07\/2018\/ Montevideo.-El pr\u00f3ximo 27 de julio a las 12,30 hs. la Embajada del Per\u00fa en el Uruguay celebrar\u00e1 el D\u00eda Nacional en el MAPI &#8211; Museo de Arte Precolombino e Ind\u00edgena, dependiente de la Intendencia de Montevideo, con motivo del aniversario de su independencia, con la inauguraci\u00f3n de una exposici\u00f3n de fotograf\u00edas dedicadas a la Festividad de la Virgen de la Candelaria. Esta exposici\u00f3n tiene como origen el resultado del Primer Concurso Regional de Fotograf\u00eda dedicado a la Festividad de la Virgen de la Candelaria, que se celebra cada febrero en la ciudad de Puno en el Per\u00fa. El concurso&#8230;<\/p>\n","protected":false},"author":1,"featured_media":35997,"comment_status":"open","ping_status":"open","sticky":false,"template":"","format":"standard","meta":{"footnotes":""},"categories":[4,84],"tags":[8241,6132,749,8243,8242],"class_list":["post-35995","post","type-post","status-publish","format-standard","has-post-thumbnail","hentry","category-breaking-news","category-internacionales","tag-embajada-del-peru-en-el-uruguay","tag-portal-de-noticias-turistamagazine","tag-turistamagazine","tag-uriel-montufar-y-carlos-alvarez","tag-victor-neira"],"_links":{"self":[{"href":"https:\/\/www.turistamagazine.com\/v2\/index.php?rest_route=\/wp\/v2\/posts\/35995","targetHints":{"allow":["GET"]}}],"collection":[{"href":"https:\/\/www.turistamagazine.com\/v2\/index.php?rest_route=\/wp\/v2\/posts"}],"about":[{"href":"https:\/\/www.turistamagazine.com\/v2\/index.php?rest_route=\/wp\/v2\/types\/post"}],"author":[{"embeddable":true,"href":"https:\/\/www.turistamagazine.com\/v2\/index.php?rest_route=\/wp\/v2\/users\/1"}],"replies":[{"embeddable":true,"href":"https:\/\/www.turistamagazine.com\/v2\/index.php?rest_route=%2Fwp%2Fv2%2Fcomments&post=35995"}],"version-history":[{"count":4,"href":"https:\/\/www.turistamagazine.com\/v2\/index.php?rest_route=\/wp\/v2\/posts\/35995\/revisions"}],"predecessor-version":[{"id":36001,"href":"https:\/\/www.turistamagazine.com\/v2\/index.php?rest_route=\/wp\/v2\/posts\/35995\/revisions\/36001"}],"wp:featuredmedia":[{"embeddable":true,"href":"https:\/\/www.turistamagazine.com\/v2\/index.php?rest_route=\/wp\/v2\/media\/35997"}],"wp:attachment":[{"href":"https:\/\/www.turistamagazine.com\/v2\/index.php?rest_route=%2Fwp%2Fv2%2Fmedia&parent=35995"}],"wp:term":[{"taxonomy":"category","embeddable":true,"href":"https:\/\/www.turistamagazine.com\/v2\/index.php?rest_route=%2Fwp%2Fv2%2Fcategories&post=35995"},{"taxonomy":"post_tag","embeddable":true,"href":"https:\/\/www.turistamagazine.com\/v2\/index.php?rest_route=%2Fwp%2Fv2%2Ftags&post=35995"}],"curies":[{"name":"wp","href":"https:\/\/api.w.org\/{rel}","templated":true}]}}