{"id":35940,"date":"2018-07-19T17:05:38","date_gmt":"2018-07-19T22:05:38","guid":{"rendered":"http:\/\/www.turistamagazine.com\/v2\/?p=35940"},"modified":"2018-07-19T17:05:38","modified_gmt":"2018-07-19T22:05:38","slug":"trabalandia","status":"publish","type":"post","link":"https:\/\/www.turistamagazine.com\/v2\/?p=35940","title":{"rendered":"TRABALANDIA"},"content":{"rendered":"<p>Por Antero Flores-Araoz*<\/p>\n<p style=\"text-align: justify;\">En nuestro pa\u00eds Per\u00fa, somos bastante ingeniosos en lo que se refiere a poner calificativos a situaciones, hechos y conductas controversiales qu\u00e9, en el fondo, implican cierto humor negro, pero sin lugar a duda expresan la insatisfacci\u00f3n, e incluso molestia ciudadana, frente a un Estado incapaz de resolver problemas, antes bien, los crea o los agrava.<\/p>\n<p style=\"text-align: justify;\">A quienes ejercen autoridad complicando las cosas en lugar de simplificarlas y resolverlas, considerando adem\u00e1s que se llevan su sueldo sin mayor esfuerzo, les llamamos <em><strong><span style=\"color: #000080;\">\u201ccome echados\u201d<\/span><\/strong><\/em> aunque en un acoplamiento muy singular como es la palabra <span style=\"color: #000080;\"><em><strong>\u201ccomechado\u201d<\/strong><\/em><\/span>.<\/p>\n<p style=\"text-align: justify;\">Un poco como burla y cr\u00edtica a la vez se acu\u00f1\u00f3 la pomposa expresi\u00f3n <em><strong><span style=\"color: #000080;\">\u201ctramitolog\u00eda\u201d<\/span><\/strong><\/em>, la que parecer\u00eda salida de las esferas acad\u00e9micas, aunque muy probablemente solo de la sabidur\u00eda popular, para resumir en una sola palabra los onerosos, morosos y muchas veces sin sentido ni motivo, tr\u00e1mites diversos ante las reparticiones p\u00fablicas que hacen la vida a cuadritos al ciudadano com\u00fan y corriente.<\/p>\n<p style=\"text-align: justify;\">Pero a la <em><strong><span style=\"color: #000080;\">\u201ctramitolog\u00eda\u201d y al \u201ccomechado\u201d<\/span><\/strong><\/em> lo ha superado el t\u00e9rmino <em><strong><span style=\"color: #000080;\">\u201cTrabalandia\u201d<\/span><\/strong><\/em> como alternativa para acordarnos de nuestro querido, Per\u00fa.\u00a0 Lo escuch\u00e9 en un nuevo programa televisivo dirigido a los peque\u00f1os emprendedores, que son quienes m\u00e1s sufren la <em><strong><span style=\"color: #000080;\">\u201ctramitolog\u00eda\u201d<\/span><\/strong><\/em> impuesta por <em><strong><span style=\"color: #000080;\">\u201ccomechados\u201d<\/span><\/strong><\/em> en nuestro muy querido, complicado y hasta inentendible pa\u00eds.<\/p>\n<p style=\"text-align: justify;\">Dec\u00edamos que los peque\u00f1os empresarios son los m\u00e1s afectados por la <em><strong><span style=\"color: #000080;\">\u201ctramitolog\u00eda\u201d<\/span><\/strong><\/em> y, ello principalmente por varias razones, como son su falta de agremiaci\u00f3n suficiente para cautelar, cuando no defender, sus derechos colectivos agraviados diariamente por una burocracia indolente que hasta se torna abusiva. Tambi\u00e9n por cuanto por su tama\u00f1o reducido que no les permite asumir costos complementarios de buenos contadores y abogados que conozcan los recovecos de la administraci\u00f3n y c\u00f3mo afrontarlos exitosamente.<\/p>\n<p style=\"text-align: justify;\">Muchos peque\u00f1os y microempresarios creen que la tramitolog\u00eda solo los afecta a ellos, pero no a los grandes empresarios.\u00a0 En esto no tienen la raz\u00f3n,<em><strong><span style=\"color: #000080;\"> a todos afecta la tramitolog\u00eda que parecer\u00eda planificada en un aquelarre. M\u00e1s a\u00fan, dar\u00eda la impresi\u00f3n que la tramitolog\u00eda abusiva y tonta, es directamente proporcional al tama\u00f1o empresarial.<\/span><\/strong><\/em><\/p>\n<p style=\"text-align: justify;\">Por ejemplo se dice reiterativamente desde el aparato estatal que grandes empresas no pagan sus tributos a tiempo, cuando lo real es que quien no resuelve a tiempo las reclamaciones es la autoridad tributaria, que por su retardo genera intereses que son mucho mayores que el tributo reclamado.<\/p>\n<p style=\"text-align: justify;\">Se supone que queremos un pa\u00eds moderno y comunicado, pero se ponen trabas y zancadillas para la autorizaci\u00f3n de las antenas necesarias para las telecomunicaciones m\u00f3viles y satelitales.<\/p>\n<p style=\"text-align: justify;\"><em><strong><span style=\"color: #000080;\">Tambi\u00e9n se produce leche enriquecida, vitaminizada y complementada con otros nutrientes, pero le ponen impedimentos para su promoci\u00f3n y etiquetado.<\/span><\/strong><\/em><\/p>\n<p style=\"text-align: justify;\">Va otro ejemplo, como es el romper modelos de negocios en que las exhibiciones cinematogr\u00e1ficas, que son servicio, se les adiciona algunos alimentos y golosinas, principalmente la ya famosa <em><strong><span style=\"color: #000080;\">\u201ccanchita\u201d<\/span><\/strong><\/em> por tozudez de INDECOPI. <em><strong><span style=\"color: #000080;\">Encima algunos desubicados que desconocen nuestro modelo de econom\u00eda social de mercado, pretenden controlar precios a los medicamentos, con lo cual volver\u00edamos a las famosas y felizmente superadas colas, salvo que sean \u00e9mulos de la dupla Ch\u00e1vez-Maduro.<\/span><\/strong><\/em><\/p>\n<p style=\"text-align: justify;\"><em><strong><span style=\"color: #000080;\">Podr\u00edamos seguir con much\u00edsimos otros ejemplos, como los de la publicidad estatal en medios privados, pero la verdad es que no queremos hacer m\u00e1s bilis.<\/span><\/strong><\/em><\/p>\n<p>&nbsp;<\/p>\n<p>*<strong>\u00a0<\/strong><strong>Reconocido jurista y\u00a0pol\u00edtico\u00a0peruano<\/strong><strong>\u00a0<\/strong><strong>Fundador del partido\u00a0<u>ORDEN<\/u><\/strong><\/p>\n<p>Ha sido Diputado, Constituyente y Congresista de la Rep\u00fablica del Per\u00fa, siempre de la mano del Partido Popular Cristiano. En el 2004, fue electo como Presidente del Congreso entre otros importantes cargos diplom\u00e1ticos.<\/p>\n<p><strong>La Direcci\u00f3n no se solidariza necesariamente con la opini\u00f3n de sus colaboradores<\/strong><\/p>\n","protected":false},"excerpt":{"rendered":"<p>Por Antero Flores-Araoz* En nuestro pa\u00eds Per\u00fa, somos bastante ingeniosos en lo que se refiere a poner calificativos a situaciones, hechos y conductas controversiales qu\u00e9, en el fondo, implican cierto humor negro, pero sin lugar a duda expresan la insatisfacci\u00f3n, e incluso molestia ciudadana, frente a un Estado incapaz de resolver problemas, antes bien, los crea o los agrava. A quienes ejercen autoridad complicando las cosas en lugar de simplificarlas y resolverlas, considerando adem\u00e1s que se llevan su sueldo sin mayor esfuerzo, les llamamos \u201ccome echados\u201d aunque en un acoplamiento muy singular como es la palabra \u201ccomechado\u201d. Un poco como&#8230;<\/p>\n","protected":false},"author":1,"featured_media":0,"comment_status":"open","ping_status":"open","sticky":false,"template":"","format":"standard","meta":{"footnotes":""},"categories":[87],"tags":[1956,6132,749],"class_list":["post-35940","post","type-post","status-publish","format-standard","hentry","category-actualidad","tag-antero-flores-araoz","tag-portal-de-noticias-turistamagazine","tag-turistamagazine"],"_links":{"self":[{"href":"https:\/\/www.turistamagazine.com\/v2\/index.php?rest_route=\/wp\/v2\/posts\/35940","targetHints":{"allow":["GET"]}}],"collection":[{"href":"https:\/\/www.turistamagazine.com\/v2\/index.php?rest_route=\/wp\/v2\/posts"}],"about":[{"href":"https:\/\/www.turistamagazine.com\/v2\/index.php?rest_route=\/wp\/v2\/types\/post"}],"author":[{"embeddable":true,"href":"https:\/\/www.turistamagazine.com\/v2\/index.php?rest_route=\/wp\/v2\/users\/1"}],"replies":[{"embeddable":true,"href":"https:\/\/www.turistamagazine.com\/v2\/index.php?rest_route=%2Fwp%2Fv2%2Fcomments&post=35940"}],"version-history":[{"count":1,"href":"https:\/\/www.turistamagazine.com\/v2\/index.php?rest_route=\/wp\/v2\/posts\/35940\/revisions"}],"predecessor-version":[{"id":35941,"href":"https:\/\/www.turistamagazine.com\/v2\/index.php?rest_route=\/wp\/v2\/posts\/35940\/revisions\/35941"}],"wp:attachment":[{"href":"https:\/\/www.turistamagazine.com\/v2\/index.php?rest_route=%2Fwp%2Fv2%2Fmedia&parent=35940"}],"wp:term":[{"taxonomy":"category","embeddable":true,"href":"https:\/\/www.turistamagazine.com\/v2\/index.php?rest_route=%2Fwp%2Fv2%2Fcategories&post=35940"},{"taxonomy":"post_tag","embeddable":true,"href":"https:\/\/www.turistamagazine.com\/v2\/index.php?rest_route=%2Fwp%2Fv2%2Ftags&post=35940"}],"curies":[{"name":"wp","href":"https:\/\/api.w.org\/{rel}","templated":true}]}}