{"id":35937,"date":"2018-07-19T16:57:14","date_gmt":"2018-07-19T21:57:14","guid":{"rendered":"http:\/\/www.turistamagazine.com\/v2\/?p=35937"},"modified":"2018-07-19T16:57:14","modified_gmt":"2018-07-19T21:57:14","slug":"turistas-y-visitantes-disfrutaran-de-show-folclorico-en-aeropuerto-jorge-chavez","status":"publish","type":"post","link":"https:\/\/www.turistamagazine.com\/v2\/?p=35937","title":{"rendered":"TURISTAS Y VISITANTES DISFRUTAR\u00c1N DE SHOW FOLCL\u00d3RICO EN AEROPUERTO JORGE CH\u00c1VEZ"},"content":{"rendered":"<p style=\"text-align: justify;\">19\/07\/2018\/Lima.- Por s\u00e9ptimo a\u00f1o consecutivo, Lima Airport Partners -operador del aeropuerto internacional Jorge Ch\u00e1vez- se une a las celebraciones por Fiestas Patrias con la presentaci\u00f3n de un show folcl\u00f3rico en vivo para turistas y visitantes.<\/p>\n<p style=\"text-align: justify;\">Las celebraciones ser\u00e1n los d\u00edas lunes 23, jueves 26 y s\u00e1bado 28 de julio de 7:00 am a 9:00 am, en el que cada d\u00eda se presentar\u00e1 una agrupaci\u00f3n en las diversas instalaciones del terminal a\u00e9reo.<\/p>\n<p style=\"text-align: justify;\">Estar\u00e1n presentes el grupo <em><strong><span style=\"color: #333399;\">\u201cLa Carimba\u201d<\/span><\/strong><\/em> del Callao, agrupaci\u00f3n j\u00f3venes del Callao de danza afro, perteneciente a la Direcci\u00f3n del Ministerio de Cultura del mismo distrito; el reconocido bailar\u00edn, percusionista y zapateador Antonio V\u00edlchez; y el grupo <em><strong><span style=\"color: #333399;\">\u201cLinaje Peruano\u201d<\/span><\/strong><\/em>, reconocido a nivel nacional e internacional.<\/p>\n<p style=\"text-align: justify;\"><em><strong><span style=\"color: #333399;\">\u201cCon motivo de Fiestas Patrias, son muchas las personas que optan por viajar. Ya sean peruanos o extranjeros, el aeropuerto recibe una gran cantidad de visitantes durante estas fechas. Por ello buscamos sorprender a los usuarios con las mejores propuestas art\u00edsticas. En ese sentido, para este mes patrio, todos podr\u00e1n disfrutar del show y conocer un poco m\u00e1s sobre la historia y tradici\u00f3n que tenemos como pa\u00eds\u201d,<\/span><\/strong><\/em> se\u00f1al\u00f3 Roc\u00edo Espinoza, jefe de Imagen y Comunicaciones de Lima Airport Partners.<\/p>\n<p style=\"text-align: justify;\">Las celebraciones en el Jorge Ch\u00e1vez comenzar\u00e1n el lunes 23 de julio con el grupo <span style=\"color: #333399;\"><strong><em>\u201cLa Carimba\u201d<\/em><\/strong>,<\/span> con quienes podr\u00e1n disfrutar y bailar lo mejor de la m\u00fasica afro. Como antesala a las fiestas, el jueves 26 de julio, Antonio Vilchez llegar\u00e1 al aeropuerto para poner a bailar a todos con su inigualable zapateo.<\/p>\n<p style=\"text-align: justify;\">Finalmente, durante el 28 de julio, <strong><em><span style=\"color: #003366;\"><span style=\"color: #333399;\">\u201cLinaje Peruano\u201d<\/span>,<\/span><\/em><\/strong> deleitar\u00e1 a los pasajeros y visitantes con las mejores danzas de su repertorio. Todos los shows estar\u00e1n disponibles para todos los usuarios del aeropuerto, tanto de las zonas p\u00fablicas como restringidas.<\/p>\n","protected":false},"excerpt":{"rendered":"<p>19\/07\/2018\/Lima.- Por s\u00e9ptimo a\u00f1o consecutivo, Lima Airport Partners -operador del aeropuerto internacional Jorge Ch\u00e1vez- se une a las celebraciones por Fiestas Patrias con la presentaci\u00f3n de un show folcl\u00f3rico en vivo para turistas y visitantes. Las celebraciones ser\u00e1n los d\u00edas lunes 23, jueves 26 y s\u00e1bado 28 de julio de 7:00 am a 9:00 am, en el que cada d\u00eda se presentar\u00e1 una agrupaci\u00f3n en las diversas instalaciones del terminal a\u00e9reo. Estar\u00e1n presentes el grupo \u201cLa Carimba\u201d del Callao, agrupaci\u00f3n j\u00f3venes del Callao de danza afro, perteneciente a la Direcci\u00f3n del Ministerio de Cultura del mismo distrito; el reconocido bailar\u00edn,&#8230;<\/p>\n","protected":false},"author":1,"featured_media":35938,"comment_status":"open","ping_status":"open","sticky":false,"template":"","format":"standard","meta":{"footnotes":""},"categories":[4,82],"tags":[166,2330,321,340,6132,749],"class_list":["post-35937","post","type-post","status-publish","format-standard","has-post-thumbnail","hentry","category-breaking-news","category-nacionales","tag-aeropuerto-internacional-jorge-chavez","tag-fiestas-patrias","tag-lima","tag-peru","tag-portal-de-noticias-turistamagazine","tag-turistamagazine"],"_links":{"self":[{"href":"https:\/\/www.turistamagazine.com\/v2\/index.php?rest_route=\/wp\/v2\/posts\/35937","targetHints":{"allow":["GET"]}}],"collection":[{"href":"https:\/\/www.turistamagazine.com\/v2\/index.php?rest_route=\/wp\/v2\/posts"}],"about":[{"href":"https:\/\/www.turistamagazine.com\/v2\/index.php?rest_route=\/wp\/v2\/types\/post"}],"author":[{"embeddable":true,"href":"https:\/\/www.turistamagazine.com\/v2\/index.php?rest_route=\/wp\/v2\/users\/1"}],"replies":[{"embeddable":true,"href":"https:\/\/www.turistamagazine.com\/v2\/index.php?rest_route=%2Fwp%2Fv2%2Fcomments&post=35937"}],"version-history":[{"count":1,"href":"https:\/\/www.turistamagazine.com\/v2\/index.php?rest_route=\/wp\/v2\/posts\/35937\/revisions"}],"predecessor-version":[{"id":35939,"href":"https:\/\/www.turistamagazine.com\/v2\/index.php?rest_route=\/wp\/v2\/posts\/35937\/revisions\/35939"}],"wp:featuredmedia":[{"embeddable":true,"href":"https:\/\/www.turistamagazine.com\/v2\/index.php?rest_route=\/wp\/v2\/media\/35938"}],"wp:attachment":[{"href":"https:\/\/www.turistamagazine.com\/v2\/index.php?rest_route=%2Fwp%2Fv2%2Fmedia&parent=35937"}],"wp:term":[{"taxonomy":"category","embeddable":true,"href":"https:\/\/www.turistamagazine.com\/v2\/index.php?rest_route=%2Fwp%2Fv2%2Fcategories&post=35937"},{"taxonomy":"post_tag","embeddable":true,"href":"https:\/\/www.turistamagazine.com\/v2\/index.php?rest_route=%2Fwp%2Fv2%2Ftags&post=35937"}],"curies":[{"name":"wp","href":"https:\/\/api.w.org\/{rel}","templated":true}]}}