{"id":35922,"date":"2018-07-19T15:30:16","date_gmt":"2018-07-19T20:30:16","guid":{"rendered":"http:\/\/www.turistamagazine.com\/v2\/?p=35922"},"modified":"2018-07-19T15:31:44","modified_gmt":"2018-07-19T20:31:44","slug":"grupo-viva-air-se-fortalecio-en-la-region-y-avanzo-en-su-plan-de-expansion-en-latinoamerica-en-los-primeros-meses-del-2018","status":"publish","type":"post","link":"https:\/\/www.turistamagazine.com\/v2\/?p=35922","title":{"rendered":"GRUPO VIVA AIR SE FORTALECI\u00d3 EN LA REGI\u00d3N Y AVANZ\u00d3 EN SU PLAN DE EXPANSI\u00d3N EN LATINOAM\u00c9RICA EN\u00a0 LOS PRIMEROS MESES DEL 2018."},"content":{"rendered":"<p style=\"text-align: justify;\">19\/07\/2018\/ Lima.- En el marco de las celebraciones patrias, Viva Air, el grupo l\u00edder de aerol\u00edneas de bajo costo en Latinoam\u00e9rica, dio a conocer un balance de su operaci\u00f3n en el que evidencia que entre enero y junio de este a\u00f1o, <span style=\"color: #000080;\"><strong><em>ha transportado alrededor de 1.9 millones de clientes en sus 20 rutas; con m\u00e1s de 311 mil pasajeros en Per\u00fa, donde con tan solo un a\u00f1o de operaci\u00f3n, se aprecia un fuerte crecimiento en n\u00famero de clientes transportados con un 46% frente al a\u00f1o anterior. Con respecto al mercado colombiano, se transportaron m\u00e1s de 1.5 millones de pasajeros. <\/em><\/strong><\/span><\/p>\n<p style=\"text-align: justify;\">Adicionalmente, el objetivo de la compa\u00f1\u00eda se ha centrado en avanzar en su consolidaci\u00f3n en Per\u00fa, mientras estabiliza la operaci\u00f3n en Colombia. Es importante destacar la mejora significativa en la puntualidad de sus vuelos en este primer semestre, alcanzando un acumulado del 77% en Per\u00fa y del 87% en Colombia; un incremento del 51% y 15% respectivamente, en comparaci\u00f3n al mismo per\u00edodo del a\u00f1o anterior*.<\/p>\n<p style=\"text-align: justify;\"><span style=\"color: #000080;\"><strong><em>Cabe destacar que por cuatro meses consecutivos, ambas aerol\u00edneas, seg\u00fan OAG (Official Aviation Guide of the Airways) han sido las m\u00e1s puntuales dentro del ranking \u201cVuelos puntuales en Am\u00e9rica Latina y el Caribe\u201d<\/em><\/strong><\/span> seg\u00fan los vuelos que salen o llegan dentro de los primeros 15 minutos de su horario estipulado.<\/p>\n<p><a href=\"https:\/\/www.turistamagazine.com\/v2\/wp-content\/uploads\/2018\/05\/Foto-F\u00e9lix-Antelo.jpg\"><img decoding=\"async\" class=\"alignleft wp-image-35076 size-medium\" src=\"https:\/\/www.turistamagazine.com\/v2\/wp-content\/uploads\/2018\/05\/Foto-F\u00e9lix-Antelo-300x288.jpg\" alt=\"\" width=\"300\" height=\"288\" srcset=\"https:\/\/www.turistamagazine.com\/v2\/wp-content\/uploads\/2018\/05\/Foto-F\u00e9lix-Antelo-300x288.jpg 300w, https:\/\/www.turistamagazine.com\/v2\/wp-content\/uploads\/2018\/05\/Foto-F\u00e9lix-Antelo-438x420.jpg 438w, https:\/\/www.turistamagazine.com\/v2\/wp-content\/uploads\/2018\/05\/Foto-F\u00e9lix-Antelo.jpg 625w\" sizes=\"(max-width: 300px) 100vw, 300px\" \/><\/a><\/p>\n<p style=\"text-align: justify;\"><strong><em><span style=\"color: #000080;\">\u201cEn Viva tenemos claros los objetivos y lo vemos en estos resultados tan positivos. Estamos ansiosos y muy contentos de empezar a recibir los 50 aviones nuevos en el tercer y cuarto trimestre de este a\u00f1o, que nos permitir\u00e1 crecer como grupo cuatro veces m\u00e1s en los pr\u00f3ximos cinco a\u00f1os. Latinoam\u00e9rica y el turismo se ver\u00e1n beneficiados con la generaci\u00f3n de 30 mil nuevos empleos, gracias a la expansi\u00f3n del modelo en la regi\u00f3n\u201d<\/span>,<\/em><\/strong> dijo F\u00e9lix Antelo, Presidente del grupo.<\/p>\n<p style=\"text-align: justify;\">Viva Air espera cerrar este a\u00f1o con un total de 940 mil pasajeros transportados en Per\u00fa y 3.5 millones en Colombia, las primeras rutas internacionales de Viva Air Per\u00fa desde Lima hacia Bogot\u00e1 y Medell\u00edn, 7 aeronaves nuevas para un total de 19 aviones y la apertura de su tercera base en Colombia: Santa Marta, la conectividad del Paisaje Cultural Cafetero con su nueva ruta hacia Cartago.(\u2026)<\/p>\n<p style=\"text-align: justify;\">* Para Per\u00fa se comparan \u00fanicamente los meses de mayo y junio de 2017 con el mismo per\u00edodo de 2018, ya que antes de mayo de 2017 la aerol\u00ednea no contaba con operaciones. Para Colombia se compara de enero a junio de 2017 contra el mismo periodo de 2018.<\/p>\n","protected":false},"excerpt":{"rendered":"<p>19\/07\/2018\/ Lima.- En el marco de las celebraciones patrias, Viva Air, el grupo l\u00edder de aerol\u00edneas de bajo costo en Latinoam\u00e9rica, dio a conocer un balance de su operaci\u00f3n en el que evidencia que entre enero y junio de este a\u00f1o, ha transportado alrededor de 1.9 millones de clientes en sus 20 rutas; con m\u00e1s de 311 mil pasajeros en Per\u00fa, donde con tan solo un a\u00f1o de operaci\u00f3n, se aprecia un fuerte crecimiento en n\u00famero de clientes transportados con un 46% frente al a\u00f1o anterior. Con respecto al mercado colombiano, se transportaron m\u00e1s de 1.5 millones de pasajeros. Adicionalmente,&#8230;<\/p>\n","protected":false},"author":1,"featured_media":0,"comment_status":"open","ping_status":"open","sticky":false,"template":"","format":"standard","meta":{"footnotes":""},"categories":[4,82],"tags":[624,6132,749,6859],"class_list":["post-35922","post","type-post","status-publish","format-standard","hentry","category-breaking-news","category-nacionales","tag-felix-antelo","tag-portal-de-noticias-turistamagazine","tag-turistamagazine","tag-viva-air-peru"],"_links":{"self":[{"href":"https:\/\/www.turistamagazine.com\/v2\/index.php?rest_route=\/wp\/v2\/posts\/35922","targetHints":{"allow":["GET"]}}],"collection":[{"href":"https:\/\/www.turistamagazine.com\/v2\/index.php?rest_route=\/wp\/v2\/posts"}],"about":[{"href":"https:\/\/www.turistamagazine.com\/v2\/index.php?rest_route=\/wp\/v2\/types\/post"}],"author":[{"embeddable":true,"href":"https:\/\/www.turistamagazine.com\/v2\/index.php?rest_route=\/wp\/v2\/users\/1"}],"replies":[{"embeddable":true,"href":"https:\/\/www.turistamagazine.com\/v2\/index.php?rest_route=%2Fwp%2Fv2%2Fcomments&post=35922"}],"version-history":[{"count":3,"href":"https:\/\/www.turistamagazine.com\/v2\/index.php?rest_route=\/wp\/v2\/posts\/35922\/revisions"}],"predecessor-version":[{"id":35926,"href":"https:\/\/www.turistamagazine.com\/v2\/index.php?rest_route=\/wp\/v2\/posts\/35922\/revisions\/35926"}],"wp:attachment":[{"href":"https:\/\/www.turistamagazine.com\/v2\/index.php?rest_route=%2Fwp%2Fv2%2Fmedia&parent=35922"}],"wp:term":[{"taxonomy":"category","embeddable":true,"href":"https:\/\/www.turistamagazine.com\/v2\/index.php?rest_route=%2Fwp%2Fv2%2Fcategories&post=35922"},{"taxonomy":"post_tag","embeddable":true,"href":"https:\/\/www.turistamagazine.com\/v2\/index.php?rest_route=%2Fwp%2Fv2%2Ftags&post=35922"}],"curies":[{"name":"wp","href":"https:\/\/api.w.org\/{rel}","templated":true}]}}