{"id":35906,"date":"2018-07-17T19:15:58","date_gmt":"2018-07-18T00:15:58","guid":{"rendered":"http:\/\/www.turistamagazine.com\/v2\/?p=35906"},"modified":"2018-07-17T19:15:58","modified_gmt":"2018-07-18T00:15:58","slug":"canatur-a-favor-de-la-construccion-de-un-teleferico-en-el-santuario-historico-de-machu-picchu","status":"publish","type":"post","link":"https:\/\/www.turistamagazine.com\/v2\/?p=35906","title":{"rendered":"CANATUR\u00a0 A FAVOR DE LA CONSTRUCCI\u00d3N DE UN TELEF\u00c9RICO EN EL SANTUARIO HIST\u00d3RICO DE MACHU PICCHU"},"content":{"rendered":"<p style=\"text-align: justify;\">17\/07\/2018\/ Lima.- De otra parte, el titular de Canatur expres\u00f3 su preocupaci\u00f3n por la actual gesti\u00f3n del Santuario Hist\u00f3rico de Machu Picchu que es el principal \u00edcono tur\u00edstico, patrimonial y social que se encuentra al borde del colapso.<\/p>\n<p style=\"text-align: justify;\"><strong><em><span style=\"color: #000080;\">\u201cSe requiere un consenso inmediato sobre la mejor soluci\u00f3n t\u00e9cnica para el acceso, que asegure la mejor conservaci\u00f3n del monumento y de su entorno natural y que permita ordenar la visita con la debida interpretaci\u00f3n previa. Sobre el particular, Canatur est\u00e1 trabajando en eso\u201d<\/span><\/em><\/strong>, declar\u00f3.<\/p>\n<p style=\"text-align: justify;\">Recientemente, el gremio empresarial se pronunci\u00f3 a favor de la construcci\u00f3n de un telef\u00e9rico en Machu Picchu y un centro de interpretaci\u00f3n del Santuario, proyectos que provienen de la propia municipalidad distrital.<\/p>\n","protected":false},"excerpt":{"rendered":"<p>17\/07\/2018\/ Lima.- De otra parte, el titular de Canatur expres\u00f3 su preocupaci\u00f3n por la actual gesti\u00f3n del Santuario Hist\u00f3rico de Machu Picchu que es el principal \u00edcono tur\u00edstico, patrimonial y social que se encuentra al borde del colapso. \u201cSe requiere un consenso inmediato sobre la mejor soluci\u00f3n t\u00e9cnica para el acceso, que asegure la mejor conservaci\u00f3n del monumento y de su entorno natural y que permita ordenar la visita con la debida interpretaci\u00f3n previa. Sobre el particular, Canatur est\u00e1 trabajando en eso\u201d, declar\u00f3. Recientemente, el gremio empresarial se pronunci\u00f3 a favor de la construcci\u00f3n de un telef\u00e9rico en Machu Picchu&#8230;<\/p>\n","protected":false},"author":1,"featured_media":0,"comment_status":"open","ping_status":"open","sticky":false,"template":"","format":"standard","meta":{"footnotes":""},"categories":[4,82],"tags":[167,8234,330,749],"class_list":["post-35906","post","type-post","status-publish","format-standard","hentry","category-breaking-news","category-nacionales","tag-canatur","tag-teleferico-a-machu-picchu","tag-turismo-en-el-peru","tag-turistamagazine"],"_links":{"self":[{"href":"https:\/\/www.turistamagazine.com\/v2\/index.php?rest_route=\/wp\/v2\/posts\/35906","targetHints":{"allow":["GET"]}}],"collection":[{"href":"https:\/\/www.turistamagazine.com\/v2\/index.php?rest_route=\/wp\/v2\/posts"}],"about":[{"href":"https:\/\/www.turistamagazine.com\/v2\/index.php?rest_route=\/wp\/v2\/types\/post"}],"author":[{"embeddable":true,"href":"https:\/\/www.turistamagazine.com\/v2\/index.php?rest_route=\/wp\/v2\/users\/1"}],"replies":[{"embeddable":true,"href":"https:\/\/www.turistamagazine.com\/v2\/index.php?rest_route=%2Fwp%2Fv2%2Fcomments&post=35906"}],"version-history":[{"count":1,"href":"https:\/\/www.turistamagazine.com\/v2\/index.php?rest_route=\/wp\/v2\/posts\/35906\/revisions"}],"predecessor-version":[{"id":35907,"href":"https:\/\/www.turistamagazine.com\/v2\/index.php?rest_route=\/wp\/v2\/posts\/35906\/revisions\/35907"}],"wp:attachment":[{"href":"https:\/\/www.turistamagazine.com\/v2\/index.php?rest_route=%2Fwp%2Fv2%2Fmedia&parent=35906"}],"wp:term":[{"taxonomy":"category","embeddable":true,"href":"https:\/\/www.turistamagazine.com\/v2\/index.php?rest_route=%2Fwp%2Fv2%2Fcategories&post=35906"},{"taxonomy":"post_tag","embeddable":true,"href":"https:\/\/www.turistamagazine.com\/v2\/index.php?rest_route=%2Fwp%2Fv2%2Ftags&post=35906"}],"curies":[{"name":"wp","href":"https:\/\/api.w.org\/{rel}","templated":true}]}}