{"id":35680,"date":"2018-07-04T10:10:15","date_gmt":"2018-07-04T15:10:15","guid":{"rendered":"http:\/\/www.turistamagazine.com\/v2\/?p=35680"},"modified":"2018-07-04T10:23:43","modified_gmt":"2018-07-04T15:23:43","slug":"pronunciamiento-de-canaturla-estimacion-costo-beneficio-del-dakar-debe-ser-publica","status":"publish","type":"post","link":"https:\/\/www.turistamagazine.com\/v2\/?p=35680","title":{"rendered":"PRONUNCIAMIENTO DE CANATUR\/LA ESTIMACI\u00d3N COSTO- BENEFICIO DEL DAKAR DEBE SER P\u00daBLICA  \u00a0"},"content":{"rendered":"<p><strong>\u00a0<\/strong>El Consejo Ejecutivo de <strong>CANATUR<\/strong>, frente a la declaraci\u00f3n del Rally Dakar en 2019 como Evento de Inter\u00e9s Nacional, considera necesario se\u00f1alar lo siguiente:<\/p>\n<ol>\n<li>Estamos a favor de todo evento que contribuya a realzar la imagen del pa\u00eds como destino tur\u00edstico.<\/li>\n<li>Del mismo modo, creemos que las prioridades del gasto p\u00fablico, m\u00e1s aun en circunstancias que aconsejan su restricci\u00f3n, deben establecerse con base en una ponderaci\u00f3n entre el costo y el beneficio que cada concepto representa.<\/li>\n<li>Por esta raz\u00f3n, y por principio de transparencia, consideramos indispensable que la estimaci\u00f3n costo\u00a0 &#8211;\u00a0 beneficio- del Dakar 2019 sea de conocimiento p\u00fablico.<\/li>\n<li>Esta obligaci\u00f3n se incrementa, si como todo indica es cierto, cuando la partida principalmente afectada es la del Sector Educaci\u00f3n, v\u00eda el Instituto Peruano del Deporte.<\/li>\n<li>La educaci\u00f3n es una indiscutible prioridad nacional y debe establecerse m\u00e1s all\u00e1 de toda duda la ventaja para el pa\u00eds de derivar presupuestos de educaci\u00f3n y promoci\u00f3n del deporte hacia la realizaci\u00f3n Rally Dakar 2019.<\/li>\n<\/ol>\n<p><strong><em><span style=\"color: #000080;\">En la seguridad de que el Estado Peruano dispone de informaci\u00f3n consistente para justificar la decisi\u00f3n adoptada, confiamos en su pronta y pertinente comunicaci\u00f3n al pa\u00eds.<\/span><\/em><\/strong><\/p>\n<p><strong>Miraflores, 04 de julio de 2018<\/strong><\/p>\n<p><strong>C\u00e1mara Nacional de Turismo<\/strong><\/p>\n<p>&nbsp;<\/p>\n<p>&nbsp;<\/p>\n","protected":false},"excerpt":{"rendered":"<p>\u00a0El Consejo Ejecutivo de CANATUR, frente a la declaraci\u00f3n del Rally Dakar en 2019 como Evento de Inter\u00e9s Nacional, considera necesario se\u00f1alar lo siguiente: Estamos a favor de todo evento que contribuya a realzar la imagen del pa\u00eds como destino tur\u00edstico. Del mismo modo, creemos que las prioridades del gasto p\u00fablico, m\u00e1s aun en circunstancias que aconsejan su restricci\u00f3n, deben establecerse con base en una ponderaci\u00f3n entre el costo y el beneficio que cada concepto representa. Por esta raz\u00f3n, y por principio de transparencia, consideramos indispensable que la estimaci\u00f3n costo\u00a0 &#8211;\u00a0 beneficio- del Dakar 2019 sea de conocimiento p\u00fablico. Esta&#8230;<\/p>\n","protected":false},"author":1,"featured_media":0,"comment_status":"open","ping_status":"open","sticky":false,"template":"","format":"standard","meta":{"footnotes":""},"categories":[4,82],"tags":[167,169,1027,6132,749],"class_list":["post-35680","post","type-post","status-publish","format-standard","hentry","category-breaking-news","category-nacionales","tag-canatur","tag-carlos-canales","tag-latinoamerica","tag-portal-de-noticias-turistamagazine","tag-turistamagazine"],"_links":{"self":[{"href":"https:\/\/www.turistamagazine.com\/v2\/index.php?rest_route=\/wp\/v2\/posts\/35680","targetHints":{"allow":["GET"]}}],"collection":[{"href":"https:\/\/www.turistamagazine.com\/v2\/index.php?rest_route=\/wp\/v2\/posts"}],"about":[{"href":"https:\/\/www.turistamagazine.com\/v2\/index.php?rest_route=\/wp\/v2\/types\/post"}],"author":[{"embeddable":true,"href":"https:\/\/www.turistamagazine.com\/v2\/index.php?rest_route=\/wp\/v2\/users\/1"}],"replies":[{"embeddable":true,"href":"https:\/\/www.turistamagazine.com\/v2\/index.php?rest_route=%2Fwp%2Fv2%2Fcomments&post=35680"}],"version-history":[{"count":3,"href":"https:\/\/www.turistamagazine.com\/v2\/index.php?rest_route=\/wp\/v2\/posts\/35680\/revisions"}],"predecessor-version":[{"id":35683,"href":"https:\/\/www.turistamagazine.com\/v2\/index.php?rest_route=\/wp\/v2\/posts\/35680\/revisions\/35683"}],"wp:attachment":[{"href":"https:\/\/www.turistamagazine.com\/v2\/index.php?rest_route=%2Fwp%2Fv2%2Fmedia&parent=35680"}],"wp:term":[{"taxonomy":"category","embeddable":true,"href":"https:\/\/www.turistamagazine.com\/v2\/index.php?rest_route=%2Fwp%2Fv2%2Fcategories&post=35680"},{"taxonomy":"post_tag","embeddable":true,"href":"https:\/\/www.turistamagazine.com\/v2\/index.php?rest_route=%2Fwp%2Fv2%2Ftags&post=35680"}],"curies":[{"name":"wp","href":"https:\/\/api.w.org\/{rel}","templated":true}]}}