{"id":35666,"date":"2018-07-03T18:05:24","date_gmt":"2018-07-03T23:05:24","guid":{"rendered":"http:\/\/www.turistamagazine.com\/v2\/?p=35666"},"modified":"2018-07-03T18:05:24","modified_gmt":"2018-07-03T23:05:24","slug":"le-cordon-bleu-peru-los-invita","status":"publish","type":"post","link":"https:\/\/www.turistamagazine.com\/v2\/?p=35666","title":{"rendered":"LE CORDON BLEU PER\u00da LOS INVITA"},"content":{"rendered":"<p>3\/07\/2018\/Lima.-<span style=\"color: #000080;\"><strong><em> La Escuela de Cata y Sommelier de Le Cordon Bleu Per\u00fa <\/em><\/strong><\/span><em><span style=\"color: #000080;\">los invita a participar de la <strong>Cata de Vinos \u201cConecta tus sentidos\u201d<\/strong><\/span>, a realizarse el pr\u00f3ximo <span style=\"color: #000080;\"><strong>12 de julio<\/strong><\/span> a las 7:00pm en las instalaciones del Instituto Le Cordon Bleu Per\u00fa<\/em><\/p>\n<p><strong><em><span style=\"color: #000080;\">En este taller se trataran los temas \u00a0\u00a0todo lo relacionado al vino es decir<\/span>: <\/em><\/strong><\/p>\n<ul>\n<li><strong>El ABC del Vino<\/strong><\/li>\n<li><strong>Cata de Vinos<\/strong><\/li>\n<\/ul>\n<p><strong><span style=\"color: #000080;\">IMPORTANTE\u00a0<\/span><\/strong><\/p>\n<ul>\n<li><strong style=\"color: #000080;\">Es bueno recordarles que todos los insumos para este taller y Cata de vino est\u00e1n incluidos en la inscripci\u00f3n<\/strong><\/li>\n<li>Fecha\u00a0<strong>12<\/strong><strong> de julio<\/strong><\/li>\n<li>Horario :<strong>07:00 a 10:00 pm<\/strong><\/li>\n<li>Duraci\u00f3n :\u00a0<strong>01 Sesi\u00f3n \u00a0&#8211; 3 horas<\/strong><\/li>\n<li>Dirigido a:\u00a0<strong>P\u00fablico General e interesados en conocer sobre vinos<\/strong><\/li>\n<\/ul>\n<p><strong>Para confirmar<\/strong><strong> inscripci\u00f3n, comun\u00edcate con nosotros al (01) 617-8300 anexo 8300 o env\u00edanos un correo <\/strong><em>a<\/em> <strong><em><u><a href=\"mailto:ana.perez@cordonbleu.edu.pe\">ana.perez@cordonbleu.edu.pe<\/a><\/u><\/em><\/strong><\/p>\n<p>No \u00a0lo deje para ma\u00f1ana inscr\u00edbase ahora ya que \u00a0\u00a0son <span style=\"color: #000080;\"><strong>Cupos Limitados<\/strong><\/span><em><\/p>\n<p><\/em><span style=\"color: #000080;\"><strong>\u00a1Los \u00a0esperamos! \u00a1 NO SE ARREPENTIRA!<\/strong><\/span><\/p>\n","protected":false},"excerpt":{"rendered":"<p>3\/07\/2018\/Lima.- La Escuela de Cata y Sommelier de Le Cordon Bleu Per\u00fa los invita a participar de la Cata de Vinos \u201cConecta tus sentidos\u201d, a realizarse el pr\u00f3ximo 12 de julio a las 7:00pm en las instalaciones del Instituto Le Cordon Bleu Per\u00fa En este taller se trataran los temas \u00a0\u00a0todo lo relacionado al vino es decir: El ABC del Vino Cata de Vinos IMPORTANTE\u00a0 Es bueno recordarles que todos los insumos para este taller y Cata de vino est\u00e1n incluidos en la inscripci\u00f3n Fecha\u00a012 de julio Horario :07:00 a 10:00 pm Duraci\u00f3n :\u00a001 Sesi\u00f3n \u00a0&#8211; 3 horas Dirigido a:\u00a0P\u00fablico&#8230;<\/p>\n","protected":false},"author":1,"featured_media":35667,"comment_status":"open","ping_status":"open","sticky":false,"template":"","format":"standard","meta":{"footnotes":""},"categories":[4,82],"tags":[99,849,6132,749],"class_list":["post-35666","post","type-post","status-publish","format-standard","has-post-thumbnail","hentry","category-breaking-news","category-nacionales","tag-elenita-villar","tag-le-cordon-bleu-peru","tag-portal-de-noticias-turistamagazine","tag-turistamagazine"],"_links":{"self":[{"href":"https:\/\/www.turistamagazine.com\/v2\/index.php?rest_route=\/wp\/v2\/posts\/35666","targetHints":{"allow":["GET"]}}],"collection":[{"href":"https:\/\/www.turistamagazine.com\/v2\/index.php?rest_route=\/wp\/v2\/posts"}],"about":[{"href":"https:\/\/www.turistamagazine.com\/v2\/index.php?rest_route=\/wp\/v2\/types\/post"}],"author":[{"embeddable":true,"href":"https:\/\/www.turistamagazine.com\/v2\/index.php?rest_route=\/wp\/v2\/users\/1"}],"replies":[{"embeddable":true,"href":"https:\/\/www.turistamagazine.com\/v2\/index.php?rest_route=%2Fwp%2Fv2%2Fcomments&post=35666"}],"version-history":[{"count":1,"href":"https:\/\/www.turistamagazine.com\/v2\/index.php?rest_route=\/wp\/v2\/posts\/35666\/revisions"}],"predecessor-version":[{"id":35668,"href":"https:\/\/www.turistamagazine.com\/v2\/index.php?rest_route=\/wp\/v2\/posts\/35666\/revisions\/35668"}],"wp:featuredmedia":[{"embeddable":true,"href":"https:\/\/www.turistamagazine.com\/v2\/index.php?rest_route=\/wp\/v2\/media\/35667"}],"wp:attachment":[{"href":"https:\/\/www.turistamagazine.com\/v2\/index.php?rest_route=%2Fwp%2Fv2%2Fmedia&parent=35666"}],"wp:term":[{"taxonomy":"category","embeddable":true,"href":"https:\/\/www.turistamagazine.com\/v2\/index.php?rest_route=%2Fwp%2Fv2%2Fcategories&post=35666"},{"taxonomy":"post_tag","embeddable":true,"href":"https:\/\/www.turistamagazine.com\/v2\/index.php?rest_route=%2Fwp%2Fv2%2Ftags&post=35666"}],"curies":[{"name":"wp","href":"https:\/\/api.w.org\/{rel}","templated":true}]}}