{"id":35600,"date":"2018-06-29T13:10:59","date_gmt":"2018-06-29T18:10:59","guid":{"rendered":"http:\/\/www.turistamagazine.com\/v2\/?p=35600"},"modified":"2018-07-01T17:28:00","modified_gmt":"2018-07-01T22:28:00","slug":"la-planificacion-del-territorio-turistico","status":"publish","type":"post","link":"https:\/\/www.turistamagazine.com\/v2\/?p=35600","title":{"rendered":"LA PLANIFICACI\u00d3N DEL TERRITORIO TUR\u00cdSTICO"},"content":{"rendered":"<p style=\"text-align: left;\"><span style=\"color: #000080;\"><em>En la planificaci\u00f3n del territorio tur\u00edstico, se tendr\u00e1 presente que <strong>\u201clos recursos tur\u00edsticos pertenecen al patrimonio com\u00fan de La Humanidad. Las comunidades en cuyo territorio\u00a0 se encuentran, tienen con respecto a ellos, derechos y obligaciones particulares\u201d<\/strong> (Del C\u00f3digo \u00c9tico Mundial para el Turismo, de la OMT)<\/em><\/span><\/p>\n<p style=\"text-align: center;\"><strong><span style=\"color: #000080;\">LAS ISLAS CANARIAS Y SU HISTORIA<\/span><\/strong><\/p>\n<p><span style=\"color: #000080;\"><em>Dedicado a mis queridos amigos, <\/em><\/span><\/p>\n<p><span style=\"color: #000080;\"><em>e inolvidables profesores, Juan Alfredo Amig\u00f3,<\/em><\/span><\/p>\n<p><span style=\"color: #000080;\"><em>Jose Luis Olcina, Juan-Julio Fern\u00e1ndez, Pedro Doblado<\/em><\/span><\/p>\n<p><span style=\"color: #000080;\"><em>y Manuel Roca. A la memoria de Jos\u00e9-\u00c1ngel Castro Fari\u00f1as,<\/em><\/span><\/p>\n<p><span style=\"color: #000080;\"><em>todos ilustres actores del acontecimiento rese\u00f1ado. <\/em><\/span><\/p>\n<p>Por Antonio-Pedro Tejera Reyes*<\/p>\n<p><strong><span style=\"color: #000080;\">ANTECEDENTES INOLVIDABLES<\/span><\/strong><\/p>\n<p style=\"text-align: justify;\">Corr\u00eda el a\u00f1o 1974, cuando en las Islas Canarias, se desarroll\u00f3 el <span style=\"color: #000080;\"><strong><em>\u201cI Seminario Internacional de Canarias. La Planificaci\u00f3n del Territorio Tur\u00edstico<\/em><\/strong>\u201d<\/span>, con amplias sesiones en Tenerife y Gran Canaria.<\/p>\n<p style=\"text-align: justify;\">Los antecedentes de este importante acontecimiento estaban fundados en los c\u00e9lebres cursos que anualmente se celebraban en el <em><strong><span style=\"color: #000080;\">CIEST (Centro Internacional de Estudios Tur\u00edsticos, de Tur\u00edn, Italia,<\/span><\/strong><\/em> <span style=\"color: #000080;\"><strong><em>promovidos por la UIOOT, organismo internacional que en 1975 se transform\u00f3 en la Organizaci\u00f3n Mundial del Turismo<\/em><\/strong>,<\/span> as\u00ed como en los que tambi\u00e9n se organizaban en Espa\u00f1a \u2013 en varias regiones tur\u00edsticas \u2013 por el Instituto de Estudios Tur\u00edsticos, del Ministerio de Informaci\u00f3n y Turismo, en la \u00e9poca del recordado <strong><em><span style=\"color: #000080;\">ministro Manuel Fraga Iribarne<\/span>.<\/em><\/strong><\/p>\n<div id=\"attachment_32213\" style=\"width: 610px\" class=\"wp-caption aligncenter\"><a href=\"https:\/\/www.turistamagazine.com\/v2\/wp-content\/uploads\/2017\/11\/10875380-Ramo-de-tulipanes-de-colores-sobre-fondo-blanco-Foto-de-archivo.jpg\"><img decoding=\"async\" aria-describedby=\"caption-attachment-32213\" class=\"wp-image-32213\" src=\"https:\/\/www.turistamagazine.com\/v2\/wp-content\/uploads\/2017\/11\/10875380-Ramo-de-tulipanes-de-colores-sobre-fondo-blanco-Foto-de-archivo.jpg\" alt=\"\" width=\"600\" height=\"623\" \/><\/a><p id=\"caption-attachment-32213\" class=\"wp-caption-text\"><em><span style=\"color: #000080;\">El Excmo. Sr. D. MANUEL FRAGA IRIBARNE, ministro espa\u00f1ol que impulso el desarrollo tur\u00edstico del pa\u00eds, fue condecorado con la insignia de Oro y Brillantes del Centro de Estudios Tur\u00edsticos de Canarias, durante los actos de los cursos de divulgaci\u00f3n tur\u00edstica celebrado en las islas, en los a\u00f1os 1960-70 del pasado siglo, donde fue uno de sus prestigiosos participantes. F\/ Jorge Perdomo.<\/span><\/em><\/p><\/div>\n<p style=\"text-align: justify;\"><strong><em><span style=\"color: #000080;\">En el primero de los casos \u2013 los cursos de la UIOOT \u2013 fue determinante para radicar este proyecto en las Canarias, nuestra propia\u00a0 presencia en ello<\/span><\/em><\/strong>s, <span style=\"color: #000080;\"><strong><em>as\u00ed como la de nuestros insignes profesores, Jean Dekani, Jos\u00e9 Antonio de la Torre Granados y Antonio Cruz Caballero<\/em><\/strong><\/span>, quienes entendimos la oportunidad que se nos brindaba de organizar algo similar en nuestras islas, amparados, adem\u00e1s, en las experiencias recogidas en las cursos espa\u00f1oles mencionados del Instituto de Estudios Tur\u00edsticos, de cuyas experiencias goz\u00e1bamos por haberlos tra\u00eddo inclusive a realizarse en las islas.<\/p>\n<p style=\"text-align: justify;\">Eran unos tiempos en que el desarrollo tur\u00edstico en Canarias estaba en pleno apogeo, y en el cual vimos con toda claridad, como se pod\u00edan convertir ellas en un aut\u00e9ntico laboratorio de ense\u00f1anzas tur\u00edsticas como mas tarde confirmar\u00edamos con actuaciones internacionales que traspasaron las fronteras de las islas, con apoyos internacionales que llegaron a sus mas altas cumbres con la creaci\u00f3n en el a\u00f1o <strong><em><span style=\"color: #000080;\">1999, del Master en Calidad Tur\u00edstica-Ambiental Sostenible y Promoci\u00f3n de La Paz, en convenio con la UPAZ \u2013 Universidad para La Paz \u2013 organismo de las Naciones Unidas<\/span>.<\/em><\/strong><\/p>\n<div id=\"attachment_32438\" style=\"width: 610px\" class=\"wp-caption aligncenter\"><a href=\"https:\/\/www.turistamagazine.com\/v2\/wp-content\/uploads\/2017\/11\/particpantes.jpg\"><img decoding=\"async\" aria-describedby=\"caption-attachment-32438\" class=\"wp-image-32438\" src=\"https:\/\/www.turistamagazine.com\/v2\/wp-content\/uploads\/2017\/11\/particpantes.jpg\" alt=\"\" width=\"600\" height=\"444\" \/><\/a><p id=\"caption-attachment-32438\" class=\"wp-caption-text\"><em><span style=\"color: #000080;\">1971. Santa Cruz de Tenerife .Aspecto general de una de las conferencias de los cursos<\/span><\/em> de<br \/> divulgaci\u00f3n tur\u00edstica, organizados por el Centro de Estudios Tur\u00edsticos de Canarias<\/p><\/div>\n<p style=\"text-align: justify;\">Unos hechos hist\u00f3ricos incontrovertibles, a los cuales nos vamos a referir en base a las <span style=\"color: #000080;\"><strong><em>\u201cConclusiones y Recomendaciones\u201d<\/em><\/strong><\/span> que salieran del aquel inolvidable seminario sobre la planificaci\u00f3n del territorio tur\u00edstico, del a\u00f1o 1974, de cuyos actores, lamentable y tristemente, algunos nos han abandonado para siempre.<\/p>\n<p style=\"text-align: justify;\">UNA IMPORTANTE COMUNICACI\u00d3N<\/p>\n<p style=\"text-align: justify;\">Referente a este memorable acontecimiento, es justo que coloquemos en este reportaje, desde esta primera entrega <strong><em>&#8211; <span style=\"color: #000080;\">donde van a seguir algunas m\u00e1s, debido a la importancia que le concedemos a las mismas \u2013<\/span><\/em><\/strong> es justo, decimos, aludir a la memorable misiva que recibi\u00e9ramos desde Beirut firmada por el presidente del entonces m\u00e1ximo organismo oficial del turismo mundial, <strong><em>l<span style=\"color: #000080;\">a UIOOT, Mr. George Faddoul,<\/span><\/em><\/strong> de cuyo documento extraemos lo siguiente:<\/p>\n<div id=\"attachment_35601\" style=\"width: 199px\" class=\"wp-caption alignleft\"><a href=\"https:\/\/www.turistamagazine.com\/v2\/wp-content\/uploads\/2018\/06\/images-1.jpg\"><img decoding=\"async\" aria-describedby=\"caption-attachment-35601\" class=\"size-full wp-image-35601\" src=\"https:\/\/www.turistamagazine.com\/v2\/wp-content\/uploads\/2018\/06\/images-1.jpg\" alt=\"\" width=\"189\" height=\"267\" \/><\/a><p id=\"caption-attachment-35601\" class=\"wp-caption-text\">Mr. George Faddoul,<\/p><\/div>\n<p style=\"text-align: justify;\"><span style=\"color: #000080;\"><strong><em>\u201cLa formaci\u00f3n profesional es, sin duda, en la hora actual, uno de los problemas mas agudos del turismo mundial. La UIOOT, por su misma vocaci\u00f3n no puede quedar indiferente ante las iniciativas tomadas\u00a0 para aportar soluciones a este problema, que no podr\u00e1 ser durante mucho tiempo mas que insuficiente, dada su extensi\u00f3n.\u201d<\/em><\/strong><\/span><\/p>\n<p style=\"text-align: justify;\"><span style=\"color: #000080;\"><strong><em>\u201cSu instituto constituye una de estas iniciativas, de las mas positivas, y de las mas eficaces. Aunque relativamente joven, ha triunfado r\u00e1pidamente gracias a la pluralidad de las disciplinas que trata, al nivel elevado de los profesores que lo animan, y a la calidad de las ense\u00f1anzas que dispensa, situ\u00e1ndose en un lugar destacado entre la instituciones del mismo g\u00e9nero.\u201d<\/em><\/strong><\/span><\/p>\n<p style=\"text-align: justify;\"><span style=\"color: #000080;\"><strong><em>\u201cTrascendiendo en su vocaci\u00f3n local \u2013 que con seguridad sigue siendo su vocaci\u00f3n primaria \u2013 en raz\u00f3n de los beneficios creados por el prestigioso desarrollo tur\u00edstico en Espa\u00f1a, y especialmente en las Islas Canarias, el instituto, al organizar encuentros de g\u00e9nero del presente seminario, ha dado as\u00ed un porte inter-regional, e incluso internacional, visto adem\u00e1s por su propia denominaci\u00f3n.\u201d<\/em><\/strong><\/span><\/p>\n<p style=\"text-align: justify;\"><span style=\"color: #000080;\"><strong><em>\u201cNo podemos, por tanto, mas que felicitarle a usted y felicitarnos nosotros mismos por su \u00e9xito y esperar que su empresa sirva de ejemplo para acelerar en todas las regiones del mundo, el nacimiento diario de nuevas vocaciones tur\u00edsticas y la creaci\u00f3n de establecimientos similares de formaci\u00f3n profesional, sin los cuales aquellas vocaciones no podr\u00e1n atender sus objetivos.\u201d <\/em><\/strong><\/span><\/p>\n<p style=\"text-align: justify;\">Hoy, despu\u00e9s de m\u00e1s de cuarenta a\u00f1os que recibi\u00e9semos esta comentada misiva, nos vienen a la memoria nuestras memorables sesiones de trabajo, en las postrimer\u00edas del pasado siglo, en la sede de la <strong><em><span style=\"color: #000080;\">UNIVERSIDAD PARA LA PAZ, all\u00e1 en esa m\u00edtica Costa Rica \u2013 la naci\u00f3n que no tiene ejercito \u2013 en Ciudad Col\u00f3n<\/span>,<\/em><\/strong> donde pasamos largas horas con los inimitables personajes, <strong><em>\u00a0<\/em><\/strong>\u00a0\u00a0estudiando las f\u00f3rmulas de continuar nuestra labor educativa en el mundo, uniendo el desarrollo del turismo con la consecuci\u00f3n de la paz mundial.<\/p>\n<div id=\"attachment_14751\" style=\"width: 410px\" class=\"wp-caption aligncenter\"><a href=\"https:\/\/www.turistamagazine.com\/v2\/wp-content\/uploads\/2015\/07\/valencia.jpg\"><img decoding=\"async\" aria-describedby=\"caption-attachment-14751\" class=\"wp-image-14751\" src=\"https:\/\/www.turistamagazine.com\/v2\/wp-content\/uploads\/2015\/07\/valencia.jpg\" alt=\"\" width=\"400\" height=\"519\" \/><\/a><p id=\"caption-attachment-14751\" class=\"wp-caption-text\"><span style=\"color: #000080;\"><em>Mesa de trabajo en la sede de la UPAZ, con el rector Francisco Barahona (el centro) y el profesor Felipe Matos (a la izquierda) en el a\u00f1o 1998, conformando elConvenio para el proyecto Turismo y Paz, que se desarroll\u00f3 desde la Villa de la Orotava. Tenerife, Islas Canarias. A\u00f1o 1998.<\/em><\/span><\/p><\/div>\n<p>&nbsp;<\/p>\n<p style=\"text-align: justify;\"><em><strong><span style=\"color: #000080;\">TRASCENDENCIA INTERNACIONAL<\/span><\/strong><\/em><\/p>\n<p style=\"text-align: justify;\">Los hechos imborrables que comenzamos a narrar en estas rese\u00f1as, tuvieron un eco internacional en el mundo tur\u00edstico de la \u00e9poca, por la calidad y el prestigio de sus participantes entre ellos personajes bien conocidos en el mundo profesional del turismo como el profesor <span style=\"color: #000080;\"><strong><em>Luis Fern\u00e1ndez Fuster<\/em><\/strong>, autor del tratado <strong><em>\u201cTeor\u00eda y T\u00e9cnica del Turismo\u201d \u2013 un \u201cbest seller\u201d<\/em><\/strong><\/span> internacional \u2013 y un grupo especialmente dise\u00f1ado para el estudio propuesto, procedentes de varias regiones espa\u00f1olas, de Argentina, Brasil, Colombia, Austria, Francia, Yugoslavia, Chile y Venezuela, entre ellos los ilustres profesionales isle\u00f1os, a quienes dedicamos esta primera rese\u00f1a de lo que fue un acontecimiento, comentado elogiosa y profusamente en la prensa local, nacional, e internacional\u00a0 especializada del turismo.<\/p>\n<div id=\"attachment_32436\" style=\"width: 610px\" class=\"wp-caption aligncenter\"><a href=\"https:\/\/www.turistamagazine.com\/v2\/wp-content\/uploads\/2017\/11\/Fuster.jpg\"><img decoding=\"async\" aria-describedby=\"caption-attachment-32436\" class=\"wp-image-32436\" src=\"https:\/\/www.turistamagazine.com\/v2\/wp-content\/uploads\/2017\/11\/Fuster.jpg\" alt=\"\" width=\"600\" height=\"338\" \/><\/a><p id=\"caption-attachment-32436\" class=\"wp-caption-text\"><span style=\"color: #000080;\"><em>El ilustre profesor Luis Fern\u00e1ndez Fuster, durante una de sus memorables intervenciones en los cursos de divulgaci\u00f3n tur\u00edstica celebrados en Canarias en los a\u00f1os sesenta-setenta del pasado ciclo, organizados por el Centro de Estudios Tur\u00edsticos de Canarias.<\/em><\/span><\/p><\/div>\n<p style=\"text-align: justify;\">Entre los expositores participantes estuvieron presentes <span style=\"color: #000080;\"><strong><em>Liliana Mahn Soopen, Directora Nacional de Turismo de Chile; Hugo Rodr\u00edguez L\u00f3pez, vice-presidente de la Corporaci\u00f3n de Turismo de Venezuela; Alphonse L. Bariseel, ingeniero Director de la \u201cMisi\u00f3n Langeudoc-Rousillon\u201d de Francia; Luis Baldi\u00f3n Rinc\u00f3n, Jefe del Servicio de Formaci\u00f3n Profesional, de la Corporaci\u00f3n Nacional de Turismo de Colombia; Oskar A. Dignoes, Director de la Oficina Nacional de Turismo de Austria en Espa\u00f1a, y delegado del turismo austriaco para Am\u00e9rica; Ricardo Gondelles, autor de \u201cPlan de Ordenaci\u00f3n de los Recursos Naturales de la Gran Sabana\u201d, en Venezuela; Jos\u00e9 Peccini Petri, Director de \u201cFomento y Mejor\u00eda de las Estancias\u201d de la Secretar\u00eda de Turismo del Gobierno de Sao Paulo; Helmut Zolles, Director General de Turismo del Gobierno de Austria; y Franjo Gasparovic, ingeniero jefe de la \u201cPlanificaci\u00f3n Tur\u00edstica del Litoral Adri\u00e1tico\u201d, del Gobierno de Yugoslavia, <\/em><\/strong><\/span>entre otros ilustres participantes profesionales y funcionarios, pol\u00edticos y empresariales que formaron el grupo de expertos que durante veinti\u00fan d\u00edas, estudiaron y elaboraron unas conclusiones y recomendaciones <span style=\"color: #000080;\"><strong><em>\u201cin situ\u201d,<\/em><\/strong><\/span> que comentaremos en sucesivas publicaciones, debido a la importancia que suponen hoy, despu\u00e9s de, c\u00f3mo decimos, m\u00e1s de cuarenta a\u00f1os desde su elaboraci\u00f3n.<\/p>\n<div id=\"attachment_28682\" style=\"width: 577px\" class=\"wp-caption aligncenter\"><a href=\"https:\/\/www.turistamagazine.com\/v2\/wp-content\/uploads\/2017\/04\/remoteImage.png\"><img decoding=\"async\" aria-describedby=\"caption-attachment-28682\" class=\"size-full wp-image-28682\" src=\"https:\/\/www.turistamagazine.com\/v2\/wp-content\/uploads\/2017\/04\/remoteImage.png\" alt=\"\" width=\"567\" height=\"392\" \/><\/a><p id=\"caption-attachment-28682\" class=\"wp-caption-text\"><em><span style=\"color: #003366;\">1971. Nuestra presencia en el encuentro mundial en Nairobi, Kenia, sobre la\u00a0<\/span><\/em><em><span style=\"color: #003366;\">formaci\u00f3n profesional en el turismo promovido por la UIOOT &#8211; hoy Organizaci\u00f3n\u00a0<\/span><\/em><em><span style=\"color: #003366;\">Mundial del Turismo &#8211; Presentaci\u00f3n del modelo ideal aplicado en el Centro de\u00a0<\/span><\/em><em><span style=\"color: #003366;\">Estudios Tur\u00edsticos de Canarias, para lograr una f\u00f3rmula efectiva. Hoy no ha\u00a0<\/span><span style=\"color: #000080;\">cambiado nada.<\/span><\/em><\/p><\/div>\n<p style=\"text-align: justify;\"><strong>UN EP\u00cdLOGO NECESARIO<\/strong><\/p>\n<p style=\"text-align: justify;\">El Subdirector de la Gobernaci\u00f3n, del Gobierno de Espa\u00f1a, Le\u00f3n Herrera Esteban, fue el Director General de Empresas Tur\u00edsticas del Ministerio de Informaci\u00f3n y Turismo de Espa\u00f1a, en su m\u00e1s brillante \u00e9poca en aquellos a\u00f1os sesenta-setenta del pasado siglo, y con quien compartimos posteriormente varias sesiones de trabajo en el seno de la Asociaci\u00f3n Espa\u00f1ola de Expertos Cient\u00edficos de Turismo, AIEST, nos dirigi\u00f3 con motivo de este seminario, en cari\u00f1oso saludo del cual extractamos: <span style=\"color: #000080;\"><strong><em>\u201cEl mundo de hoy, y el turismo con \u00e9l, pasa por un periodo de crisis y para superarla es preciso el esfuerzo de todos. Quiero por ello terminar con mis palabras de felicitaci\u00f3n del modo m\u00e1s cordial, porque ese esfuerzo y esa visi\u00f3n, han sido la nota destacada de ese seminario Internacional de Canarias.\u201d<\/em><\/strong><\/span><\/p>\n<p style=\"text-align: justify;\">Patrocinado simb\u00f3licamente por el Ministerio de Informaci\u00f3n y Turismo, en ese entonces presidido <strong><em><span style=\"color: #000080;\">por P\u00edo Cabanillas Gallas<\/span>,<\/em><\/strong> el encuentro <span style=\"color: #000080;\"><strong><em>\u201cLa Planificaci\u00f3n del Territorio Tur\u00edstico\u201d,<\/em><\/strong> l<\/span>leg\u00f3 a su final con esa larga serie de conclusiones y recomendaciones que se\u00f1alamos y que vamos a comentar seguidamente, <span style=\"color: #000080;\"><strong><em>lo cual el ilustre Jos\u00e9 \u00c1ngel Castro Fari\u00f1as, cerr\u00f3 con estas primeras palabras:<\/em><\/strong><\/span><\/p>\n<div id=\"attachment_35634\" style=\"width: 560px\" class=\"wp-caption aligncenter\"><a href=\"https:\/\/www.turistamagazine.com\/v2\/wp-content\/uploads\/2018\/06\/50-a\u00f1os.jpg\"><img decoding=\"async\" aria-describedby=\"caption-attachment-35634\" class=\"wp-image-35634\" src=\"https:\/\/www.turistamagazine.com\/v2\/wp-content\/uploads\/2018\/06\/50-a\u00f1os.jpg\" alt=\"\" width=\"550\" height=\"413\" \/><\/a><p id=\"caption-attachment-35634\" class=\"wp-caption-text\"><span style=\"color: #000080;\"><em>Cincuenta a\u00f1os mas tarde, con un grupo de ex alumnos de la primera promoci\u00f3n de estudios de turismo en las Islas Canarias, celebrando esa efem\u00e9rides en Santa Cruz de Tenerife. De izquierda a derecha: Lale Paniagua, Guillermo Henningsen,. Bedelia Marrero, Jos\u00e9 Guillermo B\u00e1ez, Luis Tav\u00edo, Nicol\u00e1s P\u00e9rez Alonso, y el autor de esta rese\u00f1a.<\/em><\/span><\/p><\/div>\n<p style=\"text-align: justify;\"><span style=\"color: #000080;\"><strong><em>\u201cEn l\u00ednea de principio, la soluci\u00f3n de esta problem\u00e1tica habr\u00e1 de surgir, de un parte, de la toma de conciencia, profunda y general, acerca de la importancia de la salvaguarda de la naturaleza; de otra, de la manifestaci\u00f3n de una pol\u00edtica decidida a eliminar todos los obst\u00e1culos fruto de los ego\u00edsmos particulares y, en fin, de una planificaci\u00f3n global que, regi\u00f3n por regi\u00f3n, concilie los diferentes intereses que entran en juego, elija los lugares actos para su desarrollo, y defina los principios que es preciso observar para que la planificaci\u00f3n del territorio alcance un completo \u00e9xito\u201d <\/em><\/strong><\/span><\/p>\n<p style=\"text-align: justify;\">Hechos y realidades imborrables que hoy nos llaman a la reflexi\u00f3n, ante torcidas interesadas manipulaciones que literalmente han acabado por querer enterrar una historia que est\u00e1 signada con la honradez como su principal designio, el valor del conocimiento, <span style=\"color: #000080;\"><strong><em>\u201cla buena fe como norma en toda su actuaci\u00f3n\u201d-<\/em><\/strong> <strong><em>como dicen los principios rotarios &#8211;\u00a0 y que con la perseverancia y la honestidad, contin\u00faan d\u00e1ndole el est\u00edmulo que necesita para concretar su reconocido aut\u00e9ntico valor\u2026<\/em><\/strong><\/span><\/p>\n<p>&nbsp;<\/p>\n<p><strong>*(Del Grupo de Expertos de la Organizaci\u00f3n Mundial del Turismo, de las Naciones Unidas, ONU)<\/strong><\/p>\n","protected":false},"excerpt":{"rendered":"<p>En la planificaci\u00f3n del territorio tur\u00edstico, se tendr\u00e1 presente que \u201clos recursos tur\u00edsticos pertenecen al patrimonio com\u00fan de La Humanidad. Las comunidades en cuyo territorio\u00a0 se encuentran, tienen con respecto a ellos, derechos y obligaciones particulares\u201d (Del C\u00f3digo \u00c9tico Mundial para el Turismo, de la OMT) LAS ISLAS CANARIAS Y SU HISTORIA Dedicado a mis queridos amigos, e inolvidables profesores, Juan Alfredo Amig\u00f3, Jose Luis Olcina, Juan-Julio Fern\u00e1ndez, Pedro Doblado y Manuel Roca. A la memoria de Jos\u00e9-\u00c1ngel Castro Fari\u00f1as, todos ilustres actores del acontecimiento rese\u00f1ado. Por Antonio-Pedro Tejera Reyes* ANTECEDENTES INOLVIDABLES Corr\u00eda el a\u00f1o 1974, cuando en las Islas&#8230;<\/p>\n","protected":false},"author":1,"featured_media":0,"comment_status":"open","ping_status":"open","sticky":false,"template":"","format":"standard","meta":{"footnotes":""},"categories":[90],"tags":[284,561,6132,749],"class_list":["post-35600","post","type-post","status-publish","format-standard","hentry","category-pensando-en-voz-alta","tag-antonio-pedro-tejera-reyes","tag-islas-canarias","tag-portal-de-noticias-turistamagazine","tag-turistamagazine"],"_links":{"self":[{"href":"https:\/\/www.turistamagazine.com\/v2\/index.php?rest_route=\/wp\/v2\/posts\/35600","targetHints":{"allow":["GET"]}}],"collection":[{"href":"https:\/\/www.turistamagazine.com\/v2\/index.php?rest_route=\/wp\/v2\/posts"}],"about":[{"href":"https:\/\/www.turistamagazine.com\/v2\/index.php?rest_route=\/wp\/v2\/types\/post"}],"author":[{"embeddable":true,"href":"https:\/\/www.turistamagazine.com\/v2\/index.php?rest_route=\/wp\/v2\/users\/1"}],"replies":[{"embeddable":true,"href":"https:\/\/www.turistamagazine.com\/v2\/index.php?rest_route=%2Fwp%2Fv2%2Fcomments&post=35600"}],"version-history":[{"count":5,"href":"https:\/\/www.turistamagazine.com\/v2\/index.php?rest_route=\/wp\/v2\/posts\/35600\/revisions"}],"predecessor-version":[{"id":35636,"href":"https:\/\/www.turistamagazine.com\/v2\/index.php?rest_route=\/wp\/v2\/posts\/35600\/revisions\/35636"}],"wp:attachment":[{"href":"https:\/\/www.turistamagazine.com\/v2\/index.php?rest_route=%2Fwp%2Fv2%2Fmedia&parent=35600"}],"wp:term":[{"taxonomy":"category","embeddable":true,"href":"https:\/\/www.turistamagazine.com\/v2\/index.php?rest_route=%2Fwp%2Fv2%2Fcategories&post=35600"},{"taxonomy":"post_tag","embeddable":true,"href":"https:\/\/www.turistamagazine.com\/v2\/index.php?rest_route=%2Fwp%2Fv2%2Ftags&post=35600"}],"curies":[{"name":"wp","href":"https:\/\/api.w.org\/{rel}","templated":true}]}}