{"id":35541,"date":"2018-06-26T17:35:24","date_gmt":"2018-06-26T22:35:24","guid":{"rendered":"http:\/\/www.turistamagazine.com\/v2\/?p=35541"},"modified":"2018-06-26T17:35:24","modified_gmt":"2018-06-26T22:35:24","slug":"feria-artesanal-san-pedrito-de-chimbote-espera-a-150000-visitantes","status":"publish","type":"post","link":"https:\/\/www.turistamagazine.com\/v2\/?p=35541","title":{"rendered":"FERIA ARTESANAL SAN PEDRITO DE CHIMBOTE ESPERA A 150,000 VISITANTES"},"content":{"rendered":"<p style=\"text-align: justify;\">26\/06\/2018\/ Chimbote.- Un total de 240 artesanos de distintas partes del pa\u00eds exponen sus productos en la tradicional Feria de Integraci\u00f3n San Pedrito, que se realiza en Chimbote, por ocasi\u00f3n de la Fiesta Patronal San Pedrito, declarada Patrimonio Cultural de la Naci\u00f3n, cuya fecha central es este viernes 29.<\/p>\n<p style=\"text-align: justify;\">Este a\u00f1o el lema de la feria es <strong><em><span style=\"color: #000080;\">\u00abEl Per\u00fa en un solo lugar<\/span><\/em><\/strong>\u00ab, ya que se busca revalorar la identidad chimbotana y la cultura de los pueblos de la zona costa, sierra y selva del pa\u00eds; puntualiz\u00f3 el obispo de la Di\u00f3cesis de Chimbote, monse\u00f1or \u00c1ngel Francisco Sim\u00f3n Piorno, al momento de dar las palabras inaugurales del certamen.<\/p>\n<p style=\"text-align: justify;\">Adem\u00e1s de los atractivos de artesanos, los visitantes tambi\u00e9n podr\u00e1n degustar diversos platos t\u00edpicos como cuyes, chicharr\u00f3n, frejolada de pato, chancho al cilindro, cebiche, y otros.<\/p>\n<p style=\"text-align: justify;\">Tambi\u00e9n se han dispuesto estands institucionales; as\u00ed como de dulces, vegetales, animales y otros.<\/p>\n","protected":false},"excerpt":{"rendered":"<p>26\/06\/2018\/ Chimbote.- Un total de 240 artesanos de distintas partes del pa\u00eds exponen sus productos en la tradicional Feria de Integraci\u00f3n San Pedrito, que se realiza en Chimbote, por ocasi\u00f3n de la Fiesta Patronal San Pedrito, declarada Patrimonio Cultural de la Naci\u00f3n, cuya fecha central es este viernes 29. Este a\u00f1o el lema de la feria es \u00abEl Per\u00fa en un solo lugar\u00ab, ya que se busca revalorar la identidad chimbotana y la cultura de los pueblos de la zona costa, sierra y selva del pa\u00eds; puntualiz\u00f3 el obispo de la Di\u00f3cesis de Chimbote, monse\u00f1or \u00c1ngel Francisco Sim\u00f3n Piorno, al&#8230;<\/p>\n","protected":false},"author":1,"featured_media":35542,"comment_status":"open","ping_status":"open","sticky":false,"template":"","format":"standard","meta":{"footnotes":""},"categories":[4,82],"tags":[2650,8168,6132,749],"class_list":["post-35541","post","type-post","status-publish","format-standard","has-post-thumbnail","hentry","category-breaking-news","category-nacionales","tag-chimbote","tag-feria-de-integracion-san-pedrito","tag-portal-de-noticias-turistamagazine","tag-turistamagazine"],"_links":{"self":[{"href":"https:\/\/www.turistamagazine.com\/v2\/index.php?rest_route=\/wp\/v2\/posts\/35541","targetHints":{"allow":["GET"]}}],"collection":[{"href":"https:\/\/www.turistamagazine.com\/v2\/index.php?rest_route=\/wp\/v2\/posts"}],"about":[{"href":"https:\/\/www.turistamagazine.com\/v2\/index.php?rest_route=\/wp\/v2\/types\/post"}],"author":[{"embeddable":true,"href":"https:\/\/www.turistamagazine.com\/v2\/index.php?rest_route=\/wp\/v2\/users\/1"}],"replies":[{"embeddable":true,"href":"https:\/\/www.turistamagazine.com\/v2\/index.php?rest_route=%2Fwp%2Fv2%2Fcomments&post=35541"}],"version-history":[{"count":1,"href":"https:\/\/www.turistamagazine.com\/v2\/index.php?rest_route=\/wp\/v2\/posts\/35541\/revisions"}],"predecessor-version":[{"id":35543,"href":"https:\/\/www.turistamagazine.com\/v2\/index.php?rest_route=\/wp\/v2\/posts\/35541\/revisions\/35543"}],"wp:featuredmedia":[{"embeddable":true,"href":"https:\/\/www.turistamagazine.com\/v2\/index.php?rest_route=\/wp\/v2\/media\/35542"}],"wp:attachment":[{"href":"https:\/\/www.turistamagazine.com\/v2\/index.php?rest_route=%2Fwp%2Fv2%2Fmedia&parent=35541"}],"wp:term":[{"taxonomy":"category","embeddable":true,"href":"https:\/\/www.turistamagazine.com\/v2\/index.php?rest_route=%2Fwp%2Fv2%2Fcategories&post=35541"},{"taxonomy":"post_tag","embeddable":true,"href":"https:\/\/www.turistamagazine.com\/v2\/index.php?rest_route=%2Fwp%2Fv2%2Ftags&post=35541"}],"curies":[{"name":"wp","href":"https:\/\/api.w.org\/{rel}","templated":true}]}}