{"id":35432,"date":"2018-06-20T10:05:03","date_gmt":"2018-06-20T15:05:03","guid":{"rendered":"http:\/\/www.turistamagazine.com\/v2\/?p=35432"},"modified":"2018-06-20T10:05:03","modified_gmt":"2018-06-20T15:05:03","slug":"escenificaran-la-fiesta-del-gran-camino-inca-en-via-alterna-a-machu-picchu","status":"publish","type":"post","link":"https:\/\/www.turistamagazine.com\/v2\/?p=35432","title":{"rendered":"ESCENIFICAR\u00c1N LA FIESTA DEL GRAN CAMINO INCA EN V\u00cdA ALTERNA A MACHU PICCHU"},"content":{"rendered":"<p style=\"text-align: center;\"><strong><span style=\"color: #000080;\"><em>Se realizar\u00e1 ma\u00f1ana jueves 22, despu\u00e9s del partido Per\u00fa Francia, en Santa Teresa<\/em><\/span><\/strong><\/p>\n<p style=\"text-align: justify;\">20\/06\/2018\/ Cusco-M\u00e1s de 150 personas, entre actores, estudiantes y trabajadores municipales, escenificar\u00e1n este jueves el <strong><em><span style=\"color: #000080;\">Qhapaq \u00d1an Raymi o Fiesta del Gran Camino Inc<\/span><\/em><\/strong>a en el distrito cusque\u00f1o de Santa Teresa, v\u00eda alterna de ingreso de turistas al parque arqueol\u00f3gico de Machu Picchu.<\/p>\n<p style=\"text-align: justify;\">Esta cuarta edici\u00f3n de la actividad cultural se desarrollar\u00e1 pasado el mediod\u00eda entre el balneario de Cocalmayo y la plaza de Armas de Santa Teresa, ubicada en la provincia de La Convenci\u00f3n, despu\u00e9s del partido de futbol por el Mundial Rusia 2018 entre la selecci\u00f3n peruana y Francia.<\/p>\n<p style=\"text-align: justify;\">Wilbert Santa Cruz, alcalde de Santa Teresa, declar\u00f3 a la Agencia Andina que con esta manifestaci\u00f3n cultural la poblaci\u00f3n seguir\u00e1 revalorando su identidad y buscando la preservaci\u00f3n del Camino Inca que comparte con los distritos de Machu Picchu y Vilcabamba.<\/p>\n<p style=\"text-align: justify;\"><em><strong><span style=\"color: #000080;\">La ceremonia, que contar\u00e1 con personajes como el Inca, la Qoya, un s\u00e9quito de nobles y el ayllu o pueblo, se desplazar\u00e1 desde Cocalmayo, sitio tur\u00edstico por excelencia, hasta la plaza de Armas donde el m\u00e1ximo gobernante entregar\u00e1 ofrendas al Inti o Sol y la Pachamama o madre tierra.<\/span><\/strong><\/em><\/p>\n<p><a href=\"https:\/\/www.turistamagazine.com\/v2\/wp-content\/uploads\/2018\/06\/Caminos-de-lInca.jpg\"><img decoding=\"async\" class=\"size-full wp-image-35434 aligncenter\" src=\"https:\/\/www.turistamagazine.com\/v2\/wp-content\/uploads\/2018\/06\/Caminos-de-lInca.jpg\" alt=\"\" width=\"500\" height=\"318\" \/><\/a><\/p>\n<p style=\"text-align: justify;\">Toda esta actividad concitar\u00e1 la admiraci\u00f3n de turistas nacionales, extranjeros que se dirigen a Machu Picchu y la poblaci\u00f3n en general que despu\u00e9s de apreciar el partido de futbol por el Mundial en pantalla gigante se apostar\u00e1 en per\u00edmetros de la escenificaci\u00f3n.<\/p>\n<p style=\"text-align: justify;\"><strong><em><span style=\"color: #000080;\">El burgomaestre sostuvo que Santa Teresa conserva cerca de 24 kil\u00f3metros del Camino Inca que conectan Machu Picchu, Choquequirao y Esp\u00edritu Pampa, donde apareci\u00f3 el Se\u00f1or de Wari, el recorrido es entre Vicus, Choquequirao, Yanama, Totora, Lucmabamba, Llactapata, Machu Picchu y otro tramo a Vilcabamba.<\/span><\/em><\/strong><\/p>\n<p style=\"text-align: justify;\">Arminda Gibaja, jefa del proyecto del Qhapaq \u00d1an del Ministerio de Cultura,destac\u00f3 la realizaci\u00f3n de esta actividad y afirm\u00f3 que el Qhapaq \u00d1an es una obra del siglo 15 del gran Estado del Tahuantinsuyo y tiene 60,000 kil\u00f3metros entre los pa\u00edses de Per\u00fa, Bolivia, Ecuador Colombia, Argentina y Chile, 25,000 kil\u00f3metros est\u00e1n en nuestro pa\u00eds y 5,000 t\u00e1citamente en la Cordillera de los Andes, la cual fue declarada Patrimonio Cultural de La Humanidad por la Unesco.<\/p>\n","protected":false},"excerpt":{"rendered":"<p>Se realizar\u00e1 ma\u00f1ana jueves 22, despu\u00e9s del partido Per\u00fa Francia, en Santa Teresa 20\/06\/2018\/ Cusco-M\u00e1s de 150 personas, entre actores, estudiantes y trabajadores municipales, escenificar\u00e1n este jueves el Qhapaq \u00d1an Raymi o Fiesta del Gran Camino Inca en el distrito cusque\u00f1o de Santa Teresa, v\u00eda alterna de ingreso de turistas al parque arqueol\u00f3gico de Machu Picchu. Esta cuarta edici\u00f3n de la actividad cultural se desarrollar\u00e1 pasado el mediod\u00eda entre el balneario de Cocalmayo y la plaza de Armas de Santa Teresa, ubicada en la provincia de La Convenci\u00f3n, despu\u00e9s del partido de futbol por el Mundial Rusia 2018 entre la&#8230;<\/p>\n","protected":false},"author":1,"featured_media":35433,"comment_status":"open","ping_status":"open","sticky":false,"template":"","format":"standard","meta":{"footnotes":""},"categories":[4,82],"tags":[8149,134,168,8150,330,749],"class_list":["post-35432","post","type-post","status-publish","format-standard","has-post-thumbnail","hentry","category-breaking-news","category-nacionales","tag-choquequirao-y-espiritu-pampa","tag-cusco","tag-machu-picchu","tag-qhapaq-nan-raymi","tag-turismo-en-el-peru","tag-turistamagazine"],"_links":{"self":[{"href":"https:\/\/www.turistamagazine.com\/v2\/index.php?rest_route=\/wp\/v2\/posts\/35432","targetHints":{"allow":["GET"]}}],"collection":[{"href":"https:\/\/www.turistamagazine.com\/v2\/index.php?rest_route=\/wp\/v2\/posts"}],"about":[{"href":"https:\/\/www.turistamagazine.com\/v2\/index.php?rest_route=\/wp\/v2\/types\/post"}],"author":[{"embeddable":true,"href":"https:\/\/www.turistamagazine.com\/v2\/index.php?rest_route=\/wp\/v2\/users\/1"}],"replies":[{"embeddable":true,"href":"https:\/\/www.turistamagazine.com\/v2\/index.php?rest_route=%2Fwp%2Fv2%2Fcomments&post=35432"}],"version-history":[{"count":1,"href":"https:\/\/www.turistamagazine.com\/v2\/index.php?rest_route=\/wp\/v2\/posts\/35432\/revisions"}],"predecessor-version":[{"id":35435,"href":"https:\/\/www.turistamagazine.com\/v2\/index.php?rest_route=\/wp\/v2\/posts\/35432\/revisions\/35435"}],"wp:featuredmedia":[{"embeddable":true,"href":"https:\/\/www.turistamagazine.com\/v2\/index.php?rest_route=\/wp\/v2\/media\/35433"}],"wp:attachment":[{"href":"https:\/\/www.turistamagazine.com\/v2\/index.php?rest_route=%2Fwp%2Fv2%2Fmedia&parent=35432"}],"wp:term":[{"taxonomy":"category","embeddable":true,"href":"https:\/\/www.turistamagazine.com\/v2\/index.php?rest_route=%2Fwp%2Fv2%2Fcategories&post=35432"},{"taxonomy":"post_tag","embeddable":true,"href":"https:\/\/www.turistamagazine.com\/v2\/index.php?rest_route=%2Fwp%2Fv2%2Ftags&post=35432"}],"curies":[{"name":"wp","href":"https:\/\/api.w.org\/{rel}","templated":true}]}}