{"id":35399,"date":"2018-06-18T11:26:11","date_gmt":"2018-06-18T16:26:11","guid":{"rendered":"http:\/\/www.turistamagazine.com\/v2\/?p=35399"},"modified":"2018-06-20T11:25:29","modified_gmt":"2018-06-20T16:25:29","slug":"el-ministerio-cultura-realizara-la-vii-edicion-de-la-semana-qhapaq-nan","status":"publish","type":"post","link":"https:\/\/www.turistamagazine.com\/v2\/?p=35399","title":{"rendered":"EL MINISTERIO CULTURA REALIZAR\u00c1 LA VII EDICI\u00d3N  DE LA SEMANA QHAPAQ \u00d1AN"},"content":{"rendered":"<p style=\"text-align: justify;\">18\/06\/2018\/ Lima.-Con una serie de actividades culturales y acad\u00e9micas, el Ministerio de Cultura y el Proyecto Qhapaq \u00d1an,\u00a0 inauguraran la <strong><em><span style=\"color: #000080;\">VII edici\u00f3n de la Semana Qhapaq \u00d1an 2018.<\/span> <\/em><\/strong>En esta nueva edici\u00f3n, el Qhapaq \u00d1an- Sede Nacional abre sus puertas a la ciudadan\u00eda durante una semana (del 18 al 24 de junio) para recibir al p\u00fablico asistente con una variada agenda que incluye exposiciones, conferencias, simposio, feria de proyectos y visitas a monumentos arqueol\u00f3gicos.<\/p>\n<p style=\"text-align: justify;\"><em><strong><span style=\"color: #000080;\">El Qhapaq \u00d1an o Sistema Vial Andino fue declarado Patrimonio Cultural por la Organizaci\u00f3n de las Naciones Unidas para la Educaci\u00f3n, la Ciencia y la Cultura (Unesco), en la categor\u00eda de Itinerario Cultural, el 21 de junio de 2014.<\/span><\/strong><\/em><\/p>\n<p style=\"text-align: justify;\">Este evento contar\u00e1 con la participaci\u00f3n de la Ministra de Cultura Patricia Balbuena Palacios y el Coordinador General del Qhapaq \u00d1an \u2013 Sede Nacional, Giancarlo Marcone Flores.<\/p>\n<p style=\"text-align: justify;\">La inauguraci\u00f3n de la Semana Qhapaq \u00d1an se realizar\u00e1 el lunes 18 de junio a las 10:00 am en el hall principal de la Sede Central del Ministerio de Cultura.<\/p>\n<p><a href=\"https:\/\/www.turistamagazine.com\/v2\/wp-content\/uploads\/2018\/06\/Programa-Semana-Qhapaq-\u00d1an-2018.jpg\"><img decoding=\"async\" class=\"wp-image-35402 size-full aligncenter\" src=\"https:\/\/www.turistamagazine.com\/v2\/wp-content\/uploads\/2018\/06\/Programa-Semana-Qhapaq-\u00d1an-2018.jpg\" alt=\"\" width=\"400\" height=\"640\" srcset=\"https:\/\/www.turistamagazine.com\/v2\/wp-content\/uploads\/2018\/06\/Programa-Semana-Qhapaq-\u00d1an-2018.jpg 400w, https:\/\/www.turistamagazine.com\/v2\/wp-content\/uploads\/2018\/06\/Programa-Semana-Qhapaq-\u00d1an-2018-188x300.jpg 188w, https:\/\/www.turistamagazine.com\/v2\/wp-content\/uploads\/2018\/06\/Programa-Semana-Qhapaq-\u00d1an-2018-263x420.jpg 263w\" sizes=\"(max-width: 400px) 100vw, 400px\" \/><\/a><\/p>\n<p>&nbsp;<\/p>\n<p>&nbsp;<\/p>\n","protected":false},"excerpt":{"rendered":"<p>18\/06\/2018\/ Lima.-Con una serie de actividades culturales y acad\u00e9micas, el Ministerio de Cultura y el Proyecto Qhapaq \u00d1an,\u00a0 inauguraran la VII edici\u00f3n de la Semana Qhapaq \u00d1an 2018. En esta nueva edici\u00f3n, el Qhapaq \u00d1an- Sede Nacional abre sus puertas a la ciudadan\u00eda durante una semana (del 18 al 24 de junio) para recibir al p\u00fablico asistente con una variada agenda que incluye exposiciones, conferencias, simposio, feria de proyectos y visitas a monumentos arqueol\u00f3gicos. El Qhapaq \u00d1an o Sistema Vial Andino fue declarado Patrimonio Cultural por la Organizaci\u00f3n de las Naciones Unidas para la Educaci\u00f3n, la Ciencia y la Cultura&#8230;<\/p>\n","protected":false},"author":1,"featured_media":35401,"comment_status":"open","ping_status":"open","sticky":false,"template":"","format":"standard","meta":{"footnotes":""},"categories":[4,82],"tags":[2163,99,6132,330,749],"class_list":["post-35399","post","type-post","status-publish","format-standard","has-post-thumbnail","hentry","category-breaking-news","category-nacionales","tag-el-qhapaq-nan","tag-elenita-villar","tag-portal-de-noticias-turistamagazine","tag-turismo-en-el-peru","tag-turistamagazine"],"_links":{"self":[{"href":"https:\/\/www.turistamagazine.com\/v2\/index.php?rest_route=\/wp\/v2\/posts\/35399","targetHints":{"allow":["GET"]}}],"collection":[{"href":"https:\/\/www.turistamagazine.com\/v2\/index.php?rest_route=\/wp\/v2\/posts"}],"about":[{"href":"https:\/\/www.turistamagazine.com\/v2\/index.php?rest_route=\/wp\/v2\/types\/post"}],"author":[{"embeddable":true,"href":"https:\/\/www.turistamagazine.com\/v2\/index.php?rest_route=\/wp\/v2\/users\/1"}],"replies":[{"embeddable":true,"href":"https:\/\/www.turistamagazine.com\/v2\/index.php?rest_route=%2Fwp%2Fv2%2Fcomments&post=35399"}],"version-history":[{"count":2,"href":"https:\/\/www.turistamagazine.com\/v2\/index.php?rest_route=\/wp\/v2\/posts\/35399\/revisions"}],"predecessor-version":[{"id":35445,"href":"https:\/\/www.turistamagazine.com\/v2\/index.php?rest_route=\/wp\/v2\/posts\/35399\/revisions\/35445"}],"wp:featuredmedia":[{"embeddable":true,"href":"https:\/\/www.turistamagazine.com\/v2\/index.php?rest_route=\/wp\/v2\/media\/35401"}],"wp:attachment":[{"href":"https:\/\/www.turistamagazine.com\/v2\/index.php?rest_route=%2Fwp%2Fv2%2Fmedia&parent=35399"}],"wp:term":[{"taxonomy":"category","embeddable":true,"href":"https:\/\/www.turistamagazine.com\/v2\/index.php?rest_route=%2Fwp%2Fv2%2Fcategories&post=35399"},{"taxonomy":"post_tag","embeddable":true,"href":"https:\/\/www.turistamagazine.com\/v2\/index.php?rest_route=%2Fwp%2Fv2%2Ftags&post=35399"}],"curies":[{"name":"wp","href":"https:\/\/api.w.org\/{rel}","templated":true}]}}