{"id":35369,"date":"2018-06-15T09:30:50","date_gmt":"2018-06-15T14:30:50","guid":{"rendered":"http:\/\/www.turistamagazine.com\/v2\/?p=35369"},"modified":"2018-06-15T09:32:26","modified_gmt":"2018-06-15T14:32:26","slug":"paolo-vapaolo-no-vaasi-tampocotampoco","status":"publish","type":"post","link":"https:\/\/www.turistamagazine.com\/v2\/?p=35369","title":{"rendered":"PAOLO VA\u2026PAOLO NO VA\u2026ASI TAMPOCO\u2026TAMPOCO"},"content":{"rendered":"<p style=\"text-align: justify;\"><em><strong><span style=\"color: #000080;\">FRAN-CA-MENTE.-<\/span><\/strong><\/em>El mundial de Rusia aparte de todo la algarab\u00eda, mejora en la econom\u00eda y toda la parafernalia que hemos vivido junto a Paolo y su\u00a0 lucha para que le permitan jugar en este mundial\u00a0 que ha generado tanta euforia en el pueblo peruano\u2026\u00a0\u00a0<span style=\"color: #000080;\"><strong><em>Ahora resulta\u00a0\u00a0que Gareca esta deshojando margaritas\u00a0 Paolo va, Paolo no va&#8230; Y\u00a0\u00a0las \u00faltimas noticias,\u00a0son que Paolo no arrancar\u00eda en el primer tiempo contra la selecci\u00f3n de Dinamarca y no s\u00f3lo eso que Paolo supuestamente no jugar\u00eda en este debut de la selecci\u00f3n peruana\u2026<\/em><\/strong><\/span><\/p>\n<p style=\"text-align: justify;\">Todos los hinchas peruanos piensan que es una estrategia\u00a0del t\u00e9cnico argentino Gareca\u00a0 que ahora tambi\u00e9n ha subido a la categor\u00eda de\u00a0<span style=\"color: #000080;\"><em><strong>Gur\u00fa.<\/strong>\u00a0<strong>Esperemos que de ser cierto no se equivoque,\u00a0 de lo contrario la fanaticada no lo deja volver al pa\u00eds\u2026<\/strong><\/em><\/span><\/p>\n<p style=\"text-align: justify;\">Otro s\u00ed,\u00a0 estamos de acuerdo en la emoci\u00f3n de ver a la selecci\u00f3n peruana de f\u00fatbol en un mundial despu\u00e9s de 36 a\u00f1os\u2026 pero no olvidemos la realidad que nos rodea, est\u00e1n sucediendo una serie de sucesos\u00a0 \u00a0que est\u00e1n\u00a0 poniendo en peligro la continuidad de los planes de desarrollo del pa\u00eds, como por ejemplo el paro \u00a0de los transportistas en el cuzco \u00a0, las heladas en Puno y Cusco donde est\u00e1n muriendo\u00a0 ni\u00f1os y ancianos por neumon\u00eda.\u00a0\u00a0Sucesos buenos y malos que est\u00e1n pasando desapercibido por la euforia mundialista.<\/p>\n<p style=\"text-align: justify;\"><span style=\"color: #333399;\"><strong><em>No \u00a0queremos se agua fiesta pero As\u00ed tampoco \u2026tampoco\u2026 que no s\u00f3lo de circo vive el hombre\u2026 FRAN-CA-MENTE<\/em><\/strong><\/span><\/p>\n<p><a href=\"https:\/\/www.turistamagazine.com\/v2\/wp-content\/uploads\/2018\/06\/Dfq9NqEW4AEdxr2.jpg\"><img decoding=\"async\" class=\"wp-image-35372 aligncenter\" src=\"https:\/\/www.turistamagazine.com\/v2\/wp-content\/uploads\/2018\/06\/Dfq9NqEW4AEdxr2.jpg\" alt=\"\" width=\"600\" height=\"390\" srcset=\"https:\/\/www.turistamagazine.com\/v2\/wp-content\/uploads\/2018\/06\/Dfq9NqEW4AEdxr2.jpg 1200w, https:\/\/www.turistamagazine.com\/v2\/wp-content\/uploads\/2018\/06\/Dfq9NqEW4AEdxr2-300x195.jpg 300w, https:\/\/www.turistamagazine.com\/v2\/wp-content\/uploads\/2018\/06\/Dfq9NqEW4AEdxr2-768x500.jpg 768w, https:\/\/www.turistamagazine.com\/v2\/wp-content\/uploads\/2018\/06\/Dfq9NqEW4AEdxr2-1024x666.jpg 1024w, https:\/\/www.turistamagazine.com\/v2\/wp-content\/uploads\/2018\/06\/Dfq9NqEW4AEdxr2-645x420.jpg 645w, https:\/\/www.turistamagazine.com\/v2\/wp-content\/uploads\/2018\/06\/Dfq9NqEW4AEdxr2-610x397.jpg 610w\" sizes=\"(max-width: 600px) 100vw, 600px\" \/><\/a><\/p>\n","protected":false},"excerpt":{"rendered":"<p>FRAN-CA-MENTE.-El mundial de Rusia aparte de todo la algarab\u00eda, mejora en la econom\u00eda y toda la parafernalia que hemos vivido junto a Paolo y su\u00a0 lucha para que le permitan jugar en este mundial\u00a0 que ha generado tanta euforia en el pueblo peruano\u2026\u00a0\u00a0Ahora resulta\u00a0\u00a0que Gareca esta deshojando margaritas\u00a0 Paolo va, Paolo no va&#8230; Y\u00a0\u00a0las \u00faltimas noticias,\u00a0son que Paolo no arrancar\u00eda en el primer tiempo contra la selecci\u00f3n de Dinamarca y no s\u00f3lo eso que Paolo supuestamente no jugar\u00eda en este debut de la selecci\u00f3n peruana\u2026 Todos los hinchas peruanos piensan que es una estrategia\u00a0del t\u00e9cnico argentino Gareca\u00a0 que ahora tambi\u00e9n&#8230;<\/p>\n","protected":false},"author":1,"featured_media":0,"comment_status":"open","ping_status":"open","sticky":false,"template":"","format":"standard","meta":{"footnotes":""},"categories":[346],"tags":[99,8136,749],"class_list":["post-35369","post","type-post","status-publish","format-standard","hentry","category-francamente","tag-elenita-villar","tag-francamente-15062018","tag-turistamagazine"],"_links":{"self":[{"href":"https:\/\/www.turistamagazine.com\/v2\/index.php?rest_route=\/wp\/v2\/posts\/35369","targetHints":{"allow":["GET"]}}],"collection":[{"href":"https:\/\/www.turistamagazine.com\/v2\/index.php?rest_route=\/wp\/v2\/posts"}],"about":[{"href":"https:\/\/www.turistamagazine.com\/v2\/index.php?rest_route=\/wp\/v2\/types\/post"}],"author":[{"embeddable":true,"href":"https:\/\/www.turistamagazine.com\/v2\/index.php?rest_route=\/wp\/v2\/users\/1"}],"replies":[{"embeddable":true,"href":"https:\/\/www.turistamagazine.com\/v2\/index.php?rest_route=%2Fwp%2Fv2%2Fcomments&post=35369"}],"version-history":[{"count":3,"href":"https:\/\/www.turistamagazine.com\/v2\/index.php?rest_route=\/wp\/v2\/posts\/35369\/revisions"}],"predecessor-version":[{"id":35373,"href":"https:\/\/www.turistamagazine.com\/v2\/index.php?rest_route=\/wp\/v2\/posts\/35369\/revisions\/35373"}],"wp:attachment":[{"href":"https:\/\/www.turistamagazine.com\/v2\/index.php?rest_route=%2Fwp%2Fv2%2Fmedia&parent=35369"}],"wp:term":[{"taxonomy":"category","embeddable":true,"href":"https:\/\/www.turistamagazine.com\/v2\/index.php?rest_route=%2Fwp%2Fv2%2Fcategories&post=35369"},{"taxonomy":"post_tag","embeddable":true,"href":"https:\/\/www.turistamagazine.com\/v2\/index.php?rest_route=%2Fwp%2Fv2%2Ftags&post=35369"}],"curies":[{"name":"wp","href":"https:\/\/api.w.org\/{rel}","templated":true}]}}