{"id":35358,"date":"2018-06-14T17:39:52","date_gmt":"2018-06-14T22:39:52","guid":{"rendered":"http:\/\/www.turistamagazine.com\/v2\/?p=35358"},"modified":"2018-06-14T17:39:52","modified_gmt":"2018-06-14T22:39:52","slug":"sociedad-de-acogida","status":"publish","type":"post","link":"https:\/\/www.turistamagazine.com\/v2\/?p=35358","title":{"rendered":"SOCIEDAD DE ACOGIDA"},"content":{"rendered":"<p>Por Antero Flores-Araoz*<\/p>\n<p style=\"text-align: justify;\">Recientemente asist\u00ed en <strong><em><span style=\"color: #000080;\">Tokio, a la IX Convenci\u00f3n de la Federaci\u00f3n Mundial de Instituciones Peruanas en el Exterior (FEMIP),<\/span><\/em><\/strong> en que se analiz\u00f3 la di\u00e1spora de peruanos al extranjero, compatriotas que salieron del Per\u00fa en b\u00fasqueda de oportunidades laborales y de emprendimientos que no encontraban en el pa\u00eds, quien sufr\u00eda las consecuencias del terrorismo homicida y destructor que azotaba por doquier a la patria.<\/p>\n<p style=\"text-align: justify;\">Los compatriotas, a los que nos referimos, han ido conformando infinidad de instituciones, algunas de ayuda y de auxilios mutuos, otras simplemente sociales y de a\u00f1oranzas compartidas, <em><strong><span style=\"color: #000080;\">algunas otras de car\u00e1cter religioso para rendir homenaje al Se\u00f1or de los Milagros, a la Virgen de la Puerta o a San Martin de Porres.\u00a0 Por supuesto no olvidamos aquellas otras entidades que tienen por fin degustar y difundir nuestra excelente gastronom\u00eda, as\u00ed como exhibir la belleza de nuestros bailes y trajes t\u00edpicos.<\/span><\/strong><\/em><\/p>\n<p style=\"text-align: justify;\"><strong><em><span style=\"color: #000080;\">Quienes salieron del Per\u00fa y se asentaron en otros pa\u00edses, tienen claro que no desean desvincularse de su patria y de los familiares que quedaron en ella, por lo que consecuentemente la visitan y env\u00edan ayudas econ\u00f3micas a sus seres queridos que quedaron en el pa\u00eds, y que en gen\u00e9rico se conocen como \u201cremesas\u201d.<\/span><\/em><\/strong><\/p>\n<p style=\"text-align: justify;\">\u00c9sas personas, han encontrado la f\u00f3rmula para seguir ligadas al Per\u00fa y, han considerado que involucr\u00e1ndose en la pol\u00edtica de la Naci\u00f3n que los vio nacer, la ligaz\u00f3n ser\u00e1 m\u00e1s fuerte pues los obligar\u00e1 a interesarse en la realidad nacional y en participar en la soluci\u00f3n de su problem\u00e1tica. La f\u00f3rmula propuesta desde hace aproximadamente 30 a\u00f1os, liderada por un peruano ejemplar como es Julio Salazar Moscoso, es tener representantes elegidos por ellos y dentro de ellos al Congreso de la Rep\u00fablica.<\/p>\n<p style=\"text-align: justify;\">Es lamentable, pero hasta ahora solo existen ofrecimientos incumplidos por pol\u00edticos que no honran la palabra empe\u00f1ada y, por ello hay frustraci\u00f3n no disimulada que se traduce en angustia al no tener un elemento eficiente para anclar a los que dejaron de ser residentes en el Per\u00fa pero que lo aman.<\/p>\n<p style=\"text-align: justify;\"><span style=\"color: #000080;\"><strong><em>Esos peruanos en el exterior son conscientes que, en la pr\u00e1ctica, la ligaz\u00f3n nacional es hasta la segunda generaci\u00f3n, pues la tercera ya no contar\u00e1 en el Per\u00fa con los familiares a los que se ayudaba y, que desde la tercera generaci\u00f3n, ni siquiera se habla el castellano que es nuestra lengua. Con cada nueva generaci\u00f3n hay menos inter\u00e9s por la patria de los antepasados y m\u00e1s por la que los acogi\u00f3.<\/em><\/strong><\/span><\/p>\n<p style=\"text-align: justify;\">Siendo conveniente que la ligaz\u00f3n a la que nos referimos no se extinga, adem\u00e1s de apresurar la creaci\u00f3n del denominado vig\u00e9simo s\u00e9ptimo distrito electoral o <em><strong>\u201cquinto suyo\u201d<\/strong><\/em>, tambi\u00e9n debemos difundir en las nuevas generaciones de peruanos en el exterior: nuestra historia, las epopeyas de nuestros h\u00e9roes, la gesta de la independencia, los conflictos armados territoriales, nuestras riquezas naturales, la victoria frente al terrorismo y, en fin, todo lo que constituye el patrimonio hist\u00f3rico, monumental y cultural peruano. Esta docencia se puede hacer desde embajadas y consulados, en forma virtual no presencial, con material digital que proporcione el Ministerio de Educaci\u00f3n. Estamos a tiempo.<\/p>\n<p>\u00a0*Abogado y pol\u00edtico peruano,ha sido Diputado, Constituyente y Congresista de la Rep\u00fablica<\/p>\n","protected":false},"excerpt":{"rendered":"<p>Por Antero Flores-Araoz* Recientemente asist\u00ed en Tokio, a la IX Convenci\u00f3n de la Federaci\u00f3n Mundial de Instituciones Peruanas en el Exterior (FEMIP), en que se analiz\u00f3 la di\u00e1spora de peruanos al extranjero, compatriotas que salieron del Per\u00fa en b\u00fasqueda de oportunidades laborales y de emprendimientos que no encontraban en el pa\u00eds, quien sufr\u00eda las consecuencias del terrorismo homicida y destructor que azotaba por doquier a la patria. Los compatriotas, a los que nos referimos, han ido conformando infinidad de instituciones, algunas de ayuda y de auxilios mutuos, otras simplemente sociales y de a\u00f1oranzas compartidas, algunas otras de car\u00e1cter religioso para&#8230;<\/p>\n","protected":false},"author":1,"featured_media":0,"comment_status":"open","ping_status":"open","sticky":false,"template":"","format":"standard","meta":{"footnotes":""},"categories":[87],"tags":[1956,99,340,6132,749],"class_list":["post-35358","post","type-post","status-publish","format-standard","hentry","category-actualidad","tag-antero-flores-araoz","tag-elenita-villar","tag-peru","tag-portal-de-noticias-turistamagazine","tag-turistamagazine"],"_links":{"self":[{"href":"https:\/\/www.turistamagazine.com\/v2\/index.php?rest_route=\/wp\/v2\/posts\/35358","targetHints":{"allow":["GET"]}}],"collection":[{"href":"https:\/\/www.turistamagazine.com\/v2\/index.php?rest_route=\/wp\/v2\/posts"}],"about":[{"href":"https:\/\/www.turistamagazine.com\/v2\/index.php?rest_route=\/wp\/v2\/types\/post"}],"author":[{"embeddable":true,"href":"https:\/\/www.turistamagazine.com\/v2\/index.php?rest_route=\/wp\/v2\/users\/1"}],"replies":[{"embeddable":true,"href":"https:\/\/www.turistamagazine.com\/v2\/index.php?rest_route=%2Fwp%2Fv2%2Fcomments&post=35358"}],"version-history":[{"count":1,"href":"https:\/\/www.turistamagazine.com\/v2\/index.php?rest_route=\/wp\/v2\/posts\/35358\/revisions"}],"predecessor-version":[{"id":35359,"href":"https:\/\/www.turistamagazine.com\/v2\/index.php?rest_route=\/wp\/v2\/posts\/35358\/revisions\/35359"}],"wp:attachment":[{"href":"https:\/\/www.turistamagazine.com\/v2\/index.php?rest_route=%2Fwp%2Fv2%2Fmedia&parent=35358"}],"wp:term":[{"taxonomy":"category","embeddable":true,"href":"https:\/\/www.turistamagazine.com\/v2\/index.php?rest_route=%2Fwp%2Fv2%2Fcategories&post=35358"},{"taxonomy":"post_tag","embeddable":true,"href":"https:\/\/www.turistamagazine.com\/v2\/index.php?rest_route=%2Fwp%2Fv2%2Ftags&post=35358"}],"curies":[{"name":"wp","href":"https:\/\/api.w.org\/{rel}","templated":true}]}}