{"id":35139,"date":"2018-06-01T08:02:28","date_gmt":"2018-06-01T13:02:28","guid":{"rendered":"http:\/\/www.turistamagazine.com\/v2\/?p=35139"},"modified":"2018-06-01T08:09:30","modified_gmt":"2018-06-01T13:09:30","slug":"es-muy-grato-leer","status":"publish","type":"post","link":"https:\/\/www.turistamagazine.com\/v2\/?p=35139","title":{"rendered":"ES MUY GRATO LEER&#8230;"},"content":{"rendered":"<p style=\"text-align: justify;\"><span style=\"color: #000080;\"><em><strong>Es muy f\u00e1cil decir gracias, pero en nuestro caso tiene un significado muy especial, ya que es muy dif\u00edcil que en este sociedad donde el tiempo nos gana y quisi\u00e9ramos que el d\u00eda tuviera 48 horas, el tomar unos minutos para enviarnos una l\u00ednea de agradecimiento por el envi\u00f3 de nuestro trabajo, es invalorable. Gracias a todos nuestros lectores que alguno de nuestros escritos lo copian y lo reenv\u00edan a su amigos, y nuestros representantes \u00a0en la red \u00a0que miles \u00a0\u00a0de veces no conocemos pero que reenv\u00edan nuestro semanarios a sus amigos, realmente es un honor.<\/strong><\/em><\/span><\/p>\n<p style=\"text-align: justify;\"><span style=\"color: #000080;\"><em><strong>Mil gracias a todos y cada uno por regalarnos unos minutos de su valioso\u00a0<\/strong><\/em><\/span><span style=\"color: #000080;\"><b><i>tiempo<\/i><\/b><\/span><\/p>\n<p style=\"text-align: justify;\"><span style=\"color: #000080;\"><em><strong>Elenita Villar<\/strong><\/em><\/span><\/p>\n<p style=\"text-align: justify;\"><span style=\"color: #000080;\"><em><strong>&#8212;&#8212;&#8212;&#8212;&#8212;&#8212;&#8212;&#8212;&#8212;&#8212;&#8212;&#8212;&#8211;\u00a0<\/strong><\/em><\/span><\/p>\n<p><strong><em><span style=\"color: #000080;\">Dear Elena,<\/span><\/em><\/strong><\/p>\n<div><em><span style=\"color: #000080;\">CONGRATULATION!\u00a0 Fantastic!<\/span><\/em><\/div>\n<div><em><span style=\"color: #000080;\">Best, <\/span><\/em><\/div>\n<div><strong><span style=\"color: #000080;\"><em>Tina \u010cubrilo<\/em><\/span><\/strong><\/div>\n<div><span style=\"color: #000080;\"><strong><em>FIJET Croatia (presidente)<\/em><\/strong><\/span><\/div>\n<div><\/div>\n<div>&#8212;&#8212;&#8212;&#8212;&#8212;&#8212;&#8212;&#8212;&#8212;&#8212;&#8212;&#8211;<\/div>\n<p style=\"text-align: justify;\"><span style=\"color: #000080;\"><em><strong>Mi querida Elenita:<\/strong><\/em><\/span><\/p>\n<p style=\"text-align: justify;\"><span style=\"color: #000080;\">Junto con saludarte, te comento que estar\u00e9 viajando a Lima el pr\u00f3ximo 24 de mayo, y permanecer\u00e9 por esos lados hasta el d\u00eda 31&#8230; Marita se quedar\u00e1 unos d\u00edas m\u00e1s junto a sus hermanas lime\u00f1as&#8230;<\/span><\/p>\n<p style=\"text-align: justify;\"><span style=\"color: #000080;\">Ser\u00e1 muy grato poder saludarte y compartir un caf\u00e9, por esos d\u00edas. Ojal\u00e1 tengas disponibilidad para poder vernos en alg\u00fan momento.<\/span><\/p>\n<p style=\"text-align: justify;\"><span style=\"color: #000080;\">Afectuosos saludos:<\/span><\/p>\n<p style=\"text-align: justify;\"><span style=\"color: #000080;\"><em><strong>Francisco Leal D\u00edaz<\/strong><\/em><\/span><\/p>\n<p style=\"text-align: justify;\"><span style=\"color: #000080;\">Director \u2013 Editor<\/span><\/p>\n<p style=\"text-align: justify;\"><span style=\"color: #000080;\"><a href=\"http:\/\/www.Cybertour.cl\">www.Cybertour.cl<\/a><\/span><\/p>\n<p style=\"text-align: justify;\"><span style=\"color: #000080;\"><strong>SANTIAGO \u2013 CHILE<\/strong><\/span><\/p>\n<p style=\"text-align: justify;\"><span style=\"color: #000080;\"><strong>\u00a0&#8212;&#8212;&#8212;&#8212;&#8212;&#8212;&#8212;&#8212;&#8212;&#8212;&#8212;&#8212;&#8212;&#8212;&#8212;&#8211;<\/strong><\/span><\/p>\n<p style=\"text-align: justify;\"><span style=\"color: #000080;\"><strong>Querida Elenita.<\/strong><\/span><\/p>\n<p style=\"text-align: justify;\"><span style=\"color: #000080;\"><strong>Como Siempre informativo, variado, aleccionador y ameno. Estas haciendo una magn\u00edfica labor. <\/strong><\/span><\/p>\n<p style=\"text-align: justify;\"><span style=\"color: #000080;\"><strong>\u00a0<\/strong><\/span><span style=\"color: #000080;\"><strong>Alejandro Gallard \u00a0Prio<\/strong><\/span><\/p>\n<p style=\"text-align: justify;\"><span style=\"color: #000080;\"><strong>Filadelfia\u200b &#8211; EE.UU<\/strong><\/span><\/p>\n<p>&#8212;&#8212;&#8212;&#8212;&#8212;&#8212;&#8212;&#8212;&#8212;&#8212;&#8212;&#8212;&#8212;&#8212;&#8212;<\/p>\n<p style=\"text-align: justify;\"><span style=\"color: #000080;\">Estimada Elena,<\/span><\/p>\n<p style=\"text-align: justify;\"><span style=\"color: #000080;\">Le escrib\u00ed hace alg\u00fan tiempo para poder dialogar con respecto a la posibilidad de una propuesta de divulgaci\u00f3n conjunta con nuestras plataformas de Salgalu Comunicaci\u00f3n.<\/span><\/p>\n<p style=\"text-align: justify;\"><span style=\"color: #000080;\">Me gustar\u00eda ver un momento para poder conversar<\/span><\/p>\n<p style=\"text-align: justify;\"><span style=\"color: #000080;\">Salvador Herencia<\/span><\/p>\n<p style=\"text-align: justify;\">&#8212;&#8212;&#8212;&#8212;&#8212;&#8212;&#8212;&#8212;&#8212;&#8212;&#8212;&#8212;&#8212;&#8212;&#8212;&#8212;&#8212;&#8212;&#8212;&#8212;&#8211;<\/p>\n<p style=\"text-align: justify;\"><span style=\"color: #000080;\">Mil Gracias!!!!!!!!!!!!! Elenita Linda, muy interesante\u00a0\ud83c\udf37<\/span><\/p>\n<p style=\"text-align: justify;\">&#8212;&#8212;&#8212;&#8212;&#8212;&#8212;&#8212;&#8212;&#8212;&#8212;&#8212;&#8212;&#8212;&#8212;&#8212;&#8212;&#8212;&#8212;&#8212;&#8212;&#8212;-<\/p>\n<p style=\"text-align: justify;\"><span style=\"color: #000080;\">Hola Elenita.<\/span><\/p>\n<p style=\"text-align: justify;\"><span style=\"color: #000080;\">Te ruego alcances a Francisco y Marita Leal, mis saludos.\u00a0<\/span><\/p>\n<p style=\"text-align: justify;\"><span style=\"color: #000080;\">Te felicito por el contenido de tu revista virtual.<\/span><\/p>\n<p style=\"text-align: justify;\"><span style=\"color: #000080;\">Es Justo<\/span><\/p>\n<p style=\"text-align: justify;\"><span style=\"color: #000080;\"> Justo Linares\u00a0<\/span><\/p>\n<p style=\"text-align: justify;\">&#8212;&#8212;&#8212;&#8212;&#8212;&#8212;&#8212;&#8212;&#8212;&#8212;&#8212;&#8212;&#8212;&#8212;&#8212;&#8212;&#8212;<\/p>\n<p style=\"text-align: justify;\"><span style=\"color: #000080;\">Buenas tardes Elena:<\/span><\/p>\n<p style=\"text-align: justify;\"><span style=\"color: #000080;\">Gracias por la informaci\u00f3n!<\/span><\/p>\n<p style=\"text-align: justify;\"><span style=\"color: #000080;\">Saludos,<\/span><\/p>\n<p style=\"text-align: justify;\"><span style=\"color: #000080;\">Andrea Seminario<\/span><\/p>\n<p>&#8212;&#8212;&#8212;&#8212;&#8212;&#8212;&#8212;&#8212;&#8212;&#8212;&#8212;&#8212;&#8212;-<\/p>\n","protected":false},"excerpt":{"rendered":"<p>Es muy f\u00e1cil decir gracias, pero en nuestro caso tiene un significado muy especial, ya que es muy dif\u00edcil que en este sociedad donde el tiempo nos gana y quisi\u00e9ramos que el d\u00eda tuviera 48 horas, el tomar unos minutos para enviarnos una l\u00ednea de agradecimiento por el envi\u00f3 de nuestro trabajo, es invalorable. Gracias a todos nuestros lectores que alguno de nuestros escritos lo copian y lo reenv\u00edan a su amigos, y nuestros representantes \u00a0en la red \u00a0que miles \u00a0\u00a0de veces no conocemos pero que reenv\u00edan nuestro semanarios a sus amigos, realmente es un honor. Mil gracias a todos&#8230;<\/p>\n","protected":false},"author":1,"featured_media":0,"comment_status":"open","ping_status":"open","sticky":false,"template":"","format":"standard","meta":{"footnotes":""},"categories":[97],"tags":[99,6132,749],"class_list":["post-35139","post","type-post","status-publish","format-standard","hentry","category-nos-escriben","tag-elenita-villar","tag-portal-de-noticias-turistamagazine","tag-turistamagazine"],"_links":{"self":[{"href":"https:\/\/www.turistamagazine.com\/v2\/index.php?rest_route=\/wp\/v2\/posts\/35139","targetHints":{"allow":["GET"]}}],"collection":[{"href":"https:\/\/www.turistamagazine.com\/v2\/index.php?rest_route=\/wp\/v2\/posts"}],"about":[{"href":"https:\/\/www.turistamagazine.com\/v2\/index.php?rest_route=\/wp\/v2\/types\/post"}],"author":[{"embeddable":true,"href":"https:\/\/www.turistamagazine.com\/v2\/index.php?rest_route=\/wp\/v2\/users\/1"}],"replies":[{"embeddable":true,"href":"https:\/\/www.turistamagazine.com\/v2\/index.php?rest_route=%2Fwp%2Fv2%2Fcomments&post=35139"}],"version-history":[{"count":3,"href":"https:\/\/www.turistamagazine.com\/v2\/index.php?rest_route=\/wp\/v2\/posts\/35139\/revisions"}],"predecessor-version":[{"id":35142,"href":"https:\/\/www.turistamagazine.com\/v2\/index.php?rest_route=\/wp\/v2\/posts\/35139\/revisions\/35142"}],"wp:attachment":[{"href":"https:\/\/www.turistamagazine.com\/v2\/index.php?rest_route=%2Fwp%2Fv2%2Fmedia&parent=35139"}],"wp:term":[{"taxonomy":"category","embeddable":true,"href":"https:\/\/www.turistamagazine.com\/v2\/index.php?rest_route=%2Fwp%2Fv2%2Fcategories&post=35139"},{"taxonomy":"post_tag","embeddable":true,"href":"https:\/\/www.turistamagazine.com\/v2\/index.php?rest_route=%2Fwp%2Fv2%2Ftags&post=35139"}],"curies":[{"name":"wp","href":"https:\/\/api.w.org\/{rel}","templated":true}]}}