{"id":34964,"date":"2018-05-23T17:38:15","date_gmt":"2018-05-23T22:38:15","guid":{"rendered":"http:\/\/www.turistamagazine.com\/v2\/?p=34964"},"modified":"2018-05-23T17:38:15","modified_gmt":"2018-05-23T22:38:15","slug":"mas-de-30-mil-visitantes-espera-expo-amazonica-2018-espera-mas-de-30-mil-visitantes-en-region-ucayali","status":"publish","type":"post","link":"https:\/\/www.turistamagazine.com\/v2\/?p=34964","title":{"rendered":"M\u00c1S\u00a0 DE 30 MIL VISITANTES ESPERA EXPO AMAZ\u00d3NICA 2018 ESPERA\u00a0 M\u00c1S DE 30 MIL VISITANTES EN REGI\u00d3N UCAYALI"},"content":{"rendered":"<p style=\"text-align: justify;\">23\/05\/2018\/LIMA.- El ministro de Comercio Exterior y Turismo, Roger Valencia, se\u00f1al\u00f3 que la feria Expo Amaz\u00f3nica 2018, que se desarrollar\u00e1 <span style=\"color: #000080;\"><strong><em>del 9 al 12 de agosto en Pucallpa (Ucayali<\/em><\/strong>), espera recibir a m\u00e1s de 30 mil visitantes, <strong><em>entre delegaciones de compradores internacionales y nacionales, exportadores, distribuidores, hoteles y restaurantes, operadores tur\u00edsticos y p\u00fablico en general.<\/em><\/strong><\/span><\/p>\n<p style=\"text-align: justify;\"><span style=\"color: #000080;\">\u201c<strong><em>Ellos tendr\u00e1n la oportunidad de apreciar la m\u00e1s completa oferta de productos agroindustriales, artesan\u00eda, turismo, maderas y sus manufacturas y degustar la gastronom\u00eda amaz\u00f3nica\u201d<\/em><\/strong>,<\/span> coment\u00f3.<\/p>\n<p style=\"text-align: justify;\">En ese sentido, el titular del Mincetur sostuvo que esta feria es una potente plataforma\u00a0 de negocios que promocionar\u00e1 las exportaciones, el turismo, las inversiones, la cultura y la gastronom\u00eda de la mancomunidad Amaz\u00f3nica.<\/p>\n<p style=\"text-align: justify;\"><strong><em><span style=\"color: #000080;\">\u201cLa Expo Amaz\u00f3nica es una gran oportunidad para posicionar a los Superalimentos del Per\u00fa como el sacha inchi, camu camu, aguaje, unguragui, copoazu, palmitos, azai, cocona, carambola, aj\u00edes amaz\u00f3nicos,\u00a0 paiche y gamitana, as\u00ed como nuestros productos bandera del Per\u00fa, el caf\u00e9 y el cacao, a los que se sumar\u00e1n los productos maderables y los art\u00edculos de regalo y decoraci\u00f3n\u201d<\/span>,<\/em><\/strong> se\u00f1al\u00f3.<\/p>\n<p style=\"text-align: justify;\">El ministro Valencia destac\u00f3 asimismo que la Expo Amaz\u00f3nica ser\u00e1 el inicio del plan de promoci\u00f3n de exportaci\u00f3n de productos maderables, elaborado por Promper\u00fa, el cual impulsar\u00e1 las exportaciones del sector. <strong><em><span style=\"color: #000080;\">\u201cEn el 2017 se export\u00f3 US$ 121 millones, y al 2021 esperamos duplicar las exportaciones del sector\u201d<\/span>,<\/em><\/strong> acot\u00f3.<\/p>\n<p style=\"text-align: justify;\">Cabe recordar que el evento contar\u00e1 con 400 stands de venta de productores de las regiones de Ucayali, Loreto, Amazonas, Madre de Dios, Hu\u00e1nuco, integrantes del Consejo Interregional de la Amazon\u00eda (CIAM). Tambi\u00e9n participar\u00e1n, en calidad de invitados, empresarios de Puno, Jun\u00edn, Pasco, Cusco, Ayacucho y Lima. Adem\u00e1s, pa\u00edses como Brasil, Colombia, Ecuador y China.<\/p>\n<p style=\"text-align: justify;\"><span style=\"color: #000080;\"><strong><em>IMPORTANTE<\/em><\/strong><\/span><\/p>\n<ul>\n<li style=\"text-align: justify;\">Expo Amaz\u00f3nica 2018 es un esfuerzo p\u00fablico-privado que pone en vitrina toda la diversidad y potencialidad de las regiones de nuestra Amazon\u00eda peruana, para generar negocios para su desarrollo y crecimiento sostenible.<\/li>\n<li style=\"text-align: justify;\">M\u00e1s de cuatro ministerios e instituciones p\u00fablicas participar\u00e1n a lo largo de las cuatro fechas del evento: La Macro Rueda de Negocios Expoamaz\u00f3nica, el Foro y la Rueda de Turismo (Mincetur), el Foro Amazonia Sostenible (Minam), la Plataformas de Servicio Tecnol\u00f3gico \u2013 Inn\u00f3vate Per\u00fa (Produce) y el apoyo para la participaci\u00f3n de los agricultores amaz\u00f3nicos en el evento (Minagri).<\/li>\n<\/ul>\n<p>&nbsp;<\/p>\n","protected":false},"excerpt":{"rendered":"<p>23\/05\/2018\/LIMA.- El ministro de Comercio Exterior y Turismo, Roger Valencia, se\u00f1al\u00f3 que la feria Expo Amaz\u00f3nica 2018, que se desarrollar\u00e1 del 9 al 12 de agosto en Pucallpa (Ucayali), espera recibir a m\u00e1s de 30 mil visitantes, entre delegaciones de compradores internacionales y nacionales, exportadores, distribuidores, hoteles y restaurantes, operadores tur\u00edsticos y p\u00fablico en general. \u201cEllos tendr\u00e1n la oportunidad de apreciar la m\u00e1s completa oferta de productos agroindustriales, artesan\u00eda, turismo, maderas y sus manufacturas y degustar la gastronom\u00eda amaz\u00f3nica\u201d, coment\u00f3. En ese sentido, el titular del Mincetur sostuvo que esta feria es una potente plataforma\u00a0 de negocios que promocionar\u00e1 las&#8230;<\/p>\n","protected":false},"author":1,"featured_media":34965,"comment_status":"open","ping_status":"open","sticky":false,"template":"","format":"standard","meta":{"footnotes":""},"categories":[4,82],"tags":[7471,6132,330,749],"class_list":["post-34964","post","type-post","status-publish","format-standard","has-post-thumbnail","hentry","category-breaking-news","category-nacionales","tag-elenita-villar-asesora-de-tesis-en-turismo","tag-portal-de-noticias-turistamagazine","tag-turismo-en-el-peru","tag-turistamagazine"],"_links":{"self":[{"href":"https:\/\/www.turistamagazine.com\/v2\/index.php?rest_route=\/wp\/v2\/posts\/34964","targetHints":{"allow":["GET"]}}],"collection":[{"href":"https:\/\/www.turistamagazine.com\/v2\/index.php?rest_route=\/wp\/v2\/posts"}],"about":[{"href":"https:\/\/www.turistamagazine.com\/v2\/index.php?rest_route=\/wp\/v2\/types\/post"}],"author":[{"embeddable":true,"href":"https:\/\/www.turistamagazine.com\/v2\/index.php?rest_route=\/wp\/v2\/users\/1"}],"replies":[{"embeddable":true,"href":"https:\/\/www.turistamagazine.com\/v2\/index.php?rest_route=%2Fwp%2Fv2%2Fcomments&post=34964"}],"version-history":[{"count":1,"href":"https:\/\/www.turistamagazine.com\/v2\/index.php?rest_route=\/wp\/v2\/posts\/34964\/revisions"}],"predecessor-version":[{"id":34966,"href":"https:\/\/www.turistamagazine.com\/v2\/index.php?rest_route=\/wp\/v2\/posts\/34964\/revisions\/34966"}],"wp:featuredmedia":[{"embeddable":true,"href":"https:\/\/www.turistamagazine.com\/v2\/index.php?rest_route=\/wp\/v2\/media\/34965"}],"wp:attachment":[{"href":"https:\/\/www.turistamagazine.com\/v2\/index.php?rest_route=%2Fwp%2Fv2%2Fmedia&parent=34964"}],"wp:term":[{"taxonomy":"category","embeddable":true,"href":"https:\/\/www.turistamagazine.com\/v2\/index.php?rest_route=%2Fwp%2Fv2%2Fcategories&post=34964"},{"taxonomy":"post_tag","embeddable":true,"href":"https:\/\/www.turistamagazine.com\/v2\/index.php?rest_route=%2Fwp%2Fv2%2Ftags&post=34964"}],"curies":[{"name":"wp","href":"https:\/\/api.w.org\/{rel}","templated":true}]}}