{"id":34865,"date":"2018-05-17T20:12:19","date_gmt":"2018-05-18T01:12:19","guid":{"rendered":"http:\/\/www.turistamagazine.com\/v2\/?p=34865"},"modified":"2018-05-17T20:12:19","modified_gmt":"2018-05-18T01:12:19","slug":"mincetur-invierte-s4-millones-para-fortalecer-turismo-en-valle-del-colca-en-arequipa","status":"publish","type":"post","link":"https:\/\/www.turistamagazine.com\/v2\/?p=34865","title":{"rendered":"MINCETUR INVIERTE\u00a0\u00a0 S\/4 MILLONES PARA FORTALECER\u00a0 TURISMO EN VALLE DEL COLCA EN AREQUIPA"},"content":{"rendered":"<p style=\"text-align: justify;\">17\/05\/ 2018\/ Arequipa.- El Ministerio de Comercio Exterior y Turismo (Mincetur) inaugur\u00f3 hoy, en el distrito de Chivay (regi\u00f3n Arequipa), un conjunto de obras que fortalecer\u00e1n el destino tur\u00edstico Valle del Colca. El proyecto cont\u00f3 con una inversi\u00f3n de S\/ 4 millones.<\/p>\n<p style=\"text-align: justify;\">El titular del Mincetur, Roger Valencia, destac\u00f3 que estas obras incluyen el embellecimiento de pistas y veredas alrededor de la Plaza de Armas de Chivay (punto de partida para la visita tur\u00edstica a dicha localidad). Tambi\u00e9n, la implementaci\u00f3n de un centro de interpretaci\u00f3n en el cual se expondr\u00e1 a los visitantes la riqueza geogr\u00e1fica, hist\u00f3rica y la cultura de las etnias Cabanas y Collaguas.<\/p>\n<p style=\"text-align: justify;\">Se ha considerado tambi\u00e9n la renovaci\u00f3n del conocido Ovalo El C\u00f3ndor, en donde se instal\u00f3 iluminaci\u00f3n para su visita nocturna. Adicionalmente, se implement\u00f3, en puntos estrat\u00e9gicos, se\u00f1al\u00e9tica para el guiado y ubicaci\u00f3n de los visitantes.<\/p>\n<p style=\"text-align: justify;\">El ministro Valencia se\u00f1al\u00f3 que estos trabajos fueron ejecutados por el Plan Copesco Nacional y beneficiar\u00e1 a un importante n\u00famero de turistas. Como se recuerda, solo en el 2017 arribaron 254,331 visitantes, entre nacionales y extranjeros, al Valle del Colca. Adem\u00e1s, en los primeros tres meses del presente a\u00f1o llegaron 57,923 turistas (creci\u00f3 58% en comparaci\u00f3n al 2017).<\/p>\n<p><a href=\"https:\/\/www.turistamagazine.com\/v2\/wp-content\/uploads\/2018\/05\/CENTRO-DE-INTERPRETACI\u00d3N1.jpg\"><img decoding=\"async\" class=\"wp-image-34867 aligncenter\" src=\"https:\/\/www.turistamagazine.com\/v2\/wp-content\/uploads\/2018\/05\/CENTRO-DE-INTERPRETACI\u00d3N1.jpg\" alt=\"\" width=\"600\" height=\"367\" srcset=\"https:\/\/www.turistamagazine.com\/v2\/wp-content\/uploads\/2018\/05\/CENTRO-DE-INTERPRETACI\u00d3N1.jpg 1075w, https:\/\/www.turistamagazine.com\/v2\/wp-content\/uploads\/2018\/05\/CENTRO-DE-INTERPRETACI\u00d3N1-300x183.jpg 300w, https:\/\/www.turistamagazine.com\/v2\/wp-content\/uploads\/2018\/05\/CENTRO-DE-INTERPRETACI\u00d3N1-768x469.jpg 768w, https:\/\/www.turistamagazine.com\/v2\/wp-content\/uploads\/2018\/05\/CENTRO-DE-INTERPRETACI\u00d3N1-1024x626.jpg 1024w, https:\/\/www.turistamagazine.com\/v2\/wp-content\/uploads\/2018\/05\/CENTRO-DE-INTERPRETACI\u00d3N1-687x420.jpg 687w, https:\/\/www.turistamagazine.com\/v2\/wp-content\/uploads\/2018\/05\/CENTRO-DE-INTERPRETACI\u00d3N1-610x373.jpg 610w\" sizes=\"(max-width: 600px) 100vw, 600px\" \/><\/a><\/p>\n<p style=\"text-align: justify;\"><strong><em><span style=\"color: #000080;\">\u201cContinuaremos contribuyendo en la mejora de la infraestructura tur\u00edstica en nuestro pa\u00eds. Es un trabajo constante que realizamos desde el Mincetur, pero sobre todo focalizado en realzar nuestros recursos y potenciar las bondades de las diferentes zonas del Per\u00fa. El gobierno tiene la firme convicci\u00f3n de incrementar el turismo y estamos abocados a ello\u201d<\/span><\/em><\/strong>, se\u00f1al\u00f3 el ministro Valencia.<\/p>\n<p style=\"text-align: justify;\"><span style=\"color: #000080;\"><strong>SOBRE EL VALLE DEL COLCA<\/strong><\/span><\/p>\n<p style=\"text-align: justify;\">Como se recuerda, el Valle del Colca es uno de los principales destinos tur\u00edsticos de la regi\u00f3n Arequipa. Ofrece a los visitantes bellos paisajes, gastronom\u00eda variada, actividades art\u00edsticas y culturales, turismo rural comunitario, entre otros.<\/p>\n<p style=\"text-align: justify;\">El valle posee una interesante diversidad de flora y fauna. As\u00ed, se encuentran, por ejemplo, el c\u00f3ndor, cern\u00edcalo, halc\u00f3n peregrino, la perdiz andina, picaflores, alpacas, vicu\u00f1as, venados y vizcachas. Tambi\u00e9n, diversas variedades de quinua, ma\u00edz, ollucos, papas, habas y dem\u00e1s.<\/p>\n<p style=\"text-align: justify;\"><span style=\"color: #000080;\"><strong>DATO<\/strong><\/span><\/p>\n<ul>\n<li style=\"text-align: justify;\">El distrito de Chivay se encuentra a 151 kil\u00f3metros de la ciudad de Arequipa (3 horas en auto y 3 horas y 30 minutos en bus p\u00fablico).<\/li>\n<\/ul>\n","protected":false},"excerpt":{"rendered":"<p>17\/05\/ 2018\/ Arequipa.- El Ministerio de Comercio Exterior y Turismo (Mincetur) inaugur\u00f3 hoy, en el distrito de Chivay (regi\u00f3n Arequipa), un conjunto de obras que fortalecer\u00e1n el destino tur\u00edstico Valle del Colca. El proyecto cont\u00f3 con una inversi\u00f3n de S\/ 4 millones. El titular del Mincetur, Roger Valencia, destac\u00f3 que estas obras incluyen el embellecimiento de pistas y veredas alrededor de la Plaza de Armas de Chivay (punto de partida para la visita tur\u00edstica a dicha localidad). Tambi\u00e9n, la implementaci\u00f3n de un centro de interpretaci\u00f3n en el cual se expondr\u00e1 a los visitantes la riqueza geogr\u00e1fica, hist\u00f3rica y la cultura&#8230;<\/p>\n","protected":false},"author":1,"featured_media":0,"comment_status":"open","ping_status":"open","sticky":false,"template":"","format":"standard","meta":{"footnotes":""},"categories":[4,82],"tags":[268,6132,6759,749,452],"class_list":["post-34865","post","type-post","status-publish","format-standard","hentry","category-breaking-news","category-nacionales","tag-arequipa","tag-portal-de-noticias-turistamagazine","tag-rogers-valencia","tag-turistamagazine","tag-valle-del-colca"],"_links":{"self":[{"href":"https:\/\/www.turistamagazine.com\/v2\/index.php?rest_route=\/wp\/v2\/posts\/34865","targetHints":{"allow":["GET"]}}],"collection":[{"href":"https:\/\/www.turistamagazine.com\/v2\/index.php?rest_route=\/wp\/v2\/posts"}],"about":[{"href":"https:\/\/www.turistamagazine.com\/v2\/index.php?rest_route=\/wp\/v2\/types\/post"}],"author":[{"embeddable":true,"href":"https:\/\/www.turistamagazine.com\/v2\/index.php?rest_route=\/wp\/v2\/users\/1"}],"replies":[{"embeddable":true,"href":"https:\/\/www.turistamagazine.com\/v2\/index.php?rest_route=%2Fwp%2Fv2%2Fcomments&post=34865"}],"version-history":[{"count":1,"href":"https:\/\/www.turistamagazine.com\/v2\/index.php?rest_route=\/wp\/v2\/posts\/34865\/revisions"}],"predecessor-version":[{"id":34868,"href":"https:\/\/www.turistamagazine.com\/v2\/index.php?rest_route=\/wp\/v2\/posts\/34865\/revisions\/34868"}],"wp:attachment":[{"href":"https:\/\/www.turistamagazine.com\/v2\/index.php?rest_route=%2Fwp%2Fv2%2Fmedia&parent=34865"}],"wp:term":[{"taxonomy":"category","embeddable":true,"href":"https:\/\/www.turistamagazine.com\/v2\/index.php?rest_route=%2Fwp%2Fv2%2Fcategories&post=34865"},{"taxonomy":"post_tag","embeddable":true,"href":"https:\/\/www.turistamagazine.com\/v2\/index.php?rest_route=%2Fwp%2Fv2%2Ftags&post=34865"}],"curies":[{"name":"wp","href":"https:\/\/api.w.org\/{rel}","templated":true}]}}