{"id":34725,"date":"2018-05-10T21:54:37","date_gmt":"2018-05-11T02:54:37","guid":{"rendered":"http:\/\/www.turistamagazine.com\/v2\/?p=34725"},"modified":"2018-05-10T21:54:37","modified_gmt":"2018-05-11T02:54:37","slug":"crowne-plaza-lima-estara-presente-en-festival-gastronomico-de-cartagena","status":"publish","type":"post","link":"https:\/\/www.turistamagazine.com\/v2\/?p=34725","title":{"rendered":"CROWNE PLAZA LIMA ESTAR\u00c1 PRESENTE EN FESTIVAL GASTRON\u00d3MICO DE CARTAGENA"},"content":{"rendered":"<p style=\"text-align: justify;\">10\/05\/2018\/Lima.-Gustavo Valc\u00e1rcel, Director de Alimentos y Bebidas y Jorge Chavarri, Chef del Crowne Plaza Lima han sido invitados por el hotel InterContinental de Cartagena (marca de lujo de la Corporaci\u00f3n hotelera mundial IHG), para participar del Festival Gastron\u00f3mico Peruano a realizarse del 15 al 31 de Mayo en el Restaurante \u00a0Kanu\u00fa.<\/p>\n<p style=\"text-align: justify;\">Este Festival Gastron\u00f3mico es realizado con el apoyo del Consulado de Per\u00fa en Cartagena, la l\u00ednea a\u00e9rea Avianca, Piscos Tacama, L.H.M, Badia, Vinos Aromo &amp; Grupo Plataforma.<\/p>\n<p style=\"text-align: justify;\">Esta ser\u00e1 una gran oportunidad para presentar a nuestros vecinos colombianos la mejor selecci\u00f3n de platos de nuestra gastronom\u00eda peruana durante el Mes de Mayo haciendo un recorrido por los sabores de la costa y sierra de nuestro pa\u00eds.<\/p>\n<div id=\"attachment_34727\" style=\"width: 610px\" class=\"wp-caption aligncenter\"><a href=\"https:\/\/www.turistamagazine.com\/v2\/wp-content\/uploads\/2018\/05\/20180509_125731_baja.jpg\"><img decoding=\"async\" aria-describedby=\"caption-attachment-34727\" class=\"wp-image-34727\" src=\"https:\/\/www.turistamagazine.com\/v2\/wp-content\/uploads\/2018\/05\/20180509_125731_baja.jpg\" alt=\"Pescado en costra de quinua con salsa de parihuela y arroz alverjado\" width=\"600\" height=\"338\" srcset=\"https:\/\/www.turistamagazine.com\/v2\/wp-content\/uploads\/2018\/05\/20180509_125731_baja.jpg 800w, https:\/\/www.turistamagazine.com\/v2\/wp-content\/uploads\/2018\/05\/20180509_125731_baja-300x169.jpg 300w, https:\/\/www.turistamagazine.com\/v2\/wp-content\/uploads\/2018\/05\/20180509_125731_baja-768x432.jpg 768w, https:\/\/www.turistamagazine.com\/v2\/wp-content\/uploads\/2018\/05\/20180509_125731_baja-480x270.jpg 480w, https:\/\/www.turistamagazine.com\/v2\/wp-content\/uploads\/2018\/05\/20180509_125731_baja-747x420.jpg 747w, https:\/\/www.turistamagazine.com\/v2\/wp-content\/uploads\/2018\/05\/20180509_125731_baja-610x343.jpg 610w\" sizes=\"(max-width: 600px) 100vw, 600px\" \/><\/a><p id=\"caption-attachment-34727\" class=\"wp-caption-text\"><em><span style=\"color: #000080;\">Pescado en costra de quinua con salsa de parihuela y arroz alverjado<\/span><\/em><\/p><\/div>\n<p style=\"text-align: justify;\">La inauguraci\u00f3n del Festival se dar\u00e1 el d\u00eda domingo en el marco de la celebraci\u00f3n del D\u00eda de la Madre con una presentaci\u00f3n de Almuerzo Buffet peruano.\u00a0 Paso seguido se manejar\u00e1 una propuesta de Men\u00fa especial a la carta para los horarios de almuerzo y cena con alternativas de platos a elegir entre entradas, fondos y postres.<\/p>\n<p style=\"text-align: justify;\">Buscando lograr una mayor interactividad con el p\u00fablico, se han fijado sesiones de Clases de Cocina Demostrativas para la comunidad.\u00a0 Se estima realizar entre 3 sesiones preparando en vivo algunas de las alternativas presentadas dentro del men\u00fa, donde se podr\u00e1 aprender y degustar a la vez descubriendo sabores nuevos.\u00a0 Toda una experiencia vivencial de car\u00e1cter internacional.<\/p>\n<div id=\"attachment_34728\" style=\"width: 610px\" class=\"wp-caption aligncenter\"><a href=\"https:\/\/www.turistamagazine.com\/v2\/wp-content\/uploads\/2018\/05\/20180509_131342_baja.jpg\"><img decoding=\"async\" aria-describedby=\"caption-attachment-34728\" class=\"wp-image-34728\" src=\"https:\/\/www.turistamagazine.com\/v2\/wp-content\/uploads\/2018\/05\/20180509_131342_baja.jpg\" alt=\"\" width=\"600\" height=\"338\" \/><\/a><p id=\"caption-attachment-34728\" class=\"wp-caption-text\"><em><span style=\"color: #003366;\">Deliciosa Causa lime\u00f1a<\/span><\/em><\/p><\/div>\n<p style=\"text-align: justify;\">Platos tradicionales como la Causa lime\u00f1a, el chupe de Mariscos, aj\u00ed de gallina no dejar\u00e1n de estar presentes, adem\u00e1s de alternativas como el tiradito de pescado bicolor, el pescado en costra de quinua con salsa de parihuela y arroz alverjado, el Cau Cau de mariscos, entre otros. Para postres se presentar\u00e1n los bombones de picar\u00f3n con miel de ca\u00f1a aromatizada con higo; crema volteada con frutos rojos, por citar s\u00f3lo algunos.<\/p>\n<p style=\"text-align: justify;\">A nivel de fondos, se combinar\u00e1 propuestas de carne, pollo, pescados y mariscos con opciones de platos representativos de nuestra costa y sierra peruana.\u00a0 No faltar\u00e1 el lomo saltado, el aj\u00ed de gallina, la malaya dorada con papas horneadas con salsa criolla, el seco de carne a la norte\u00f1a, el pescado a la chorillana, entre otros.<\/p>\n<p style=\"text-align: justify;\">Esta es una iniciativa desarrollada entre los\u00a0 hoteles de marcas bandera de la corporaci\u00f3n IHG para establecer sinergias y promover un intercambio cultural a trav\u00e9s de la gastronom\u00eda. Anteriormente el equipo tuvo oportunidad de participar en un Festival de Gastronom\u00eda peruana en Santo Domingo logrando cautivar a nuestros vecinos del Caribe.<\/p>\n<p style=\"text-align: right;\"><strong><em>Para mayor informaci\u00f3n comunicarse con:<\/em><\/strong><\/p>\n<p style=\"text-align: right;\"><em>Ninoscka Ybazeta, Directora de \u00a0Relaciones P\u00fablicas<\/em><\/p>\n<p style=\"text-align: right;\"><em>Hotel Crowne Plaza Lima -Telf. 6100700 anexo 7118<\/em><\/p>\n","protected":false},"excerpt":{"rendered":"<p>10\/05\/2018\/Lima.-Gustavo Valc\u00e1rcel, Director de Alimentos y Bebidas y Jorge Chavarri, Chef del Crowne Plaza Lima han sido invitados por el hotel InterContinental de Cartagena (marca de lujo de la Corporaci\u00f3n hotelera mundial IHG), para participar del Festival Gastron\u00f3mico Peruano a realizarse del 15 al 31 de Mayo en el Restaurante \u00a0Kanu\u00fa. Este Festival Gastron\u00f3mico es realizado con el apoyo del Consulado de Per\u00fa en Cartagena, la l\u00ednea a\u00e9rea Avianca, Piscos Tacama, L.H.M, Badia, Vinos Aromo &amp; Grupo Plataforma. Esta ser\u00e1 una gran oportunidad para presentar a nuestros vecinos colombianos la mejor selecci\u00f3n de platos de nuestra gastronom\u00eda peruana durante el&#8230;<\/p>\n","protected":false},"author":1,"featured_media":34726,"comment_status":"open","ping_status":"open","sticky":false,"template":"","format":"standard","meta":{"footnotes":""},"categories":[4,82],"tags":[8014,206,985,6132,749],"class_list":["post-34725","post","type-post","status-publish","format-standard","has-post-thumbnail","hentry","category-breaking-news","category-nacionales","tag-i-festival-gastronomico-del-peru-en-cartagena","tag-colombia","tag-gastronomia-peruana","tag-portal-de-noticias-turistamagazine","tag-turistamagazine"],"_links":{"self":[{"href":"https:\/\/www.turistamagazine.com\/v2\/index.php?rest_route=\/wp\/v2\/posts\/34725","targetHints":{"allow":["GET"]}}],"collection":[{"href":"https:\/\/www.turistamagazine.com\/v2\/index.php?rest_route=\/wp\/v2\/posts"}],"about":[{"href":"https:\/\/www.turistamagazine.com\/v2\/index.php?rest_route=\/wp\/v2\/types\/post"}],"author":[{"embeddable":true,"href":"https:\/\/www.turistamagazine.com\/v2\/index.php?rest_route=\/wp\/v2\/users\/1"}],"replies":[{"embeddable":true,"href":"https:\/\/www.turistamagazine.com\/v2\/index.php?rest_route=%2Fwp%2Fv2%2Fcomments&post=34725"}],"version-history":[{"count":1,"href":"https:\/\/www.turistamagazine.com\/v2\/index.php?rest_route=\/wp\/v2\/posts\/34725\/revisions"}],"predecessor-version":[{"id":34729,"href":"https:\/\/www.turistamagazine.com\/v2\/index.php?rest_route=\/wp\/v2\/posts\/34725\/revisions\/34729"}],"wp:featuredmedia":[{"embeddable":true,"href":"https:\/\/www.turistamagazine.com\/v2\/index.php?rest_route=\/wp\/v2\/media\/34726"}],"wp:attachment":[{"href":"https:\/\/www.turistamagazine.com\/v2\/index.php?rest_route=%2Fwp%2Fv2%2Fmedia&parent=34725"}],"wp:term":[{"taxonomy":"category","embeddable":true,"href":"https:\/\/www.turistamagazine.com\/v2\/index.php?rest_route=%2Fwp%2Fv2%2Fcategories&post=34725"},{"taxonomy":"post_tag","embeddable":true,"href":"https:\/\/www.turistamagazine.com\/v2\/index.php?rest_route=%2Fwp%2Fv2%2Ftags&post=34725"}],"curies":[{"name":"wp","href":"https:\/\/api.w.org\/{rel}","templated":true}]}}